{"id":23994,"date":"2025-10-28T15:00:47","date_gmt":"2025-10-28T13:00:47","guid":{"rendered":"https:\/\/www.zsk.olsztyn.pl\/przedszkole\/?p=23994"},"modified":"2025-10-28T15:00:47","modified_gmt":"2025-10-28T13:00:47","slug":"jesienne-przetwory","status":"publish","type":"post","link":"https:\/\/www.zsk.olsztyn.pl\/przedszkole\/jesienne-przetwory\/","title":{"rendered":"JESIENNE PRZETWORY"},"content":{"rendered":"<p>[vc_row][vc_column][vc_column_text]Sezon jesienny oznacza r\u00f3wnie\u017c sezon na przetwory! Dlatego grupa 6-latk\u00f3w wraz z rodzicami zakasa\u0142a r\u0119kawy i wzi\u0119\u0142a si\u0119 za kiszenie kapusty, pe\u0142nej witamin. Jak na warsztaty przysta\u0142o, najpierw by\u0142o troch\u0119 teorii a nast\u0119pnie praktyka, podczas kt\u00f3rej nie brakowa\u0142o \u015bmiechu i weso\u0142ej atmosfery.[\/vc_column_text][na_galerie_listing ids=&#8221;23995,23996,23997,23998,23999,24000,24001,24002,24003&#8243;][\/vc_column][\/vc_row]<\/p>\n","protected":false},"excerpt":{"rendered":"<p>[vc_row][vc_column][vc_column_text]Sezon jesienny oznacza r\u00f3wnie\u017c sezon na przetwory! Dlatego grupa 6-latk\u00f3w wraz z rodzicami zakasa\u0142a r\u0119kawy i wzi\u0119\u0142a si\u0119 za kiszenie kapusty, pe\u0142nej witamin. Jak na warsztaty przysta\u0142o, najpierw by\u0142o troch\u0119 teorii a nast\u0119pnie praktyka, podczas kt\u00f3rej nie brakowa\u0142o \u015bmiechu i weso\u0142ej atmosfery.[\/vc_column_text][na_galerie_listing ids=&#8221;23995,23996,23997,23998,23999,24000,24001,24002,24003&#8243;][\/vc_column][\/vc_row]<\/p>\n","protected":false},"author":1,"featured_media":24004,"comment_status":"closed","ping_status":"open","sticky":false,"template":"","format":"standard","meta":[],"categories":[264],"tags":[],"yoast_head":"<!-- This site is optimized with the Yoast SEO plugin v18.2 - https:\/\/yoast.com\/wordpress\/plugins\/seo\/ -->\n<title>JESIENNE PRZETWORY - Katolicki Zesp\u00f3\u0142 Edukacyjny - Niepubliczne przedszkole<\/title>\n<meta name=\"description\" content=\"Sezon jesienny oznacza r\u00f3wnie\u017c sezon na przetwory! Dlatego grupa 6-latk\u00f3w wraz z rodzicami zakasa\u0142a r\u0119kawy i wzi\u0119\u0142a si\u0119 za kiszenie kapusty, pe\u0142nej\" \/>\n<meta name=\"robots\" content=\"index, follow, max-snippet:-1, max-image-preview:large, max-video-preview:-1\" \/>\n<link rel=\"canonical\" href=\"https:\/\/www.zsk.olsztyn.pl\/przedszkole\/jesienne-przetwory\/\" \/>\n<meta name=\"twitter:label1\" content=\"Napisane przez\" \/>\n\t<meta name=\"twitter:data1\" content=\"admin\" \/>\n\t<meta name=\"twitter:label2\" content=\"Szacowany czas czytania\" \/>\n\t<meta name=\"twitter:data2\" content=\"1 minuta\" \/>\n<script type=\"application\/ld+json\" class=\"yoast-schema-graph\">{\"@context\":\"https:\/\/schema.org\",\"@graph\":[{\"@type\":\"WebSite\",\"@id\":\"https:\/\/www.zsk.olsztyn.pl\/przedszkole\/#website\",\"url\":\"https:\/\/www.zsk.olsztyn.pl\/przedszkole\/\",\"name\":\"Katolicki Zesp\u00f3\u0142 Edukacyjny - Niepubliczne przedszkole\",\"description\":\"Zapraszamy na stron\u0119 katolickiego niepublicznego przedszkola\",\"potentialAction\":[{\"@type\":\"SearchAction\",\"target\":{\"@type\":\"EntryPoint\",\"urlTemplate\":\"https:\/\/www.zsk.olsztyn.pl\/przedszkole\/?s={search_term_string}\"},\"query-input\":\"required name=search_term_string\"}],\"inLanguage\":\"pl-PL\"},{\"@type\":\"ImageObject\",\"@id\":\"https:\/\/www.zsk.olsztyn.pl\/przedszkole\/jesienne-przetwory\/#primaryimage\",\"inLanguage\":\"pl-PL\",\"url\":\"https:\/\/www.zsk.olsztyn.pl\/przedszkole\/wp-content\/uploads\/2025\/10\/depositphotos_251319894-stock-illustration-wooden-barrel-filled-with-fermented.webp\",\"contentUrl\":\"https:\/\/www.zsk.olsztyn.pl\/przedszkole\/wp-content\/uploads\/2025\/10\/depositphotos_251319894-stock-illustration-wooden-barrel-filled-with-fermented.webp\",\"width\":600,\"height\":600},{\"@type\":\"WebPage\",\"@id\":\"https:\/\/www.zsk.olsztyn.pl\/przedszkole\/jesienne-przetwory\/#webpage\",\"url\":\"https:\/\/www.zsk.olsztyn.pl\/przedszkole\/jesienne-przetwory\/\",\"name\":\"JESIENNE PRZETWORY - Katolicki Zesp\u00f3\u0142 Edukacyjny - Niepubliczne przedszkole\",\"isPartOf\":{\"@id\":\"https:\/\/www.zsk.olsztyn.pl\/przedszkole\/#website\"},\"primaryImageOfPage\":{\"@id\":\"https:\/\/www.zsk.olsztyn.pl\/przedszkole\/jesienne-przetwory\/#primaryimage\"},\"datePublished\":\"2025-10-28T13:00:47+00:00\",\"dateModified\":\"2025-10-28T13:00:47+00:00\",\"author\":{\"@id\":\"https:\/\/www.zsk.olsztyn.pl\/przedszkole\/#\/schema\/person\/d918f2da4f27cb7ded309fa67f4d415a\"},\"description\":\"Sezon jesienny oznacza r\u00f3wnie\u017c sezon na przetwory! Dlatego grupa 6-latk\u00f3w wraz z rodzicami zakasa\u0142a r\u0119kawy i wzi\u0119\u0142a si\u0119 za kiszenie kapusty, pe\u0142nej\",\"breadcrumb\":{\"@id\":\"https:\/\/www.zsk.olsztyn.pl\/przedszkole\/jesienne-przetwory\/#breadcrumb\"},\"inLanguage\":\"pl-PL\",\"potentialAction\":[{\"@type\":\"ReadAction\",\"target\":[\"https:\/\/www.zsk.olsztyn.pl\/przedszkole\/jesienne-przetwory\/\"]}]},{\"@type\":\"BreadcrumbList\",\"@id\":\"https:\/\/www.zsk.olsztyn.pl\/przedszkole\/jesienne-przetwory\/#breadcrumb\",\"itemListElement\":[{\"@type\":\"ListItem\",\"position\":1,\"name\":\"Strona g\u0142\u00f3wna\",\"item\":\"https:\/\/www.zsk.olsztyn.pl\/przedszkole\/\"},{\"@type\":\"ListItem\",\"position\":2,\"name\":\"JESIENNE PRZETWORY\"}]},{\"@type\":\"Person\",\"@id\":\"https:\/\/www.zsk.olsztyn.pl\/przedszkole\/#\/schema\/person\/d918f2da4f27cb7ded309fa67f4d415a\",\"name\":\"admin\",\"image\":{\"@type\":\"ImageObject\",\"@id\":\"https:\/\/www.zsk.olsztyn.pl\/przedszkole\/#personlogo\",\"inLanguage\":\"pl-PL\",\"url\":\"https:\/\/secure.gravatar.com\/avatar\/4677eccc26cd593f3306dd9613f7e9c7?s=96&d=mm&r=g\",\"contentUrl\":\"https:\/\/secure.gravatar.com\/avatar\/4677eccc26cd593f3306dd9613f7e9c7?s=96&d=mm&r=g\",\"caption\":\"admin\"},\"url\":\"https:\/\/www.zsk.olsztyn.pl\/przedszkole\/author\/admin\/\"}]}<\/script>\n<!-- \/ Yoast SEO plugin. -->","yoast_head_json":{"title":"JESIENNE PRZETWORY - Katolicki Zesp\u00f3\u0142 Edukacyjny - Niepubliczne przedszkole","description":"Sezon jesienny oznacza r\u00f3wnie\u017c sezon na przetwory! Dlatego grupa 6-latk\u00f3w wraz z rodzicami zakasa\u0142a r\u0119kawy i wzi\u0119\u0142a si\u0119 za kiszenie kapusty, pe\u0142nej","robots":{"index":"index","follow":"follow","max-snippet":"max-snippet:-1","max-image-preview":"max-image-preview:large","max-video-preview":"max-video-preview:-1"},"canonical":"https:\/\/www.zsk.olsztyn.pl\/przedszkole\/jesienne-przetwory\/","twitter_misc":{"Napisane przez":"admin","Szacowany czas czytania":"1 minuta"},"schema":{"@context":"https:\/\/schema.org","@graph":[{"@type":"WebSite","@id":"https:\/\/www.zsk.olsztyn.pl\/przedszkole\/#website","url":"https:\/\/www.zsk.olsztyn.pl\/przedszkole\/","name":"Katolicki Zesp\u00f3\u0142 Edukacyjny - Niepubliczne przedszkole","description":"Zapraszamy na stron\u0119 katolickiego niepublicznego przedszkola","potentialAction":[{"@type":"SearchAction","target":{"@type":"EntryPoint","urlTemplate":"https:\/\/www.zsk.olsztyn.pl\/przedszkole\/?s={search_term_string}"},"query-input":"required name=search_term_string"}],"inLanguage":"pl-PL"},{"@type":"ImageObject","@id":"https:\/\/www.zsk.olsztyn.pl\/przedszkole\/jesienne-przetwory\/#primaryimage","inLanguage":"pl-PL","url":"https:\/\/www.zsk.olsztyn.pl\/przedszkole\/wp-content\/uploads\/2025\/10\/depositphotos_251319894-stock-illustration-wooden-barrel-filled-with-fermented.webp","contentUrl":"https:\/\/www.zsk.olsztyn.pl\/przedszkole\/wp-content\/uploads\/2025\/10\/depositphotos_251319894-stock-illustration-wooden-barrel-filled-with-fermented.webp","width":600,"height":600},{"@type":"WebPage","@id":"https:\/\/www.zsk.olsztyn.pl\/przedszkole\/jesienne-przetwory\/#webpage","url":"https:\/\/www.zsk.olsztyn.pl\/przedszkole\/jesienne-przetwory\/","name":"JESIENNE PRZETWORY - Katolicki Zesp\u00f3\u0142 Edukacyjny - Niepubliczne przedszkole","isPartOf":{"@id":"https:\/\/www.zsk.olsztyn.pl\/przedszkole\/#website"},"primaryImageOfPage":{"@id":"https:\/\/www.zsk.olsztyn.pl\/przedszkole\/jesienne-przetwory\/#primaryimage"},"datePublished":"2025-10-28T13:00:47+00:00","dateModified":"2025-10-28T13:00:47+00:00","author":{"@id":"https:\/\/www.zsk.olsztyn.pl\/przedszkole\/#\/schema\/person\/d918f2da4f27cb7ded309fa67f4d415a"},"description":"Sezon jesienny oznacza r\u00f3wnie\u017c sezon na przetwory! Dlatego grupa 6-latk\u00f3w wraz z rodzicami zakasa\u0142a r\u0119kawy i wzi\u0119\u0142a si\u0119 za kiszenie kapusty, pe\u0142nej","breadcrumb":{"@id":"https:\/\/www.zsk.olsztyn.pl\/przedszkole\/jesienne-przetwory\/#breadcrumb"},"inLanguage":"pl-PL","potentialAction":[{"@type":"ReadAction","target":["https:\/\/www.zsk.olsztyn.pl\/przedszkole\/jesienne-przetwory\/"]}]},{"@type":"BreadcrumbList","@id":"https:\/\/www.zsk.olsztyn.pl\/przedszkole\/jesienne-przetwory\/#breadcrumb","itemListElement":[{"@type":"ListItem","position":1,"name":"Strona g\u0142\u00f3wna","item":"https:\/\/www.zsk.olsztyn.pl\/przedszkole\/"},{"@type":"ListItem","position":2,"name":"JESIENNE PRZETWORY"}]},{"@type":"Person","@id":"https:\/\/www.zsk.olsztyn.pl\/przedszkole\/#\/schema\/person\/d918f2da4f27cb7ded309fa67f4d415a","name":"admin","image":{"@type":"ImageObject","@id":"https:\/\/www.zsk.olsztyn.pl\/przedszkole\/#personlogo","inLanguage":"pl-PL","url":"https:\/\/secure.gravatar.com\/avatar\/4677eccc26cd593f3306dd9613f7e9c7?s=96&d=mm&r=g","contentUrl":"https:\/\/secure.gravatar.com\/avatar\/4677eccc26cd593f3306dd9613f7e9c7?s=96&d=mm&r=g","caption":"admin"},"url":"https:\/\/www.zsk.olsztyn.pl\/przedszkole\/author\/admin\/"}]}},"_links":{"self":[{"href":"https:\/\/www.zsk.olsztyn.pl\/przedszkole\/wp-json\/wp\/v2\/posts\/23994"}],"collection":[{"href":"https:\/\/www.zsk.olsztyn.pl\/przedszkole\/wp-json\/wp\/v2\/posts"}],"about":[{"href":"https:\/\/www.zsk.olsztyn.pl\/przedszkole\/wp-json\/wp\/v2\/types\/post"}],"author":[{"embeddable":true,"href":"https:\/\/www.zsk.olsztyn.pl\/przedszkole\/wp-json\/wp\/v2\/users\/1"}],"replies":[{"embeddable":true,"href":"https:\/\/www.zsk.olsztyn.pl\/przedszkole\/wp-json\/wp\/v2\/comments?post=23994"}],"version-history":[{"count":1,"href":"https:\/\/www.zsk.olsztyn.pl\/przedszkole\/wp-json\/wp\/v2\/posts\/23994\/revisions"}],"predecessor-version":[{"id":24005,"href":"https:\/\/www.zsk.olsztyn.pl\/przedszkole\/wp-json\/wp\/v2\/posts\/23994\/revisions\/24005"}],"wp:featuredmedia":[{"embeddable":true,"href":"https:\/\/www.zsk.olsztyn.pl\/przedszkole\/wp-json\/wp\/v2\/media\/24004"}],"wp:attachment":[{"href":"https:\/\/www.zsk.olsztyn.pl\/przedszkole\/wp-json\/wp\/v2\/media?parent=23994"}],"wp:term":[{"taxonomy":"category","embeddable":true,"href":"https:\/\/www.zsk.olsztyn.pl\/przedszkole\/wp-json\/wp\/v2\/categories?post=23994"},{"taxonomy":"post_tag","embeddable":true,"href":"https:\/\/www.zsk.olsztyn.pl\/przedszkole\/wp-json\/wp\/v2\/tags?post=23994"}],"curies":[{"name":"wp","href":"https:\/\/api.w.org\/{rel}","templated":true}]}}