{"id":23189,"date":"2025-04-08T09:43:22","date_gmt":"2025-04-08T07:43:22","guid":{"rendered":"https:\/\/www.zsk.olsztyn.pl\/przedszkole\/?p=23189"},"modified":"2025-04-08T09:44:56","modified_gmt":"2025-04-08T07:44:56","slug":"23189-2","status":"publish","type":"post","link":"https:\/\/www.zsk.olsztyn.pl\/przedszkole\/23189-2\/","title":{"rendered":"DZIE\u0143 MARCHEWKI W 3 LATKACH"},"content":{"rendered":"<p>[vc_row][vc_column][vc_column_text]Dnia 4.04.2025 roku 3-latki \u015bwi\u0119towa\u0142y Dzie\u0144 Marchewki. Dzieci rozpocz\u0119\u0142y dzie\u0144 od wys\u0142uchania wiersza \u201eNa marchewki urodziny\u201d wprowadzaj\u0105cego do tematu zaj\u0119\u0107. Nast\u0119pnie bra\u0142y udzia\u0142 w przygotowaniu przepysznego i bardzo zdrowego soku z marchewki, a tak\u017ce wykona\u0142y prac\u0119 plastyczn\u0105 z\u2026 marchewk\u0105, chrupa\u0142y marchewki na drugie \u015bniadanie, a na podwieczorek zajada\u0142y si\u0119 pysznym ciastem marchewkowym. To by\u0142 bardzo smakowity dzie\u0144. [\/vc_column_text][na_galerie_listing ids=&#8221;23190,23191,23192,23193,23194&#8243;][\/vc_column][\/vc_row]<\/p>\n","protected":false},"excerpt":{"rendered":"<p>[vc_row][vc_column][vc_column_text]Dnia 4.04.2025 roku 3-latki \u015bwi\u0119towa\u0142y Dzie\u0144 Marchewki. Dzieci rozpocz\u0119\u0142y dzie\u0144 od wys\u0142uchania wiersza \u201eNa marchewki urodziny\u201d wprowadzaj\u0105cego do tematu zaj\u0119\u0107. Nast\u0119pnie bra\u0142y udzia\u0142 w przygotowaniu przepysznego i bardzo zdrowego soku z marchewki, a tak\u017ce wykona\u0142y prac\u0119 plastyczn\u0105 z\u2026 marchewk\u0105, chrupa\u0142y marchewki na drugie \u015bniadanie, a na podwieczorek zajada\u0142y si\u0119 pysznym ciastem marchewkowym. To by\u0142 bardzo<\/p>\n","protected":false},"author":1,"featured_media":23197,"comment_status":"closed","ping_status":"open","sticky":false,"template":"","format":"standard","meta":[],"categories":[239],"tags":[],"yoast_head":"<!-- This site is optimized with the Yoast SEO plugin v18.2 - https:\/\/yoast.com\/wordpress\/plugins\/seo\/ -->\n<title>DZIE\u0143 MARCHEWKI W 3 LATKACH - Katolicki Zesp\u00f3\u0142 Edukacyjny - Niepubliczne przedszkole<\/title>\n<meta name=\"description\" content=\"Dnia 4.04.2025 roku 3-latki \u015bwi\u0119towa\u0142y Dzie\u0144 Marchewki. Dzieci rozpocz\u0119\u0142y dzie\u0144 od wys\u0142uchania wiersza \u201eNa marchewki urodziny\u201d wprowadzaj\u0105cego do tematu\" \/>\n<meta name=\"robots\" content=\"index, follow, max-snippet:-1, max-image-preview:large, max-video-preview:-1\" \/>\n<link rel=\"canonical\" href=\"https:\/\/www.zsk.olsztyn.pl\/przedszkole\/23189-2\/\" \/>\n<meta name=\"twitter:label1\" content=\"Napisane przez\" \/>\n\t<meta name=\"twitter:data1\" content=\"admin\" \/>\n\t<meta name=\"twitter:label2\" content=\"Szacowany czas czytania\" \/>\n\t<meta name=\"twitter:data2\" content=\"1 minuta\" \/>\n<script type=\"application\/ld+json\" class=\"yoast-schema-graph\">{\"@context\":\"https:\/\/schema.org\",\"@graph\":[{\"@type\":\"WebSite\",\"@id\":\"https:\/\/www.zsk.olsztyn.pl\/przedszkole\/#website\",\"url\":\"https:\/\/www.zsk.olsztyn.pl\/przedszkole\/\",\"name\":\"Katolicki Zesp\u00f3\u0142 Edukacyjny - Niepubliczne przedszkole\",\"description\":\"Zapraszamy na stron\u0119 katolickiego niepublicznego przedszkola\",\"potentialAction\":[{\"@type\":\"SearchAction\",\"target\":{\"@type\":\"EntryPoint\",\"urlTemplate\":\"https:\/\/www.zsk.olsztyn.pl\/przedszkole\/?s={search_term_string}\"},\"query-input\":\"required name=search_term_string\"}],\"inLanguage\":\"pl-PL\"},{\"@type\":\"ImageObject\",\"@id\":\"https:\/\/www.zsk.olsztyn.pl\/przedszkole\/23189-2\/#primaryimage\",\"inLanguage\":\"pl-PL\",\"url\":\"https:\/\/www.zsk.olsztyn.pl\/przedszkole\/wp-content\/uploads\/2025\/04\/19105.png\",\"contentUrl\":\"https:\/\/www.zsk.olsztyn.pl\/przedszkole\/wp-content\/uploads\/2025\/04\/19105.png\",\"width\":861,\"height\":992},{\"@type\":\"WebPage\",\"@id\":\"https:\/\/www.zsk.olsztyn.pl\/przedszkole\/23189-2\/#webpage\",\"url\":\"https:\/\/www.zsk.olsztyn.pl\/przedszkole\/23189-2\/\",\"name\":\"DZIE\u0143 MARCHEWKI W 3 LATKACH - Katolicki Zesp\u00f3\u0142 Edukacyjny - Niepubliczne przedszkole\",\"isPartOf\":{\"@id\":\"https:\/\/www.zsk.olsztyn.pl\/przedszkole\/#website\"},\"primaryImageOfPage\":{\"@id\":\"https:\/\/www.zsk.olsztyn.pl\/przedszkole\/23189-2\/#primaryimage\"},\"datePublished\":\"2025-04-08T07:43:22+00:00\",\"dateModified\":\"2025-04-08T07:44:56+00:00\",\"author\":{\"@id\":\"https:\/\/www.zsk.olsztyn.pl\/przedszkole\/#\/schema\/person\/d918f2da4f27cb7ded309fa67f4d415a\"},\"description\":\"Dnia 4.04.2025 roku 3-latki \u015bwi\u0119towa\u0142y Dzie\u0144 Marchewki. Dzieci rozpocz\u0119\u0142y dzie\u0144 od wys\u0142uchania wiersza \u201eNa marchewki urodziny\u201d wprowadzaj\u0105cego do tematu\",\"breadcrumb\":{\"@id\":\"https:\/\/www.zsk.olsztyn.pl\/przedszkole\/23189-2\/#breadcrumb\"},\"inLanguage\":\"pl-PL\",\"potentialAction\":[{\"@type\":\"ReadAction\",\"target\":[\"https:\/\/www.zsk.olsztyn.pl\/przedszkole\/23189-2\/\"]}]},{\"@type\":\"BreadcrumbList\",\"@id\":\"https:\/\/www.zsk.olsztyn.pl\/przedszkole\/23189-2\/#breadcrumb\",\"itemListElement\":[{\"@type\":\"ListItem\",\"position\":1,\"name\":\"Strona g\u0142\u00f3wna\",\"item\":\"https:\/\/www.zsk.olsztyn.pl\/przedszkole\/\"},{\"@type\":\"ListItem\",\"position\":2,\"name\":\"DZIE\u0143 MARCHEWKI W 3 LATKACH\"}]},{\"@type\":\"Person\",\"@id\":\"https:\/\/www.zsk.olsztyn.pl\/przedszkole\/#\/schema\/person\/d918f2da4f27cb7ded309fa67f4d415a\",\"name\":\"admin\",\"image\":{\"@type\":\"ImageObject\",\"@id\":\"https:\/\/www.zsk.olsztyn.pl\/przedszkole\/#personlogo\",\"inLanguage\":\"pl-PL\",\"url\":\"https:\/\/secure.gravatar.com\/avatar\/4677eccc26cd593f3306dd9613f7e9c7?s=96&d=mm&r=g\",\"contentUrl\":\"https:\/\/secure.gravatar.com\/avatar\/4677eccc26cd593f3306dd9613f7e9c7?s=96&d=mm&r=g\",\"caption\":\"admin\"},\"url\":\"https:\/\/www.zsk.olsztyn.pl\/przedszkole\/author\/admin\/\"}]}<\/script>\n<!-- \/ Yoast SEO plugin. -->","yoast_head_json":{"title":"DZIE\u0143 MARCHEWKI W 3 LATKACH - Katolicki Zesp\u00f3\u0142 Edukacyjny - Niepubliczne przedszkole","description":"Dnia 4.04.2025 roku 3-latki \u015bwi\u0119towa\u0142y Dzie\u0144 Marchewki. Dzieci rozpocz\u0119\u0142y dzie\u0144 od wys\u0142uchania wiersza \u201eNa marchewki urodziny\u201d wprowadzaj\u0105cego do tematu","robots":{"index":"index","follow":"follow","max-snippet":"max-snippet:-1","max-image-preview":"max-image-preview:large","max-video-preview":"max-video-preview:-1"},"canonical":"https:\/\/www.zsk.olsztyn.pl\/przedszkole\/23189-2\/","twitter_misc":{"Napisane przez":"admin","Szacowany czas czytania":"1 minuta"},"schema":{"@context":"https:\/\/schema.org","@graph":[{"@type":"WebSite","@id":"https:\/\/www.zsk.olsztyn.pl\/przedszkole\/#website","url":"https:\/\/www.zsk.olsztyn.pl\/przedszkole\/","name":"Katolicki Zesp\u00f3\u0142 Edukacyjny - Niepubliczne przedszkole","description":"Zapraszamy na stron\u0119 katolickiego niepublicznego przedszkola","potentialAction":[{"@type":"SearchAction","target":{"@type":"EntryPoint","urlTemplate":"https:\/\/www.zsk.olsztyn.pl\/przedszkole\/?s={search_term_string}"},"query-input":"required name=search_term_string"}],"inLanguage":"pl-PL"},{"@type":"ImageObject","@id":"https:\/\/www.zsk.olsztyn.pl\/przedszkole\/23189-2\/#primaryimage","inLanguage":"pl-PL","url":"https:\/\/www.zsk.olsztyn.pl\/przedszkole\/wp-content\/uploads\/2025\/04\/19105.png","contentUrl":"https:\/\/www.zsk.olsztyn.pl\/przedszkole\/wp-content\/uploads\/2025\/04\/19105.png","width":861,"height":992},{"@type":"WebPage","@id":"https:\/\/www.zsk.olsztyn.pl\/przedszkole\/23189-2\/#webpage","url":"https:\/\/www.zsk.olsztyn.pl\/przedszkole\/23189-2\/","name":"DZIE\u0143 MARCHEWKI W 3 LATKACH - Katolicki Zesp\u00f3\u0142 Edukacyjny - Niepubliczne przedszkole","isPartOf":{"@id":"https:\/\/www.zsk.olsztyn.pl\/przedszkole\/#website"},"primaryImageOfPage":{"@id":"https:\/\/www.zsk.olsztyn.pl\/przedszkole\/23189-2\/#primaryimage"},"datePublished":"2025-04-08T07:43:22+00:00","dateModified":"2025-04-08T07:44:56+00:00","author":{"@id":"https:\/\/www.zsk.olsztyn.pl\/przedszkole\/#\/schema\/person\/d918f2da4f27cb7ded309fa67f4d415a"},"description":"Dnia 4.04.2025 roku 3-latki \u015bwi\u0119towa\u0142y Dzie\u0144 Marchewki. Dzieci rozpocz\u0119\u0142y dzie\u0144 od wys\u0142uchania wiersza \u201eNa marchewki urodziny\u201d wprowadzaj\u0105cego do tematu","breadcrumb":{"@id":"https:\/\/www.zsk.olsztyn.pl\/przedszkole\/23189-2\/#breadcrumb"},"inLanguage":"pl-PL","potentialAction":[{"@type":"ReadAction","target":["https:\/\/www.zsk.olsztyn.pl\/przedszkole\/23189-2\/"]}]},{"@type":"BreadcrumbList","@id":"https:\/\/www.zsk.olsztyn.pl\/przedszkole\/23189-2\/#breadcrumb","itemListElement":[{"@type":"ListItem","position":1,"name":"Strona g\u0142\u00f3wna","item":"https:\/\/www.zsk.olsztyn.pl\/przedszkole\/"},{"@type":"ListItem","position":2,"name":"DZIE\u0143 MARCHEWKI W 3 LATKACH"}]},{"@type":"Person","@id":"https:\/\/www.zsk.olsztyn.pl\/przedszkole\/#\/schema\/person\/d918f2da4f27cb7ded309fa67f4d415a","name":"admin","image":{"@type":"ImageObject","@id":"https:\/\/www.zsk.olsztyn.pl\/przedszkole\/#personlogo","inLanguage":"pl-PL","url":"https:\/\/secure.gravatar.com\/avatar\/4677eccc26cd593f3306dd9613f7e9c7?s=96&d=mm&r=g","contentUrl":"https:\/\/secure.gravatar.com\/avatar\/4677eccc26cd593f3306dd9613f7e9c7?s=96&d=mm&r=g","caption":"admin"},"url":"https:\/\/www.zsk.olsztyn.pl\/przedszkole\/author\/admin\/"}]}},"_links":{"self":[{"href":"https:\/\/www.zsk.olsztyn.pl\/przedszkole\/wp-json\/wp\/v2\/posts\/23189"}],"collection":[{"href":"https:\/\/www.zsk.olsztyn.pl\/przedszkole\/wp-json\/wp\/v2\/posts"}],"about":[{"href":"https:\/\/www.zsk.olsztyn.pl\/przedszkole\/wp-json\/wp\/v2\/types\/post"}],"author":[{"embeddable":true,"href":"https:\/\/www.zsk.olsztyn.pl\/przedszkole\/wp-json\/wp\/v2\/users\/1"}],"replies":[{"embeddable":true,"href":"https:\/\/www.zsk.olsztyn.pl\/przedszkole\/wp-json\/wp\/v2\/comments?post=23189"}],"version-history":[{"count":2,"href":"https:\/\/www.zsk.olsztyn.pl\/przedszkole\/wp-json\/wp\/v2\/posts\/23189\/revisions"}],"predecessor-version":[{"id":23198,"href":"https:\/\/www.zsk.olsztyn.pl\/przedszkole\/wp-json\/wp\/v2\/posts\/23189\/revisions\/23198"}],"wp:featuredmedia":[{"embeddable":true,"href":"https:\/\/www.zsk.olsztyn.pl\/przedszkole\/wp-json\/wp\/v2\/media\/23197"}],"wp:attachment":[{"href":"https:\/\/www.zsk.olsztyn.pl\/przedszkole\/wp-json\/wp\/v2\/media?parent=23189"}],"wp:term":[{"taxonomy":"category","embeddable":true,"href":"https:\/\/www.zsk.olsztyn.pl\/przedszkole\/wp-json\/wp\/v2\/categories?post=23189"},{"taxonomy":"post_tag","embeddable":true,"href":"https:\/\/www.zsk.olsztyn.pl\/przedszkole\/wp-json\/wp\/v2\/tags?post=23189"}],"curies":[{"name":"wp","href":"https:\/\/api.w.org\/{rel}","templated":true}]}}