{"id":22880,"date":"2025-02-18T11:03:17","date_gmt":"2025-02-18T09:03:17","guid":{"rendered":"https:\/\/www.zsk.olsztyn.pl\/przedszkole\/?p=22880"},"modified":"2025-02-18T11:03:17","modified_gmt":"2025-02-18T09:03:17","slug":"cichy-przyjaciel-w-grupie-6-latkow","status":"publish","type":"post","link":"https:\/\/www.zsk.olsztyn.pl\/przedszkole\/cichy-przyjaciel-w-grupie-6-latkow\/","title":{"rendered":"CICHY PRZYJACIEL W GRUPIE 6 LATK\u00d3W"},"content":{"rendered":"<p>[vc_row][vc_column][vc_column_text]14 lutego obchodzili\u015bmy Dzie\u0144 Cichego Przyjaciela. Dzieci mia\u0142y okazj\u0119 okaza\u0107 dobie wzajemnie \u017cyczliwo\u015b\u0107, przygotowuj\u0105c karteczki dla innych. \u015awi\u0105teczna poczta sprawi\u0142a, \u017ce ka\u017cdy z napi\u0119ciem oczekiwa\u0142 na serduszka od cichych przyjaci\u00f3\u0142. Ka\u017cde dziecko zosta\u0142o obdarowane, a dzi\u0119ki tej uroczysto\u015bci mogli\u015bmy sobie przypomnie\u0107, \u017ce ma\u0142e gesty maj\u0105 nieraz wielk\u0105 moc.[\/vc_column_text][na_galerie_listing ids=&#8221;22881,22882&#8243;][\/vc_column][\/vc_row]<\/p>\n","protected":false},"excerpt":{"rendered":"<p>[vc_row][vc_column][vc_column_text]14 lutego obchodzili\u015bmy Dzie\u0144 Cichego Przyjaciela. Dzieci mia\u0142y okazj\u0119 okaza\u0107 dobie wzajemnie \u017cyczliwo\u015b\u0107, przygotowuj\u0105c karteczki dla innych. \u015awi\u0105teczna poczta sprawi\u0142a, \u017ce ka\u017cdy z napi\u0119ciem oczekiwa\u0142 na serduszka od cichych przyjaci\u00f3\u0142. Ka\u017cde dziecko zosta\u0142o obdarowane, a dzi\u0119ki tej uroczysto\u015bci mogli\u015bmy sobie przypomnie\u0107, \u017ce ma\u0142e gesty maj\u0105 nieraz wielk\u0105 moc.[\/vc_column_text][na_galerie_listing ids=&#8221;22881,22882&#8243;][\/vc_column][\/vc_row]<\/p>\n","protected":false},"author":1,"featured_media":22883,"comment_status":"closed","ping_status":"open","sticky":false,"template":"","format":"standard","meta":[],"categories":[242],"tags":[],"yoast_head":"<!-- This site is optimized with the Yoast SEO plugin v18.2 - https:\/\/yoast.com\/wordpress\/plugins\/seo\/ -->\n<title>CICHY PRZYJACIEL W GRUPIE 6 LATK\u00d3W - Katolicki Zesp\u00f3\u0142 Edukacyjny - Niepubliczne przedszkole<\/title>\n<meta name=\"description\" content=\"14 lutego obchodzili\u015bmy Dzie\u0144 Cichego Przyjaciela. Dzieci mia\u0142y okazj\u0119 okaza\u0107 dobie wzajemnie \u017cyczliwo\u015b\u0107, przygotowuj\u0105c karteczki dla innych. \u015awi\u0105teczna\" \/>\n<meta name=\"robots\" content=\"index, follow, max-snippet:-1, max-image-preview:large, max-video-preview:-1\" \/>\n<link rel=\"canonical\" href=\"https:\/\/www.zsk.olsztyn.pl\/przedszkole\/cichy-przyjaciel-w-grupie-6-latkow\/\" \/>\n<meta name=\"twitter:label1\" content=\"Napisane przez\" \/>\n\t<meta name=\"twitter:data1\" content=\"admin\" \/>\n\t<meta name=\"twitter:label2\" content=\"Szacowany czas czytania\" \/>\n\t<meta name=\"twitter:data2\" content=\"1 minuta\" \/>\n<script type=\"application\/ld+json\" class=\"yoast-schema-graph\">{\"@context\":\"https:\/\/schema.org\",\"@graph\":[{\"@type\":\"WebSite\",\"@id\":\"https:\/\/www.zsk.olsztyn.pl\/przedszkole\/#website\",\"url\":\"https:\/\/www.zsk.olsztyn.pl\/przedszkole\/\",\"name\":\"Katolicki Zesp\u00f3\u0142 Edukacyjny - Niepubliczne przedszkole\",\"description\":\"Zapraszamy na stron\u0119 katolickiego niepublicznego przedszkola\",\"potentialAction\":[{\"@type\":\"SearchAction\",\"target\":{\"@type\":\"EntryPoint\",\"urlTemplate\":\"https:\/\/www.zsk.olsztyn.pl\/przedszkole\/?s={search_term_string}\"},\"query-input\":\"required name=search_term_string\"}],\"inLanguage\":\"pl-PL\"},{\"@type\":\"ImageObject\",\"@id\":\"https:\/\/www.zsk.olsztyn.pl\/przedszkole\/cichy-przyjaciel-w-grupie-6-latkow\/#primaryimage\",\"inLanguage\":\"pl-PL\",\"url\":\"https:\/\/www.zsk.olsztyn.pl\/przedszkole\/wp-content\/uploads\/2025\/02\/unnamed-2.jpg\",\"contentUrl\":\"https:\/\/www.zsk.olsztyn.pl\/przedszkole\/wp-content\/uploads\/2025\/02\/unnamed-2.jpg\",\"width\":512,\"height\":337},{\"@type\":\"WebPage\",\"@id\":\"https:\/\/www.zsk.olsztyn.pl\/przedszkole\/cichy-przyjaciel-w-grupie-6-latkow\/#webpage\",\"url\":\"https:\/\/www.zsk.olsztyn.pl\/przedszkole\/cichy-przyjaciel-w-grupie-6-latkow\/\",\"name\":\"CICHY PRZYJACIEL W GRUPIE 6 LATK\u00d3W - Katolicki Zesp\u00f3\u0142 Edukacyjny - Niepubliczne przedszkole\",\"isPartOf\":{\"@id\":\"https:\/\/www.zsk.olsztyn.pl\/przedszkole\/#website\"},\"primaryImageOfPage\":{\"@id\":\"https:\/\/www.zsk.olsztyn.pl\/przedszkole\/cichy-przyjaciel-w-grupie-6-latkow\/#primaryimage\"},\"datePublished\":\"2025-02-18T09:03:17+00:00\",\"dateModified\":\"2025-02-18T09:03:17+00:00\",\"author\":{\"@id\":\"https:\/\/www.zsk.olsztyn.pl\/przedszkole\/#\/schema\/person\/d918f2da4f27cb7ded309fa67f4d415a\"},\"description\":\"14 lutego obchodzili\u015bmy Dzie\u0144 Cichego Przyjaciela. Dzieci mia\u0142y okazj\u0119 okaza\u0107 dobie wzajemnie \u017cyczliwo\u015b\u0107, przygotowuj\u0105c karteczki dla innych. \u015awi\u0105teczna\",\"breadcrumb\":{\"@id\":\"https:\/\/www.zsk.olsztyn.pl\/przedszkole\/cichy-przyjaciel-w-grupie-6-latkow\/#breadcrumb\"},\"inLanguage\":\"pl-PL\",\"potentialAction\":[{\"@type\":\"ReadAction\",\"target\":[\"https:\/\/www.zsk.olsztyn.pl\/przedszkole\/cichy-przyjaciel-w-grupie-6-latkow\/\"]}]},{\"@type\":\"BreadcrumbList\",\"@id\":\"https:\/\/www.zsk.olsztyn.pl\/przedszkole\/cichy-przyjaciel-w-grupie-6-latkow\/#breadcrumb\",\"itemListElement\":[{\"@type\":\"ListItem\",\"position\":1,\"name\":\"Strona g\u0142\u00f3wna\",\"item\":\"https:\/\/www.zsk.olsztyn.pl\/przedszkole\/\"},{\"@type\":\"ListItem\",\"position\":2,\"name\":\"CICHY PRZYJACIEL W GRUPIE 6 LATK\u00d3W\"}]},{\"@type\":\"Person\",\"@id\":\"https:\/\/www.zsk.olsztyn.pl\/przedszkole\/#\/schema\/person\/d918f2da4f27cb7ded309fa67f4d415a\",\"name\":\"admin\",\"image\":{\"@type\":\"ImageObject\",\"@id\":\"https:\/\/www.zsk.olsztyn.pl\/przedszkole\/#personlogo\",\"inLanguage\":\"pl-PL\",\"url\":\"https:\/\/secure.gravatar.com\/avatar\/4677eccc26cd593f3306dd9613f7e9c7?s=96&d=mm&r=g\",\"contentUrl\":\"https:\/\/secure.gravatar.com\/avatar\/4677eccc26cd593f3306dd9613f7e9c7?s=96&d=mm&r=g\",\"caption\":\"admin\"},\"url\":\"https:\/\/www.zsk.olsztyn.pl\/przedszkole\/author\/admin\/\"}]}<\/script>\n<!-- \/ Yoast SEO plugin. -->","yoast_head_json":{"title":"CICHY PRZYJACIEL W GRUPIE 6 LATK\u00d3W - Katolicki Zesp\u00f3\u0142 Edukacyjny - Niepubliczne przedszkole","description":"14 lutego obchodzili\u015bmy Dzie\u0144 Cichego Przyjaciela. Dzieci mia\u0142y okazj\u0119 okaza\u0107 dobie wzajemnie \u017cyczliwo\u015b\u0107, przygotowuj\u0105c karteczki dla innych. \u015awi\u0105teczna","robots":{"index":"index","follow":"follow","max-snippet":"max-snippet:-1","max-image-preview":"max-image-preview:large","max-video-preview":"max-video-preview:-1"},"canonical":"https:\/\/www.zsk.olsztyn.pl\/przedszkole\/cichy-przyjaciel-w-grupie-6-latkow\/","twitter_misc":{"Napisane przez":"admin","Szacowany czas czytania":"1 minuta"},"schema":{"@context":"https:\/\/schema.org","@graph":[{"@type":"WebSite","@id":"https:\/\/www.zsk.olsztyn.pl\/przedszkole\/#website","url":"https:\/\/www.zsk.olsztyn.pl\/przedszkole\/","name":"Katolicki Zesp\u00f3\u0142 Edukacyjny - Niepubliczne przedszkole","description":"Zapraszamy na stron\u0119 katolickiego niepublicznego przedszkola","potentialAction":[{"@type":"SearchAction","target":{"@type":"EntryPoint","urlTemplate":"https:\/\/www.zsk.olsztyn.pl\/przedszkole\/?s={search_term_string}"},"query-input":"required name=search_term_string"}],"inLanguage":"pl-PL"},{"@type":"ImageObject","@id":"https:\/\/www.zsk.olsztyn.pl\/przedszkole\/cichy-przyjaciel-w-grupie-6-latkow\/#primaryimage","inLanguage":"pl-PL","url":"https:\/\/www.zsk.olsztyn.pl\/przedszkole\/wp-content\/uploads\/2025\/02\/unnamed-2.jpg","contentUrl":"https:\/\/www.zsk.olsztyn.pl\/przedszkole\/wp-content\/uploads\/2025\/02\/unnamed-2.jpg","width":512,"height":337},{"@type":"WebPage","@id":"https:\/\/www.zsk.olsztyn.pl\/przedszkole\/cichy-przyjaciel-w-grupie-6-latkow\/#webpage","url":"https:\/\/www.zsk.olsztyn.pl\/przedszkole\/cichy-przyjaciel-w-grupie-6-latkow\/","name":"CICHY PRZYJACIEL W GRUPIE 6 LATK\u00d3W - Katolicki Zesp\u00f3\u0142 Edukacyjny - Niepubliczne przedszkole","isPartOf":{"@id":"https:\/\/www.zsk.olsztyn.pl\/przedszkole\/#website"},"primaryImageOfPage":{"@id":"https:\/\/www.zsk.olsztyn.pl\/przedszkole\/cichy-przyjaciel-w-grupie-6-latkow\/#primaryimage"},"datePublished":"2025-02-18T09:03:17+00:00","dateModified":"2025-02-18T09:03:17+00:00","author":{"@id":"https:\/\/www.zsk.olsztyn.pl\/przedszkole\/#\/schema\/person\/d918f2da4f27cb7ded309fa67f4d415a"},"description":"14 lutego obchodzili\u015bmy Dzie\u0144 Cichego Przyjaciela. Dzieci mia\u0142y okazj\u0119 okaza\u0107 dobie wzajemnie \u017cyczliwo\u015b\u0107, przygotowuj\u0105c karteczki dla innych. \u015awi\u0105teczna","breadcrumb":{"@id":"https:\/\/www.zsk.olsztyn.pl\/przedszkole\/cichy-przyjaciel-w-grupie-6-latkow\/#breadcrumb"},"inLanguage":"pl-PL","potentialAction":[{"@type":"ReadAction","target":["https:\/\/www.zsk.olsztyn.pl\/przedszkole\/cichy-przyjaciel-w-grupie-6-latkow\/"]}]},{"@type":"BreadcrumbList","@id":"https:\/\/www.zsk.olsztyn.pl\/przedszkole\/cichy-przyjaciel-w-grupie-6-latkow\/#breadcrumb","itemListElement":[{"@type":"ListItem","position":1,"name":"Strona g\u0142\u00f3wna","item":"https:\/\/www.zsk.olsztyn.pl\/przedszkole\/"},{"@type":"ListItem","position":2,"name":"CICHY PRZYJACIEL W GRUPIE 6 LATK\u00d3W"}]},{"@type":"Person","@id":"https:\/\/www.zsk.olsztyn.pl\/przedszkole\/#\/schema\/person\/d918f2da4f27cb7ded309fa67f4d415a","name":"admin","image":{"@type":"ImageObject","@id":"https:\/\/www.zsk.olsztyn.pl\/przedszkole\/#personlogo","inLanguage":"pl-PL","url":"https:\/\/secure.gravatar.com\/avatar\/4677eccc26cd593f3306dd9613f7e9c7?s=96&d=mm&r=g","contentUrl":"https:\/\/secure.gravatar.com\/avatar\/4677eccc26cd593f3306dd9613f7e9c7?s=96&d=mm&r=g","caption":"admin"},"url":"https:\/\/www.zsk.olsztyn.pl\/przedszkole\/author\/admin\/"}]}},"_links":{"self":[{"href":"https:\/\/www.zsk.olsztyn.pl\/przedszkole\/wp-json\/wp\/v2\/posts\/22880"}],"collection":[{"href":"https:\/\/www.zsk.olsztyn.pl\/przedszkole\/wp-json\/wp\/v2\/posts"}],"about":[{"href":"https:\/\/www.zsk.olsztyn.pl\/przedszkole\/wp-json\/wp\/v2\/types\/post"}],"author":[{"embeddable":true,"href":"https:\/\/www.zsk.olsztyn.pl\/przedszkole\/wp-json\/wp\/v2\/users\/1"}],"replies":[{"embeddable":true,"href":"https:\/\/www.zsk.olsztyn.pl\/przedszkole\/wp-json\/wp\/v2\/comments?post=22880"}],"version-history":[{"count":1,"href":"https:\/\/www.zsk.olsztyn.pl\/przedszkole\/wp-json\/wp\/v2\/posts\/22880\/revisions"}],"predecessor-version":[{"id":22884,"href":"https:\/\/www.zsk.olsztyn.pl\/przedszkole\/wp-json\/wp\/v2\/posts\/22880\/revisions\/22884"}],"wp:featuredmedia":[{"embeddable":true,"href":"https:\/\/www.zsk.olsztyn.pl\/przedszkole\/wp-json\/wp\/v2\/media\/22883"}],"wp:attachment":[{"href":"https:\/\/www.zsk.olsztyn.pl\/przedszkole\/wp-json\/wp\/v2\/media?parent=22880"}],"wp:term":[{"taxonomy":"category","embeddable":true,"href":"https:\/\/www.zsk.olsztyn.pl\/przedszkole\/wp-json\/wp\/v2\/categories?post=22880"},{"taxonomy":"post_tag","embeddable":true,"href":"https:\/\/www.zsk.olsztyn.pl\/przedszkole\/wp-json\/wp\/v2\/tags?post=22880"}],"curies":[{"name":"wp","href":"https:\/\/api.w.org\/{rel}","templated":true}]}}