{"id":22502,"date":"2024-12-19T09:50:47","date_gmt":"2024-12-19T07:50:47","guid":{"rendered":"https:\/\/www.zsk.olsztyn.pl\/przedszkole\/?p=22502"},"modified":"2024-12-19T09:50:47","modified_gmt":"2024-12-19T07:50:47","slug":"konkurs-koled-i-pastoralek","status":"publish","type":"post","link":"https:\/\/www.zsk.olsztyn.pl\/przedszkole\/konkurs-koled-i-pastoralek\/","title":{"rendered":"KONKURS KOL\u0118D I PASTORA\u0141EK"},"content":{"rendered":"<p>[vc_row][vc_column][vc_column_text]18 grudnia, w grupie 6-latk\u00f3w, odby\u0142 si\u0119 Konkurs Kol\u0119d i Pastora\u0142ek.<br \/>\nCelem konkursu by\u0142o kultywowanie i rozwijanie tradycji wsp\u00f3lnego kol\u0119dowania oraz rozwijanie wra\u017cliwo\u015bci artystycznej dzieci. Konkurs przebieg\u0142 w prawdziwie \u015bwi\u0105tecznym nastroju. Mali arty\u015bci z du\u017cym zaanga\u017cowaniem przygotowali si\u0119 do wyst\u0119pu i zaprezentowali wszystkim znane kol\u0119dy oraz pastora\u0142ki. Wszyscy zostali nagrodzeni dyplomami i upominkami.<br \/>\nSerdecznie gratulujemy i \u017cyczymy dalszych sukces\u00f3w![\/vc_column_text][na_galerie_listing ids=&#8221;22503,22504,22505,22506,22507,22508,22509,22510,22511,22512,22513,22514,22515,22516,22517&#8243;][\/vc_column][\/vc_row]<\/p>\n","protected":false},"excerpt":{"rendered":"<p>[vc_row][vc_column][vc_column_text]18 grudnia, w grupie 6-latk\u00f3w, odby\u0142 si\u0119 Konkurs Kol\u0119d i Pastora\u0142ek. Celem konkursu by\u0142o kultywowanie i rozwijanie tradycji wsp\u00f3lnego kol\u0119dowania oraz rozwijanie wra\u017cliwo\u015bci artystycznej dzieci. Konkurs przebieg\u0142 w prawdziwie \u015bwi\u0105tecznym nastroju. Mali arty\u015bci z du\u017cym zaanga\u017cowaniem przygotowali si\u0119 do wyst\u0119pu i zaprezentowali wszystkim znane kol\u0119dy oraz pastora\u0142ki. Wszyscy zostali nagrodzeni dyplomami i upominkami. Serdecznie gratulujemy<\/p>\n","protected":false},"author":1,"featured_media":22518,"comment_status":"closed","ping_status":"open","sticky":false,"template":"","format":"standard","meta":[],"categories":[242],"tags":[],"yoast_head":"<!-- This site is optimized with the Yoast SEO plugin v18.2 - https:\/\/yoast.com\/wordpress\/plugins\/seo\/ -->\n<title>KONKURS KOL\u0118D I PASTORA\u0141EK - Katolicki Zesp\u00f3\u0142 Edukacyjny - Niepubliczne przedszkole<\/title>\n<meta name=\"description\" content=\"18 grudnia, w grupie 6-latk\u00f3w, odby\u0142 si\u0119 Konkurs Kol\u0119d i Pastora\u0142ek. Celem konkursu by\u0142o kultywowanie i rozwijanie tradycji wsp\u00f3lnego kol\u0119dowania oraz\" \/>\n<meta name=\"robots\" content=\"index, follow, max-snippet:-1, max-image-preview:large, max-video-preview:-1\" \/>\n<link rel=\"canonical\" href=\"https:\/\/www.zsk.olsztyn.pl\/przedszkole\/konkurs-koled-i-pastoralek\/\" \/>\n<meta name=\"twitter:label1\" content=\"Napisane przez\" \/>\n\t<meta name=\"twitter:data1\" content=\"admin\" \/>\n\t<meta name=\"twitter:label2\" content=\"Szacowany czas czytania\" \/>\n\t<meta name=\"twitter:data2\" content=\"1 minuta\" \/>\n<script type=\"application\/ld+json\" class=\"yoast-schema-graph\">{\"@context\":\"https:\/\/schema.org\",\"@graph\":[{\"@type\":\"WebSite\",\"@id\":\"https:\/\/www.zsk.olsztyn.pl\/przedszkole\/#website\",\"url\":\"https:\/\/www.zsk.olsztyn.pl\/przedszkole\/\",\"name\":\"Katolicki Zesp\u00f3\u0142 Edukacyjny - Niepubliczne przedszkole\",\"description\":\"Zapraszamy na stron\u0119 katolickiego niepublicznego przedszkola\",\"potentialAction\":[{\"@type\":\"SearchAction\",\"target\":{\"@type\":\"EntryPoint\",\"urlTemplate\":\"https:\/\/www.zsk.olsztyn.pl\/przedszkole\/?s={search_term_string}\"},\"query-input\":\"required name=search_term_string\"}],\"inLanguage\":\"pl-PL\"},{\"@type\":\"ImageObject\",\"@id\":\"https:\/\/www.zsk.olsztyn.pl\/przedszkole\/konkurs-koled-i-pastoralek\/#primaryimage\",\"inLanguage\":\"pl-PL\",\"url\":\"https:\/\/www.zsk.olsztyn.pl\/przedszkole\/wp-content\/uploads\/2024\/12\/Aniolki-spiewaja-hej-koleda-koleda.jpg\",\"contentUrl\":\"https:\/\/www.zsk.olsztyn.pl\/przedszkole\/wp-content\/uploads\/2024\/12\/Aniolki-spiewaja-hej-koleda-koleda.jpg\",\"width\":360,\"height\":270},{\"@type\":\"WebPage\",\"@id\":\"https:\/\/www.zsk.olsztyn.pl\/przedszkole\/konkurs-koled-i-pastoralek\/#webpage\",\"url\":\"https:\/\/www.zsk.olsztyn.pl\/przedszkole\/konkurs-koled-i-pastoralek\/\",\"name\":\"KONKURS KOL\u0118D I PASTORA\u0141EK - Katolicki Zesp\u00f3\u0142 Edukacyjny - Niepubliczne przedszkole\",\"isPartOf\":{\"@id\":\"https:\/\/www.zsk.olsztyn.pl\/przedszkole\/#website\"},\"primaryImageOfPage\":{\"@id\":\"https:\/\/www.zsk.olsztyn.pl\/przedszkole\/konkurs-koled-i-pastoralek\/#primaryimage\"},\"datePublished\":\"2024-12-19T07:50:47+00:00\",\"dateModified\":\"2024-12-19T07:50:47+00:00\",\"author\":{\"@id\":\"https:\/\/www.zsk.olsztyn.pl\/przedszkole\/#\/schema\/person\/d918f2da4f27cb7ded309fa67f4d415a\"},\"description\":\"18 grudnia, w grupie 6-latk\u00f3w, odby\u0142 si\u0119 Konkurs Kol\u0119d i Pastora\u0142ek. Celem konkursu by\u0142o kultywowanie i rozwijanie tradycji wsp\u00f3lnego kol\u0119dowania oraz\",\"breadcrumb\":{\"@id\":\"https:\/\/www.zsk.olsztyn.pl\/przedszkole\/konkurs-koled-i-pastoralek\/#breadcrumb\"},\"inLanguage\":\"pl-PL\",\"potentialAction\":[{\"@type\":\"ReadAction\",\"target\":[\"https:\/\/www.zsk.olsztyn.pl\/przedszkole\/konkurs-koled-i-pastoralek\/\"]}]},{\"@type\":\"BreadcrumbList\",\"@id\":\"https:\/\/www.zsk.olsztyn.pl\/przedszkole\/konkurs-koled-i-pastoralek\/#breadcrumb\",\"itemListElement\":[{\"@type\":\"ListItem\",\"position\":1,\"name\":\"Strona g\u0142\u00f3wna\",\"item\":\"https:\/\/www.zsk.olsztyn.pl\/przedszkole\/\"},{\"@type\":\"ListItem\",\"position\":2,\"name\":\"KONKURS KOL\u0118D I PASTORA\u0141EK\"}]},{\"@type\":\"Person\",\"@id\":\"https:\/\/www.zsk.olsztyn.pl\/przedszkole\/#\/schema\/person\/d918f2da4f27cb7ded309fa67f4d415a\",\"name\":\"admin\",\"image\":{\"@type\":\"ImageObject\",\"@id\":\"https:\/\/www.zsk.olsztyn.pl\/przedszkole\/#personlogo\",\"inLanguage\":\"pl-PL\",\"url\":\"https:\/\/secure.gravatar.com\/avatar\/4677eccc26cd593f3306dd9613f7e9c7?s=96&d=mm&r=g\",\"contentUrl\":\"https:\/\/secure.gravatar.com\/avatar\/4677eccc26cd593f3306dd9613f7e9c7?s=96&d=mm&r=g\",\"caption\":\"admin\"},\"url\":\"https:\/\/www.zsk.olsztyn.pl\/przedszkole\/author\/admin\/\"}]}<\/script>\n<!-- \/ Yoast SEO plugin. -->","yoast_head_json":{"title":"KONKURS KOL\u0118D I PASTORA\u0141EK - Katolicki Zesp\u00f3\u0142 Edukacyjny - Niepubliczne przedszkole","description":"18 grudnia, w grupie 6-latk\u00f3w, odby\u0142 si\u0119 Konkurs Kol\u0119d i Pastora\u0142ek. Celem konkursu by\u0142o kultywowanie i rozwijanie tradycji wsp\u00f3lnego kol\u0119dowania oraz","robots":{"index":"index","follow":"follow","max-snippet":"max-snippet:-1","max-image-preview":"max-image-preview:large","max-video-preview":"max-video-preview:-1"},"canonical":"https:\/\/www.zsk.olsztyn.pl\/przedszkole\/konkurs-koled-i-pastoralek\/","twitter_misc":{"Napisane przez":"admin","Szacowany czas czytania":"1 minuta"},"schema":{"@context":"https:\/\/schema.org","@graph":[{"@type":"WebSite","@id":"https:\/\/www.zsk.olsztyn.pl\/przedszkole\/#website","url":"https:\/\/www.zsk.olsztyn.pl\/przedszkole\/","name":"Katolicki Zesp\u00f3\u0142 Edukacyjny - Niepubliczne przedszkole","description":"Zapraszamy na stron\u0119 katolickiego niepublicznego przedszkola","potentialAction":[{"@type":"SearchAction","target":{"@type":"EntryPoint","urlTemplate":"https:\/\/www.zsk.olsztyn.pl\/przedszkole\/?s={search_term_string}"},"query-input":"required name=search_term_string"}],"inLanguage":"pl-PL"},{"@type":"ImageObject","@id":"https:\/\/www.zsk.olsztyn.pl\/przedszkole\/konkurs-koled-i-pastoralek\/#primaryimage","inLanguage":"pl-PL","url":"https:\/\/www.zsk.olsztyn.pl\/przedszkole\/wp-content\/uploads\/2024\/12\/Aniolki-spiewaja-hej-koleda-koleda.jpg","contentUrl":"https:\/\/www.zsk.olsztyn.pl\/przedszkole\/wp-content\/uploads\/2024\/12\/Aniolki-spiewaja-hej-koleda-koleda.jpg","width":360,"height":270},{"@type":"WebPage","@id":"https:\/\/www.zsk.olsztyn.pl\/przedszkole\/konkurs-koled-i-pastoralek\/#webpage","url":"https:\/\/www.zsk.olsztyn.pl\/przedszkole\/konkurs-koled-i-pastoralek\/","name":"KONKURS KOL\u0118D I PASTORA\u0141EK - Katolicki Zesp\u00f3\u0142 Edukacyjny - Niepubliczne przedszkole","isPartOf":{"@id":"https:\/\/www.zsk.olsztyn.pl\/przedszkole\/#website"},"primaryImageOfPage":{"@id":"https:\/\/www.zsk.olsztyn.pl\/przedszkole\/konkurs-koled-i-pastoralek\/#primaryimage"},"datePublished":"2024-12-19T07:50:47+00:00","dateModified":"2024-12-19T07:50:47+00:00","author":{"@id":"https:\/\/www.zsk.olsztyn.pl\/przedszkole\/#\/schema\/person\/d918f2da4f27cb7ded309fa67f4d415a"},"description":"18 grudnia, w grupie 6-latk\u00f3w, odby\u0142 si\u0119 Konkurs Kol\u0119d i Pastora\u0142ek. Celem konkursu by\u0142o kultywowanie i rozwijanie tradycji wsp\u00f3lnego kol\u0119dowania oraz","breadcrumb":{"@id":"https:\/\/www.zsk.olsztyn.pl\/przedszkole\/konkurs-koled-i-pastoralek\/#breadcrumb"},"inLanguage":"pl-PL","potentialAction":[{"@type":"ReadAction","target":["https:\/\/www.zsk.olsztyn.pl\/przedszkole\/konkurs-koled-i-pastoralek\/"]}]},{"@type":"BreadcrumbList","@id":"https:\/\/www.zsk.olsztyn.pl\/przedszkole\/konkurs-koled-i-pastoralek\/#breadcrumb","itemListElement":[{"@type":"ListItem","position":1,"name":"Strona g\u0142\u00f3wna","item":"https:\/\/www.zsk.olsztyn.pl\/przedszkole\/"},{"@type":"ListItem","position":2,"name":"KONKURS KOL\u0118D I PASTORA\u0141EK"}]},{"@type":"Person","@id":"https:\/\/www.zsk.olsztyn.pl\/przedszkole\/#\/schema\/person\/d918f2da4f27cb7ded309fa67f4d415a","name":"admin","image":{"@type":"ImageObject","@id":"https:\/\/www.zsk.olsztyn.pl\/przedszkole\/#personlogo","inLanguage":"pl-PL","url":"https:\/\/secure.gravatar.com\/avatar\/4677eccc26cd593f3306dd9613f7e9c7?s=96&d=mm&r=g","contentUrl":"https:\/\/secure.gravatar.com\/avatar\/4677eccc26cd593f3306dd9613f7e9c7?s=96&d=mm&r=g","caption":"admin"},"url":"https:\/\/www.zsk.olsztyn.pl\/przedszkole\/author\/admin\/"}]}},"_links":{"self":[{"href":"https:\/\/www.zsk.olsztyn.pl\/przedszkole\/wp-json\/wp\/v2\/posts\/22502"}],"collection":[{"href":"https:\/\/www.zsk.olsztyn.pl\/przedszkole\/wp-json\/wp\/v2\/posts"}],"about":[{"href":"https:\/\/www.zsk.olsztyn.pl\/przedszkole\/wp-json\/wp\/v2\/types\/post"}],"author":[{"embeddable":true,"href":"https:\/\/www.zsk.olsztyn.pl\/przedszkole\/wp-json\/wp\/v2\/users\/1"}],"replies":[{"embeddable":true,"href":"https:\/\/www.zsk.olsztyn.pl\/przedszkole\/wp-json\/wp\/v2\/comments?post=22502"}],"version-history":[{"count":1,"href":"https:\/\/www.zsk.olsztyn.pl\/przedszkole\/wp-json\/wp\/v2\/posts\/22502\/revisions"}],"predecessor-version":[{"id":22519,"href":"https:\/\/www.zsk.olsztyn.pl\/przedszkole\/wp-json\/wp\/v2\/posts\/22502\/revisions\/22519"}],"wp:featuredmedia":[{"embeddable":true,"href":"https:\/\/www.zsk.olsztyn.pl\/przedszkole\/wp-json\/wp\/v2\/media\/22518"}],"wp:attachment":[{"href":"https:\/\/www.zsk.olsztyn.pl\/przedszkole\/wp-json\/wp\/v2\/media?parent=22502"}],"wp:term":[{"taxonomy":"category","embeddable":true,"href":"https:\/\/www.zsk.olsztyn.pl\/przedszkole\/wp-json\/wp\/v2\/categories?post=22502"},{"taxonomy":"post_tag","embeddable":true,"href":"https:\/\/www.zsk.olsztyn.pl\/przedszkole\/wp-json\/wp\/v2\/tags?post=22502"}],"curies":[{"name":"wp","href":"https:\/\/api.w.org\/{rel}","templated":true}]}}