{"id":22425,"date":"2024-12-12T13:31:51","date_gmt":"2024-12-12T11:31:51","guid":{"rendered":"https:\/\/www.zsk.olsztyn.pl\/przedszkole\/?p=22425"},"modified":"2024-12-19T09:12:46","modified_gmt":"2024-12-19T07:12:46","slug":"wystawa-prac-jek-w-bojce-jak-w-bajce","status":"publish","type":"post","link":"https:\/\/www.zsk.olsztyn.pl\/przedszkole\/wystawa-prac-jek-w-bojce-jak-w-bajce\/","title":{"rendered":"WYSTAWA PRAC &#8211; JEK W BOJCE ( Jak w bajce)"},"content":{"rendered":"<p>[vc_row][vc_column][vc_column_text]<\/p>\n<p style=\"text-align: center;\">Realizacja zadania projektu . \u201ePodr\u00f3\u017c \u015bladami dawnej Warmii\u201d, realizowanego w ramach programu<br \/>\n\u201e Kto ty jeste\u015b?- Polak ma\u0142y\u201d\u2013 Modu\u0142u 2 . ,,Kultura dla przedszkola\u201d<br \/>\nUstanowionego przez Ministra Edukacji Narodowej 2024r.<br \/>\nrealizowanego w Niepublicznym Przedszkolu im. \u015awi\u0119tej Rodziny,<br \/>\nw okresie 01.10.2024 r. \u2013 31.12.2024 r.<\/p>\n<p style=\"text-align: center;\"><strong>WYSTAWA PRAC \u201e JEK W BOJCE\u201d- dzia\u0142anie nr I.8<\/strong><br \/>\n<strong>12.12.2024r.<\/strong><br \/>\nProjekt \u201e\u015aladami dawnej Warmii dobieg\u0142 ko\u0144ca\u201d, Jego zwie\u0144czeniem by\u0142o przedstawienie Bo\u017conarodzeniowe \u201e\u015awiante Gody\u201d oraz wystawa prac dzieci ze wszystkich grup przedszkolnych pt. \u201e Jek w bojce\u201d, kt\u00f3ra odby\u0142a si\u0119 dnia 12.12.2024 roku o godzinie 16.00.<br \/>\nCa\u0142o\u015b\u0107 wystawy zosta\u0142a utrzymana w konwencji warmi\u0144skiej sztuki i kultury ludowej, a tak\u017ce nawi\u0105zywa\u0142a do wydarze\u0144 z 1877 roku, kt\u00f3re mia\u0142y miejsce we wsi Gietrzwa\u0142d oraz do warmi\u0144skiego krajobrazu usianego licznymi kapliczkami.<br \/>\nPrace plastyczne i r\u0119kodzielnicze dzieci zosta\u0142y rozwieszone na sztalugach i \u015bcianach, natomiast prace ceramiczne zosta\u0142y wyeksponowane na sto\u0142ach. I tak uczestnicy wydarzenia mogli zapozna\u0107 si\u0119 z Legend\u0105 o \u0141ynie widzian\u0105 oczami dzieci oraz zag\u0142\u0119bi\u0107 si\u0119 w przestrzeni wielobarwnego jesiennego warmi\u0144skiego lasu. Pom\u00f3g\u0142 w tym zapach \u015bwierku, jod\u0142y i sosny unosz\u0105cy si\u0119 z s\u0105siedniego stanowiska na kt\u00f3rym le\u017ca\u0142y wianki adwentowe przygotowane przez grup\u0119 6-latk\u00f3w. Tu\u017c obok, pozostaj\u0105c w atmosferze \u015bwi\u0105tecznej, mo\u017cna by\u0142o podziwia\u0107 drewniane betlejemskie szopki wykonane przez 5-latki.<br \/>\nNa szczeg\u00f3ln\u0105 uwag\u0119 zas\u0142ugiwa\u0142y prace wykonane z we\u0142ny i w\u0142\u00f3czek, czyli utkane na krosnach szmaciaki oraz serwetki filcowane na mokro, na kt\u00f3rych rozkwit\u0142y przepi\u0119kne kwiaty, a u\u015bmiechni\u0119te filcowe bu\u017aki wywo\u0142ywa\u0142y u\u015bmiech go\u015bci. Pi\u0119knie zaprezentowa\u0142y si\u0119 prace pt \u201ePrzeplatanki, wyszywanki, wycinanki\u201d. Na okr\u0105g\u0142ych, r\u0119cznie malowanych, talerzykach dzieci przykleja\u0142y w\u0142asnor\u0119cznie wykonan\u0105 ludow\u0105 wycinank\u0119 geometryczn\u0105 i ozdabia\u0142y j\u0105 wyszywank\u0105 z kolorowej w\u0142\u00f3czki. Gdzie\u015b z ty\u0142u na kartkach bryka\u0142y warmi\u0144skie koniki wykonane technik\u0105 druku wypuk\u0142ego. Niedaleko spod czarnej farby z ca\u0142\u0105 si\u0142\u0105 dzieci\u0119cej wyobra\u017ani wy\u0142oni\u0142y si\u0119 wielobarwne ptaki, koniki, dziady, koguciki, wydrapane technik\u0105 sgrafitto. Te same wzory, zaczerpni\u0119te z fasad olszty\u0144skiej i gietrzwa\u0142dzkiej architektury, ale wyklejone plastelin\u0105, wysz\u0142y spod male\u0144kich r\u0105czek naszych zdolnych 4-latk\u00f3w. A je\u015bli o r\u0105czkach mowa\u2026.nie zabrak\u0142o r\u00f3wnie\u017c odcisk\u00f3w r\u0105k naszych dzieci w masie piaskowej, kt\u00f3re tym samym zostawi\u0142y sw\u00f3j \u015blad na Warmii. 4 latki przygotowa\u0142y tak\u017ce adwentowe wianki, kt\u00f3re ozdabia\u0142y sto\u0142y oraz warmi\u0144skie koguciki otulone we\u0142n\u0105, kt\u00f3re wskoczy\u0142 na wiejski p\u0142ot i stamt\u0105d \u0142upa\u0142y okiem na ceramiczne cacka przygotowane podczas 2-miesi\u0119cznych warsztat\u00f3w. Czego tam nie by\u0142o\u2026jak w bajce\u2026kolorowe anio\u0142y, \u015bwieczniki bo\u017conarodzeniowe, jesienne drzewka, warmi\u0144skie kafelki, serduszka, a z nich wygl\u0105daj\u0105ce twarze naszych przedszkolak\u00f3w, kolorowe ceramiczne miseczki, kafelki pokryte angobami z wydrapywanymi warmi\u0144skimi wzorami.<br \/>\nUwag\u0119 go\u015bci przykuwa\u0142y tak\u017ce warmi\u0144skie skrzynie posa\u017cne ozdabiane przez grup\u0119 5-latk\u00f3w. Pi\u0119kne, \u017cywe warmi\u0144skie kolory czerwieni, zieleni i kobaltu a na nich pi\u0119kne kwiaty pokaza\u0142y, \u017ce warmi\u0144ski design nie jest tajemnic\u0105 dla naszych przedszkolak\u00f3w. Udowadnia to r\u00f3wnie\u017c ekspozycja z drewnianymi zabawkami zaprojektowanymi z kr\u0105\u017ck\u00f3w drewna i poci\u0119tych ga\u0142\u0119zi. Z tym zadaniem mierzy\u0142y si\u0119 6-latki. Ich pomys\u0142owo\u015b\u0107 nie uznaje schemat\u00f3w i granic. Dlatego nasi go\u015bcie mogli zobaczy\u0107 sarenki, misie, drzewa, grzechotki, jednoro\u017cce, smoki, dinozaury, zabawki dla pupili, ptaki i lalki\u2026<\/p>\n<p>Pi\u0119kno, estetyka, feeria barw, bajeczno\u015b\u0107, r\u00f3\u017cnorodno\u015b\u0107 to epitety okre\u015blaj\u0105ce t\u0119 wystaw\u0119, a patrz\u0105c na warmi\u0144sko-mazurskie wycinanki ludowe tylko si\u0119 w tym utwierdzamy. Kolorowe ptaki, kwiaty, koguciki, leluje kr\u00f3lowa\u0142y w pracach 6-latk\u00f3w.<br \/>\nChoinki ozdobione zosta\u0142y \u0142a\u0144cuchami i bombkami ze s\u0142omy. Wszystko to autorstwa naszych dzieci. A na \u015bcianie wyros\u0142o drzewo o papierowych listkach, na kt\u00f3rym zosta\u0142y powieszone Maryjki \u2013 obrazy Matki Bo\u017cej, tak jak j\u0105 sobie wyobra\u017caj\u0105 dzieci. Nawi\u0105zywa\u0142o to do objawie\u0144 w Gietrzwa\u0142dzie w 1877 roku.<br \/>\nOsobn\u0105 cz\u0119\u015b\u0107 sali zarezerwowano na prace konkursowe \u201eKapelki na Warniji\u201d. Prace wykonane by\u0142y z u\u017cyciem r\u00f3\u017cnych \u015brodk\u00f3w plastycznych i technik, przez dzieci i rodzic\u00f3w z ka\u017cdej grupy przedszkolnej, a ich prezentacja nawi\u0105zywa\u0142a do pag\u00f3rkowatego krajobrazu warmi\u0144skiego.<\/p>\n<p>A w tym wszystkim wpisane zosta\u0142o jeszcze to czego nie wida\u0107 \u2013 do\u015bwiadczanie, proces tw\u00f3rczy, poznawanie historii i kultury, ciche i mniej ciche piski zachwytu, rado\u015b\u0107, gdy dzie\u0142o wysz\u0142o zgodnie z za\u0142o\u017ceniami ma\u0142ych tw\u00f3rc\u00f3w, wolno\u015b\u0107, pomys\u0142owo\u015b\u0107, satysfakcja, duma i ogrom pracy dzieci \uf04a[\/vc_column_text][na_galerie_listing ids=&#8221;22426,22427,22428,22429,22430,22431,22432,22433,22434,22435,22436,22437,22438,22439,22440,22441,22442,22443,22444,22445,22446,22447,22448,22449&#8243;][na_galerie_listing ids=&#8221;22452,22453,22454,22455,22457,22458,22459,22460,22461,22462&#8243;][na_galerie_listing][\/vc_column][\/vc_row]<\/p>\n","protected":false},"excerpt":{"rendered":"<p>[vc_row][vc_column][vc_column_text] Realizacja zadania projektu . \u201ePodr\u00f3\u017c \u015bladami dawnej Warmii\u201d, realizowanego w ramach programu \u201e Kto ty jeste\u015b?- Polak ma\u0142y\u201d\u2013 Modu\u0142u 2 . ,,Kultura dla przedszkola\u201d Ustanowionego przez Ministra Edukacji Narodowej 2024r. realizowanego w Niepublicznym Przedszkolu im. \u015awi\u0119tej Rodziny, w okresie 01.10.2024 r. \u2013 31.12.2024 r. WYSTAWA PRAC \u201e JEK W BOJCE\u201d- dzia\u0142anie nr I.8 12.12.2024r.<\/p>\n","protected":false},"author":1,"featured_media":22434,"comment_status":"closed","ping_status":"open","sticky":false,"template":"","format":"standard","meta":[],"categories":[239,240,241,242,253],"tags":[],"yoast_head":"<!-- This site is optimized with the Yoast SEO plugin v18.2 - https:\/\/yoast.com\/wordpress\/plugins\/seo\/ -->\n<title>WYSTAWA PRAC - JEK W BOJCE ( Jak w bajce) - Katolicki Zesp\u00f3\u0142 Edukacyjny - Niepubliczne przedszkole<\/title>\n<meta name=\"description\" content=\"Realizacja zadania projektu . \u201ePodr\u00f3\u017c \u015bladami dawnej Warmii\u201d, realizowanego w ramach programu \u201e Kto ty jeste\u015b?- Polak ma\u0142y\u201d\u2013 Modu\u0142u 2 . ,,Kultura dla\" \/>\n<meta name=\"robots\" content=\"index, follow, max-snippet:-1, max-image-preview:large, max-video-preview:-1\" \/>\n<link rel=\"canonical\" href=\"https:\/\/www.zsk.olsztyn.pl\/przedszkole\/wystawa-prac-jek-w-bojce-jak-w-bajce\/\" \/>\n<meta name=\"twitter:label1\" content=\"Napisane przez\" \/>\n\t<meta name=\"twitter:data1\" content=\"admin\" \/>\n\t<meta name=\"twitter:label2\" content=\"Szacowany czas czytania\" \/>\n\t<meta name=\"twitter:data2\" content=\"4 minuty\" \/>\n<script type=\"application\/ld+json\" class=\"yoast-schema-graph\">{\"@context\":\"https:\/\/schema.org\",\"@graph\":[{\"@type\":\"WebSite\",\"@id\":\"https:\/\/www.zsk.olsztyn.pl\/przedszkole\/#website\",\"url\":\"https:\/\/www.zsk.olsztyn.pl\/przedszkole\/\",\"name\":\"Katolicki Zesp\u00f3\u0142 Edukacyjny - Niepubliczne przedszkole\",\"description\":\"Zapraszamy na stron\u0119 katolickiego niepublicznego przedszkola\",\"potentialAction\":[{\"@type\":\"SearchAction\",\"target\":{\"@type\":\"EntryPoint\",\"urlTemplate\":\"https:\/\/www.zsk.olsztyn.pl\/przedszkole\/?s={search_term_string}\"},\"query-input\":\"required name=search_term_string\"}],\"inLanguage\":\"pl-PL\"},{\"@type\":\"ImageObject\",\"@id\":\"https:\/\/www.zsk.olsztyn.pl\/przedszkole\/wystawa-prac-jek-w-bojce-jak-w-bajce\/#primaryimage\",\"inLanguage\":\"pl-PL\",\"url\":\"https:\/\/www.zsk.olsztyn.pl\/przedszkole\/wp-content\/uploads\/2024\/12\/20241212_151551-scaled.jpg\",\"contentUrl\":\"https:\/\/www.zsk.olsztyn.pl\/przedszkole\/wp-content\/uploads\/2024\/12\/20241212_151551-scaled.jpg\",\"width\":2560,\"height\":1440},{\"@type\":\"WebPage\",\"@id\":\"https:\/\/www.zsk.olsztyn.pl\/przedszkole\/wystawa-prac-jek-w-bojce-jak-w-bajce\/#webpage\",\"url\":\"https:\/\/www.zsk.olsztyn.pl\/przedszkole\/wystawa-prac-jek-w-bojce-jak-w-bajce\/\",\"name\":\"WYSTAWA PRAC - JEK W BOJCE ( Jak w bajce) - Katolicki Zesp\u00f3\u0142 Edukacyjny - Niepubliczne przedszkole\",\"isPartOf\":{\"@id\":\"https:\/\/www.zsk.olsztyn.pl\/przedszkole\/#website\"},\"primaryImageOfPage\":{\"@id\":\"https:\/\/www.zsk.olsztyn.pl\/przedszkole\/wystawa-prac-jek-w-bojce-jak-w-bajce\/#primaryimage\"},\"datePublished\":\"2024-12-12T11:31:51+00:00\",\"dateModified\":\"2024-12-19T07:12:46+00:00\",\"author\":{\"@id\":\"https:\/\/www.zsk.olsztyn.pl\/przedszkole\/#\/schema\/person\/d918f2da4f27cb7ded309fa67f4d415a\"},\"description\":\"Realizacja zadania projektu . \u201ePodr\u00f3\u017c \u015bladami dawnej Warmii\u201d, realizowanego w ramach programu \u201e Kto ty jeste\u015b?- Polak ma\u0142y\u201d\u2013 Modu\u0142u 2 . ,,Kultura dla\",\"breadcrumb\":{\"@id\":\"https:\/\/www.zsk.olsztyn.pl\/przedszkole\/wystawa-prac-jek-w-bojce-jak-w-bajce\/#breadcrumb\"},\"inLanguage\":\"pl-PL\",\"potentialAction\":[{\"@type\":\"ReadAction\",\"target\":[\"https:\/\/www.zsk.olsztyn.pl\/przedszkole\/wystawa-prac-jek-w-bojce-jak-w-bajce\/\"]}]},{\"@type\":\"BreadcrumbList\",\"@id\":\"https:\/\/www.zsk.olsztyn.pl\/przedszkole\/wystawa-prac-jek-w-bojce-jak-w-bajce\/#breadcrumb\",\"itemListElement\":[{\"@type\":\"ListItem\",\"position\":1,\"name\":\"Strona g\u0142\u00f3wna\",\"item\":\"https:\/\/www.zsk.olsztyn.pl\/przedszkole\/\"},{\"@type\":\"ListItem\",\"position\":2,\"name\":\"WYSTAWA PRAC &#8211; JEK W BOJCE ( Jak w bajce)\"}]},{\"@type\":\"Person\",\"@id\":\"https:\/\/www.zsk.olsztyn.pl\/przedszkole\/#\/schema\/person\/d918f2da4f27cb7ded309fa67f4d415a\",\"name\":\"admin\",\"image\":{\"@type\":\"ImageObject\",\"@id\":\"https:\/\/www.zsk.olsztyn.pl\/przedszkole\/#personlogo\",\"inLanguage\":\"pl-PL\",\"url\":\"https:\/\/secure.gravatar.com\/avatar\/4677eccc26cd593f3306dd9613f7e9c7?s=96&d=mm&r=g\",\"contentUrl\":\"https:\/\/secure.gravatar.com\/avatar\/4677eccc26cd593f3306dd9613f7e9c7?s=96&d=mm&r=g\",\"caption\":\"admin\"},\"url\":\"https:\/\/www.zsk.olsztyn.pl\/przedszkole\/author\/admin\/\"}]}<\/script>\n<!-- \/ Yoast SEO plugin. -->","yoast_head_json":{"title":"WYSTAWA PRAC - JEK W BOJCE ( Jak w bajce) - Katolicki Zesp\u00f3\u0142 Edukacyjny - Niepubliczne przedszkole","description":"Realizacja zadania projektu . \u201ePodr\u00f3\u017c \u015bladami dawnej Warmii\u201d, realizowanego w ramach programu \u201e Kto ty jeste\u015b?- Polak ma\u0142y\u201d\u2013 Modu\u0142u 2 . ,,Kultura dla","robots":{"index":"index","follow":"follow","max-snippet":"max-snippet:-1","max-image-preview":"max-image-preview:large","max-video-preview":"max-video-preview:-1"},"canonical":"https:\/\/www.zsk.olsztyn.pl\/przedszkole\/wystawa-prac-jek-w-bojce-jak-w-bajce\/","twitter_misc":{"Napisane przez":"admin","Szacowany czas czytania":"4 minuty"},"schema":{"@context":"https:\/\/schema.org","@graph":[{"@type":"WebSite","@id":"https:\/\/www.zsk.olsztyn.pl\/przedszkole\/#website","url":"https:\/\/www.zsk.olsztyn.pl\/przedszkole\/","name":"Katolicki Zesp\u00f3\u0142 Edukacyjny - Niepubliczne przedszkole","description":"Zapraszamy na stron\u0119 katolickiego niepublicznego przedszkola","potentialAction":[{"@type":"SearchAction","target":{"@type":"EntryPoint","urlTemplate":"https:\/\/www.zsk.olsztyn.pl\/przedszkole\/?s={search_term_string}"},"query-input":"required name=search_term_string"}],"inLanguage":"pl-PL"},{"@type":"ImageObject","@id":"https:\/\/www.zsk.olsztyn.pl\/przedszkole\/wystawa-prac-jek-w-bojce-jak-w-bajce\/#primaryimage","inLanguage":"pl-PL","url":"https:\/\/www.zsk.olsztyn.pl\/przedszkole\/wp-content\/uploads\/2024\/12\/20241212_151551-scaled.jpg","contentUrl":"https:\/\/www.zsk.olsztyn.pl\/przedszkole\/wp-content\/uploads\/2024\/12\/20241212_151551-scaled.jpg","width":2560,"height":1440},{"@type":"WebPage","@id":"https:\/\/www.zsk.olsztyn.pl\/przedszkole\/wystawa-prac-jek-w-bojce-jak-w-bajce\/#webpage","url":"https:\/\/www.zsk.olsztyn.pl\/przedszkole\/wystawa-prac-jek-w-bojce-jak-w-bajce\/","name":"WYSTAWA PRAC - JEK W BOJCE ( Jak w bajce) - Katolicki Zesp\u00f3\u0142 Edukacyjny - Niepubliczne przedszkole","isPartOf":{"@id":"https:\/\/www.zsk.olsztyn.pl\/przedszkole\/#website"},"primaryImageOfPage":{"@id":"https:\/\/www.zsk.olsztyn.pl\/przedszkole\/wystawa-prac-jek-w-bojce-jak-w-bajce\/#primaryimage"},"datePublished":"2024-12-12T11:31:51+00:00","dateModified":"2024-12-19T07:12:46+00:00","author":{"@id":"https:\/\/www.zsk.olsztyn.pl\/przedszkole\/#\/schema\/person\/d918f2da4f27cb7ded309fa67f4d415a"},"description":"Realizacja zadania projektu . \u201ePodr\u00f3\u017c \u015bladami dawnej Warmii\u201d, realizowanego w ramach programu \u201e Kto ty jeste\u015b?- Polak ma\u0142y\u201d\u2013 Modu\u0142u 2 . ,,Kultura dla","breadcrumb":{"@id":"https:\/\/www.zsk.olsztyn.pl\/przedszkole\/wystawa-prac-jek-w-bojce-jak-w-bajce\/#breadcrumb"},"inLanguage":"pl-PL","potentialAction":[{"@type":"ReadAction","target":["https:\/\/www.zsk.olsztyn.pl\/przedszkole\/wystawa-prac-jek-w-bojce-jak-w-bajce\/"]}]},{"@type":"BreadcrumbList","@id":"https:\/\/www.zsk.olsztyn.pl\/przedszkole\/wystawa-prac-jek-w-bojce-jak-w-bajce\/#breadcrumb","itemListElement":[{"@type":"ListItem","position":1,"name":"Strona g\u0142\u00f3wna","item":"https:\/\/www.zsk.olsztyn.pl\/przedszkole\/"},{"@type":"ListItem","position":2,"name":"WYSTAWA PRAC &#8211; JEK W BOJCE ( Jak w bajce)"}]},{"@type":"Person","@id":"https:\/\/www.zsk.olsztyn.pl\/przedszkole\/#\/schema\/person\/d918f2da4f27cb7ded309fa67f4d415a","name":"admin","image":{"@type":"ImageObject","@id":"https:\/\/www.zsk.olsztyn.pl\/przedszkole\/#personlogo","inLanguage":"pl-PL","url":"https:\/\/secure.gravatar.com\/avatar\/4677eccc26cd593f3306dd9613f7e9c7?s=96&d=mm&r=g","contentUrl":"https:\/\/secure.gravatar.com\/avatar\/4677eccc26cd593f3306dd9613f7e9c7?s=96&d=mm&r=g","caption":"admin"},"url":"https:\/\/www.zsk.olsztyn.pl\/przedszkole\/author\/admin\/"}]}},"_links":{"self":[{"href":"https:\/\/www.zsk.olsztyn.pl\/przedszkole\/wp-json\/wp\/v2\/posts\/22425"}],"collection":[{"href":"https:\/\/www.zsk.olsztyn.pl\/przedszkole\/wp-json\/wp\/v2\/posts"}],"about":[{"href":"https:\/\/www.zsk.olsztyn.pl\/przedszkole\/wp-json\/wp\/v2\/types\/post"}],"author":[{"embeddable":true,"href":"https:\/\/www.zsk.olsztyn.pl\/przedszkole\/wp-json\/wp\/v2\/users\/1"}],"replies":[{"embeddable":true,"href":"https:\/\/www.zsk.olsztyn.pl\/przedszkole\/wp-json\/wp\/v2\/comments?post=22425"}],"version-history":[{"count":5,"href":"https:\/\/www.zsk.olsztyn.pl\/przedszkole\/wp-json\/wp\/v2\/posts\/22425\/revisions"}],"predecessor-version":[{"id":22493,"href":"https:\/\/www.zsk.olsztyn.pl\/przedszkole\/wp-json\/wp\/v2\/posts\/22425\/revisions\/22493"}],"wp:featuredmedia":[{"embeddable":true,"href":"https:\/\/www.zsk.olsztyn.pl\/przedszkole\/wp-json\/wp\/v2\/media\/22434"}],"wp:attachment":[{"href":"https:\/\/www.zsk.olsztyn.pl\/przedszkole\/wp-json\/wp\/v2\/media?parent=22425"}],"wp:term":[{"taxonomy":"category","embeddable":true,"href":"https:\/\/www.zsk.olsztyn.pl\/przedszkole\/wp-json\/wp\/v2\/categories?post=22425"},{"taxonomy":"post_tag","embeddable":true,"href":"https:\/\/www.zsk.olsztyn.pl\/przedszkole\/wp-json\/wp\/v2\/tags?post=22425"}],"curies":[{"name":"wp","href":"https:\/\/api.w.org\/{rel}","templated":true}]}}