{"id":22122,"date":"2024-11-29T13:15:54","date_gmt":"2024-11-29T11:15:54","guid":{"rendered":"https:\/\/www.zsk.olsztyn.pl\/przedszkole\/?p=22122"},"modified":"2024-11-29T13:32:06","modified_gmt":"2024-11-29T11:32:06","slug":"vii-zajecia-z-rekodziela-ludowego","status":"publish","type":"post","link":"https:\/\/www.zsk.olsztyn.pl\/przedszkole\/vii-zajecia-z-rekodziela-ludowego\/","title":{"rendered":"VII ZAJ\u0118CIA Z R\u0118KODZIE\u0141A LUDOWEGO"},"content":{"rendered":"<p>[vc_row][vc_column][vc_column_text]<\/p>\n<p style=\"text-align: center;\">Realizacja zadania projektu . \u201ePodr\u00f3\u017c \u015bladami dawnej Warmii\u201d, realizowanego w ramach programu<br \/>\n\u201e Kto ty jeste\u015b?- Polak ma\u0142y\u201d\u2013 Modu\u0142u 2 . ,,Kultura dla przedszkola\u201d<br \/>\nUstanowionego przez Ministra Edukacji Narodowej 2024r.<br \/>\nrealizowanego w Niepublicznym Przedszkolu im. \u015awi\u0119tej Rodziny,<br \/>\nw okresie 01.10.2024 r. \u2013 31.12.2024 r.<\/p>\n<p style=\"text-align: center;\"><strong>Zaj\u0119cia r\u0119kodzie\u0142a ludowego- dzia\u0142anie nr I.3<\/strong><br \/>\n<strong>VII zaj\u0119cia- 25.11.2024r.<\/strong><\/p>\n<p>Dnia 25 listopada 4-latki w ramach zaj\u0119\u0107 z r\u0119kodzie\u0142a przenios\u0142y si\u0119 w \u015bwiat warmi\u0144skiego rzemios\u0142a ludowego. Ich zadaniem by\u0142o zrobienie warmi\u0144skiego kogucika z kartonu i w\u0142\u00f3czki. Dzieci dosta\u0142y przygotowane szablony kogucika i owija\u0142y go kolorowymi w\u0142\u00f3czkami. Grzebie\u0144 i korale wykleja\u0142y z plasteliny, a ogon okleja\u0142y kolorowymi pi\u00f3rkami. Pi\u0119kne kolorowe koguciki wskoczy\u0142y na patyczki i gotowe oczekuj\u0105 na powt\u00f3rne spotkanie z dzie\u0107mi podczas wystawy \uf04a<br \/>\nNatomiast dzieci z grupy 5 latk\u00f3w przenios\u0142y si\u0119 do warsztatu tkackiego. Najpierw w kr\u00f3tkiej opowie\u015bci 5-latki dowiedzia\u0142y si\u0119 jak wygl\u0105da\u0142o tkactwo na dawnej Warmii i dlaczego kobiety tka\u0142y ca\u0142e przedwio\u015bnie, a\u017c do sianokos\u00f3w, z ma\u0142\u0105 przerw\u0105 na sadzenie kartofli. Po zademonstrowaniu krosna i sposobu przetykania w\u0105tku przez osnow\u0119 dzieci przyst\u0105pi\u0142y do pracy. Wielk\u0105 rado\u015b\u0107 czerpa\u0142y z mo\u017cliwo\u015bci doboru w\u0105tku i czu\u0142y ogromna dum\u0119 z pierwszych wyplecionych rz\u0105dk\u00f3w. 5- latki \u015bwietnie poradzi\u0142y sobie z zadaniem. Ci\u0105g dalszy nast\u0105pi w przysz\u0142ym tygodniu \uf04a<br \/>\nDzieci z grupy 6-latk\u00f3w zdoby\u0142y informacje na temat zabawek jakie by\u0142y dost\u0119pne dla ich koleg\u00f3w \u017cyj\u0105cych niegdy\u015b na Warmii. Niezale\u017cnie od czas\u00f3w, technologii czy zamo\u017cno\u015bci rodzin dzieci bawi\u0142y si\u0119 (cho\u0107 na Warmii przede wszystkim pracowa\u0142y, wykonuj\u0105c proste obowi\u0105zki domowe i gospodarcze) tym samym kanonem zabawek: grzechotki, lalki, figurki zwierz\u0105t, pojazdy (\u0142\u00f3dki, wozy drabiniaste) zabawki militarne lub mini- naczynia, zabawki muzyczne: tr\u0105bki, b\u0119benki, piszcza\u0142ki lub sprawno\u015bciowe -takie jak obr\u0119cz, szczud\u0142a, pi\u0142ka.<br \/>\nKorzystaj\u0105c z naturalnych materia\u0142\u00f3w takich jak kr\u0105\u017cki i ga\u0142\u0105zki drewniane, koraliki, pi\u00f3rka i w\u0142\u00f3czka, dzieci projektowa\u0142y zabawki. Nast\u0119pnie Panie, z zachowaniem wszystkich zasad ostro\u017cno\u015bci, klejem na gor\u0105co skleja\u0142y zaprojektowane zabawki. Nast\u0119pnie dzieci malowa\u0142y je i ozdabia\u0142y. I tak powsta\u0142y drewniane misie, lalka, sarenka, piesek, grzechotki, drzewa, smoki i dinozaury, a nawet zabawki dla zwierz\u0105t.[\/vc_column_text][na_galerie_listing ids=&#8221;22125,22126,22127,22128,22129,22130,22132,22133,22134,22135,22136,22137,22138,22139,22140,22141,22142,22143,22144,22145,22146,22147,22148,22149,22150,22151,22152&#8243;][\/vc_column][\/vc_row]<\/p>\n","protected":false},"excerpt":{"rendered":"<p>[vc_row][vc_column][vc_column_text] Realizacja zadania projektu . \u201ePodr\u00f3\u017c \u015bladami dawnej Warmii\u201d, realizowanego w ramach programu \u201e Kto ty jeste\u015b?- Polak ma\u0142y\u201d\u2013 Modu\u0142u 2 . ,,Kultura dla przedszkola\u201d Ustanowionego przez Ministra Edukacji Narodowej 2024r. realizowanego w Niepublicznym Przedszkolu im. \u015awi\u0119tej Rodziny, w okresie 01.10.2024 r. \u2013 31.12.2024 r. Zaj\u0119cia r\u0119kodzie\u0142a ludowego- dzia\u0142anie nr I.3 VII zaj\u0119cia- 25.11.2024r. Dnia<\/p>\n","protected":false},"author":1,"featured_media":22139,"comment_status":"closed","ping_status":"open","sticky":false,"template":"","format":"standard","meta":[],"categories":[240,241,242,247],"tags":[],"yoast_head":"<!-- This site is optimized with the Yoast SEO plugin v18.2 - https:\/\/yoast.com\/wordpress\/plugins\/seo\/ -->\n<title>VII ZAJ\u0118CIA Z R\u0118KODZIE\u0141A LUDOWEGO - Katolicki Zesp\u00f3\u0142 Edukacyjny - Niepubliczne przedszkole<\/title>\n<meta name=\"description\" content=\"Realizacja zadania projektu . \u201ePodr\u00f3\u017c \u015bladami dawnej Warmii\u201d, realizowanego w ramach programu \u201e Kto ty jeste\u015b?- Polak ma\u0142y\u201d\u2013 Modu\u0142u 2 . ,,Kultura dla\" \/>\n<meta name=\"robots\" content=\"index, follow, max-snippet:-1, max-image-preview:large, max-video-preview:-1\" \/>\n<link rel=\"canonical\" href=\"https:\/\/www.zsk.olsztyn.pl\/przedszkole\/vii-zajecia-z-rekodziela-ludowego\/\" \/>\n<meta name=\"twitter:label1\" content=\"Napisane przez\" \/>\n\t<meta name=\"twitter:data1\" content=\"admin\" \/>\n\t<meta name=\"twitter:label2\" content=\"Szacowany czas czytania\" \/>\n\t<meta name=\"twitter:data2\" content=\"2 minuty\" \/>\n<script type=\"application\/ld+json\" class=\"yoast-schema-graph\">{\"@context\":\"https:\/\/schema.org\",\"@graph\":[{\"@type\":\"WebSite\",\"@id\":\"https:\/\/www.zsk.olsztyn.pl\/przedszkole\/#website\",\"url\":\"https:\/\/www.zsk.olsztyn.pl\/przedszkole\/\",\"name\":\"Katolicki Zesp\u00f3\u0142 Edukacyjny - Niepubliczne przedszkole\",\"description\":\"Zapraszamy na stron\u0119 katolickiego niepublicznego przedszkola\",\"potentialAction\":[{\"@type\":\"SearchAction\",\"target\":{\"@type\":\"EntryPoint\",\"urlTemplate\":\"https:\/\/www.zsk.olsztyn.pl\/przedszkole\/?s={search_term_string}\"},\"query-input\":\"required name=search_term_string\"}],\"inLanguage\":\"pl-PL\"},{\"@type\":\"ImageObject\",\"@id\":\"https:\/\/www.zsk.olsztyn.pl\/przedszkole\/vii-zajecia-z-rekodziela-ludowego\/#primaryimage\",\"inLanguage\":\"pl-PL\",\"url\":\"https:\/\/www.zsk.olsztyn.pl\/przedszkole\/wp-content\/uploads\/2024\/11\/20241125_113639-scaled.jpg\",\"contentUrl\":\"https:\/\/www.zsk.olsztyn.pl\/przedszkole\/wp-content\/uploads\/2024\/11\/20241125_113639-scaled.jpg\",\"width\":2560,\"height\":1920},{\"@type\":\"WebPage\",\"@id\":\"https:\/\/www.zsk.olsztyn.pl\/przedszkole\/vii-zajecia-z-rekodziela-ludowego\/#webpage\",\"url\":\"https:\/\/www.zsk.olsztyn.pl\/przedszkole\/vii-zajecia-z-rekodziela-ludowego\/\",\"name\":\"VII ZAJ\u0118CIA Z R\u0118KODZIE\u0141A LUDOWEGO - Katolicki Zesp\u00f3\u0142 Edukacyjny - Niepubliczne przedszkole\",\"isPartOf\":{\"@id\":\"https:\/\/www.zsk.olsztyn.pl\/przedszkole\/#website\"},\"primaryImageOfPage\":{\"@id\":\"https:\/\/www.zsk.olsztyn.pl\/przedszkole\/vii-zajecia-z-rekodziela-ludowego\/#primaryimage\"},\"datePublished\":\"2024-11-29T11:15:54+00:00\",\"dateModified\":\"2024-11-29T11:32:06+00:00\",\"author\":{\"@id\":\"https:\/\/www.zsk.olsztyn.pl\/przedszkole\/#\/schema\/person\/d918f2da4f27cb7ded309fa67f4d415a\"},\"description\":\"Realizacja zadania projektu . \u201ePodr\u00f3\u017c \u015bladami dawnej Warmii\u201d, realizowanego w ramach programu \u201e Kto ty jeste\u015b?- Polak ma\u0142y\u201d\u2013 Modu\u0142u 2 . ,,Kultura dla\",\"breadcrumb\":{\"@id\":\"https:\/\/www.zsk.olsztyn.pl\/przedszkole\/vii-zajecia-z-rekodziela-ludowego\/#breadcrumb\"},\"inLanguage\":\"pl-PL\",\"potentialAction\":[{\"@type\":\"ReadAction\",\"target\":[\"https:\/\/www.zsk.olsztyn.pl\/przedszkole\/vii-zajecia-z-rekodziela-ludowego\/\"]}]},{\"@type\":\"BreadcrumbList\",\"@id\":\"https:\/\/www.zsk.olsztyn.pl\/przedszkole\/vii-zajecia-z-rekodziela-ludowego\/#breadcrumb\",\"itemListElement\":[{\"@type\":\"ListItem\",\"position\":1,\"name\":\"Strona g\u0142\u00f3wna\",\"item\":\"https:\/\/www.zsk.olsztyn.pl\/przedszkole\/\"},{\"@type\":\"ListItem\",\"position\":2,\"name\":\"VII ZAJ\u0118CIA Z R\u0118KODZIE\u0141A LUDOWEGO\"}]},{\"@type\":\"Person\",\"@id\":\"https:\/\/www.zsk.olsztyn.pl\/przedszkole\/#\/schema\/person\/d918f2da4f27cb7ded309fa67f4d415a\",\"name\":\"admin\",\"image\":{\"@type\":\"ImageObject\",\"@id\":\"https:\/\/www.zsk.olsztyn.pl\/przedszkole\/#personlogo\",\"inLanguage\":\"pl-PL\",\"url\":\"https:\/\/secure.gravatar.com\/avatar\/4677eccc26cd593f3306dd9613f7e9c7?s=96&d=mm&r=g\",\"contentUrl\":\"https:\/\/secure.gravatar.com\/avatar\/4677eccc26cd593f3306dd9613f7e9c7?s=96&d=mm&r=g\",\"caption\":\"admin\"},\"url\":\"https:\/\/www.zsk.olsztyn.pl\/przedszkole\/author\/admin\/\"}]}<\/script>\n<!-- \/ Yoast SEO plugin. -->","yoast_head_json":{"title":"VII ZAJ\u0118CIA Z R\u0118KODZIE\u0141A LUDOWEGO - Katolicki Zesp\u00f3\u0142 Edukacyjny - Niepubliczne przedszkole","description":"Realizacja zadania projektu . \u201ePodr\u00f3\u017c \u015bladami dawnej Warmii\u201d, realizowanego w ramach programu \u201e Kto ty jeste\u015b?- Polak ma\u0142y\u201d\u2013 Modu\u0142u 2 . ,,Kultura dla","robots":{"index":"index","follow":"follow","max-snippet":"max-snippet:-1","max-image-preview":"max-image-preview:large","max-video-preview":"max-video-preview:-1"},"canonical":"https:\/\/www.zsk.olsztyn.pl\/przedszkole\/vii-zajecia-z-rekodziela-ludowego\/","twitter_misc":{"Napisane przez":"admin","Szacowany czas czytania":"2 minuty"},"schema":{"@context":"https:\/\/schema.org","@graph":[{"@type":"WebSite","@id":"https:\/\/www.zsk.olsztyn.pl\/przedszkole\/#website","url":"https:\/\/www.zsk.olsztyn.pl\/przedszkole\/","name":"Katolicki Zesp\u00f3\u0142 Edukacyjny - Niepubliczne przedszkole","description":"Zapraszamy na stron\u0119 katolickiego niepublicznego przedszkola","potentialAction":[{"@type":"SearchAction","target":{"@type":"EntryPoint","urlTemplate":"https:\/\/www.zsk.olsztyn.pl\/przedszkole\/?s={search_term_string}"},"query-input":"required name=search_term_string"}],"inLanguage":"pl-PL"},{"@type":"ImageObject","@id":"https:\/\/www.zsk.olsztyn.pl\/przedszkole\/vii-zajecia-z-rekodziela-ludowego\/#primaryimage","inLanguage":"pl-PL","url":"https:\/\/www.zsk.olsztyn.pl\/przedszkole\/wp-content\/uploads\/2024\/11\/20241125_113639-scaled.jpg","contentUrl":"https:\/\/www.zsk.olsztyn.pl\/przedszkole\/wp-content\/uploads\/2024\/11\/20241125_113639-scaled.jpg","width":2560,"height":1920},{"@type":"WebPage","@id":"https:\/\/www.zsk.olsztyn.pl\/przedszkole\/vii-zajecia-z-rekodziela-ludowego\/#webpage","url":"https:\/\/www.zsk.olsztyn.pl\/przedszkole\/vii-zajecia-z-rekodziela-ludowego\/","name":"VII ZAJ\u0118CIA Z R\u0118KODZIE\u0141A LUDOWEGO - Katolicki Zesp\u00f3\u0142 Edukacyjny - Niepubliczne przedszkole","isPartOf":{"@id":"https:\/\/www.zsk.olsztyn.pl\/przedszkole\/#website"},"primaryImageOfPage":{"@id":"https:\/\/www.zsk.olsztyn.pl\/przedszkole\/vii-zajecia-z-rekodziela-ludowego\/#primaryimage"},"datePublished":"2024-11-29T11:15:54+00:00","dateModified":"2024-11-29T11:32:06+00:00","author":{"@id":"https:\/\/www.zsk.olsztyn.pl\/przedszkole\/#\/schema\/person\/d918f2da4f27cb7ded309fa67f4d415a"},"description":"Realizacja zadania projektu . \u201ePodr\u00f3\u017c \u015bladami dawnej Warmii\u201d, realizowanego w ramach programu \u201e Kto ty jeste\u015b?- Polak ma\u0142y\u201d\u2013 Modu\u0142u 2 . ,,Kultura dla","breadcrumb":{"@id":"https:\/\/www.zsk.olsztyn.pl\/przedszkole\/vii-zajecia-z-rekodziela-ludowego\/#breadcrumb"},"inLanguage":"pl-PL","potentialAction":[{"@type":"ReadAction","target":["https:\/\/www.zsk.olsztyn.pl\/przedszkole\/vii-zajecia-z-rekodziela-ludowego\/"]}]},{"@type":"BreadcrumbList","@id":"https:\/\/www.zsk.olsztyn.pl\/przedszkole\/vii-zajecia-z-rekodziela-ludowego\/#breadcrumb","itemListElement":[{"@type":"ListItem","position":1,"name":"Strona g\u0142\u00f3wna","item":"https:\/\/www.zsk.olsztyn.pl\/przedszkole\/"},{"@type":"ListItem","position":2,"name":"VII ZAJ\u0118CIA Z R\u0118KODZIE\u0141A LUDOWEGO"}]},{"@type":"Person","@id":"https:\/\/www.zsk.olsztyn.pl\/przedszkole\/#\/schema\/person\/d918f2da4f27cb7ded309fa67f4d415a","name":"admin","image":{"@type":"ImageObject","@id":"https:\/\/www.zsk.olsztyn.pl\/przedszkole\/#personlogo","inLanguage":"pl-PL","url":"https:\/\/secure.gravatar.com\/avatar\/4677eccc26cd593f3306dd9613f7e9c7?s=96&d=mm&r=g","contentUrl":"https:\/\/secure.gravatar.com\/avatar\/4677eccc26cd593f3306dd9613f7e9c7?s=96&d=mm&r=g","caption":"admin"},"url":"https:\/\/www.zsk.olsztyn.pl\/przedszkole\/author\/admin\/"}]}},"_links":{"self":[{"href":"https:\/\/www.zsk.olsztyn.pl\/przedszkole\/wp-json\/wp\/v2\/posts\/22122"}],"collection":[{"href":"https:\/\/www.zsk.olsztyn.pl\/przedszkole\/wp-json\/wp\/v2\/posts"}],"about":[{"href":"https:\/\/www.zsk.olsztyn.pl\/przedszkole\/wp-json\/wp\/v2\/types\/post"}],"author":[{"embeddable":true,"href":"https:\/\/www.zsk.olsztyn.pl\/przedszkole\/wp-json\/wp\/v2\/users\/1"}],"replies":[{"embeddable":true,"href":"https:\/\/www.zsk.olsztyn.pl\/przedszkole\/wp-json\/wp\/v2\/comments?post=22122"}],"version-history":[{"count":3,"href":"https:\/\/www.zsk.olsztyn.pl\/przedszkole\/wp-json\/wp\/v2\/posts\/22122\/revisions"}],"predecessor-version":[{"id":22153,"href":"https:\/\/www.zsk.olsztyn.pl\/przedszkole\/wp-json\/wp\/v2\/posts\/22122\/revisions\/22153"}],"wp:featuredmedia":[{"embeddable":true,"href":"https:\/\/www.zsk.olsztyn.pl\/przedszkole\/wp-json\/wp\/v2\/media\/22139"}],"wp:attachment":[{"href":"https:\/\/www.zsk.olsztyn.pl\/przedszkole\/wp-json\/wp\/v2\/media?parent=22122"}],"wp:term":[{"taxonomy":"category","embeddable":true,"href":"https:\/\/www.zsk.olsztyn.pl\/przedszkole\/wp-json\/wp\/v2\/categories?post=22122"},{"taxonomy":"post_tag","embeddable":true,"href":"https:\/\/www.zsk.olsztyn.pl\/przedszkole\/wp-json\/wp\/v2\/tags?post=22122"}],"curies":[{"name":"wp","href":"https:\/\/api.w.org\/{rel}","templated":true}]}}