{"id":21968,"date":"2024-11-21T11:54:54","date_gmt":"2024-11-21T09:54:54","guid":{"rendered":"https:\/\/www.zsk.olsztyn.pl\/przedszkole\/?p=21968"},"modified":"2024-11-21T11:54:54","modified_gmt":"2024-11-21T09:54:54","slug":"miedzynarodowy-dzien-praw-dziecka","status":"publish","type":"post","link":"https:\/\/www.zsk.olsztyn.pl\/przedszkole\/miedzynarodowy-dzien-praw-dziecka\/","title":{"rendered":"MI\u0118DZYNARODOWY DZIE\u0143 PRAW DZIECKA"},"content":{"rendered":"<p>[vc_row][vc_column][vc_column_text]20 listopada to wyj\u0105tkowy dzie\u0144 &#8211; dzie\u0144, w kt\u00f3rym uwaga wszystkich kierowana jest na dzieci i ich prawa. Grupa 3-latk\u00f3w, solidaryzuj\u0105c si\u0119 z dzie\u0107mi z ca\u0142ego \u015bwiata, za\u0142o\u017cy\u0142a dzi\u015b ubranka w kolorze niebieskim. Podczas zaj\u0119\u0107 dydaktycznych, najm\u0142odsi przedszkolacy, dowiedzieli si\u0119, \u017ce maj\u0105 liczne prawa m.in. prawo do zabawy, rado\u015bci, spokojnej nauki i odpoczynku. Odci\u015bni\u0119ta, niebieska r\u0105czka na grupowym plakacie, by\u0142a potwierdzeniem znajomo\u015bci tych praw. To by\u0142 dzie\u0144 z wa\u017cnym przes\u0142aniem.[\/vc_column_text][na_galerie_listing ids=&#8221;21969,21970,21971,21972,21973&#8243;][\/vc_column][\/vc_row]<\/p>\n","protected":false},"excerpt":{"rendered":"<p>[vc_row][vc_column][vc_column_text]20 listopada to wyj\u0105tkowy dzie\u0144 &#8211; dzie\u0144, w kt\u00f3rym uwaga wszystkich kierowana jest na dzieci i ich prawa. Grupa 3-latk\u00f3w, solidaryzuj\u0105c si\u0119 z dzie\u0107mi z ca\u0142ego \u015bwiata, za\u0142o\u017cy\u0142a dzi\u015b ubranka w kolorze niebieskim. Podczas zaj\u0119\u0107 dydaktycznych, najm\u0142odsi przedszkolacy, dowiedzieli si\u0119, \u017ce maj\u0105 liczne prawa m.in. prawo do zabawy, rado\u015bci, spokojnej nauki i odpoczynku. Odci\u015bni\u0119ta, niebieska<\/p>\n","protected":false},"author":1,"featured_media":21975,"comment_status":"closed","ping_status":"open","sticky":false,"template":"","format":"standard","meta":[],"categories":[239],"tags":[],"yoast_head":"<!-- This site is optimized with the Yoast SEO plugin v18.2 - https:\/\/yoast.com\/wordpress\/plugins\/seo\/ -->\n<title>MI\u0118DZYNARODOWY DZIE\u0143 PRAW DZIECKA - Katolicki Zesp\u00f3\u0142 Edukacyjny - Niepubliczne przedszkole<\/title>\n<meta name=\"description\" content=\"20 listopada to wyj\u0105tkowy dzie\u0144 - dzie\u0144, w kt\u00f3rym uwaga wszystkich kierowana jest na dzieci i ich prawa. Grupa 3-latk\u00f3w, solidaryzuj\u0105c si\u0119 z dzie\u0107mi z\" \/>\n<meta name=\"robots\" content=\"index, follow, max-snippet:-1, max-image-preview:large, max-video-preview:-1\" \/>\n<link rel=\"canonical\" href=\"https:\/\/www.zsk.olsztyn.pl\/przedszkole\/miedzynarodowy-dzien-praw-dziecka\/\" \/>\n<meta name=\"twitter:label1\" content=\"Napisane przez\" \/>\n\t<meta name=\"twitter:data1\" content=\"admin\" \/>\n\t<meta name=\"twitter:label2\" content=\"Szacowany czas czytania\" \/>\n\t<meta name=\"twitter:data2\" content=\"1 minuta\" \/>\n<script type=\"application\/ld+json\" class=\"yoast-schema-graph\">{\"@context\":\"https:\/\/schema.org\",\"@graph\":[{\"@type\":\"WebSite\",\"@id\":\"https:\/\/www.zsk.olsztyn.pl\/przedszkole\/#website\",\"url\":\"https:\/\/www.zsk.olsztyn.pl\/przedszkole\/\",\"name\":\"Katolicki Zesp\u00f3\u0142 Edukacyjny - Niepubliczne przedszkole\",\"description\":\"Zapraszamy na stron\u0119 katolickiego niepublicznego przedszkola\",\"potentialAction\":[{\"@type\":\"SearchAction\",\"target\":{\"@type\":\"EntryPoint\",\"urlTemplate\":\"https:\/\/www.zsk.olsztyn.pl\/przedszkole\/?s={search_term_string}\"},\"query-input\":\"required name=search_term_string\"}],\"inLanguage\":\"pl-PL\"},{\"@type\":\"ImageObject\",\"@id\":\"https:\/\/www.zsk.olsztyn.pl\/przedszkole\/miedzynarodowy-dzien-praw-dziecka\/#primaryimage\",\"inLanguage\":\"pl-PL\",\"url\":\"https:\/\/www.zsk.olsztyn.pl\/przedszkole\/wp-content\/uploads\/2024\/11\/20201120.1_2.jpg\",\"contentUrl\":\"https:\/\/www.zsk.olsztyn.pl\/przedszkole\/wp-content\/uploads\/2024\/11\/20201120.1_2.jpg\",\"width\":960,\"height\":548},{\"@type\":\"WebPage\",\"@id\":\"https:\/\/www.zsk.olsztyn.pl\/przedszkole\/miedzynarodowy-dzien-praw-dziecka\/#webpage\",\"url\":\"https:\/\/www.zsk.olsztyn.pl\/przedszkole\/miedzynarodowy-dzien-praw-dziecka\/\",\"name\":\"MI\u0118DZYNARODOWY DZIE\u0143 PRAW DZIECKA - Katolicki Zesp\u00f3\u0142 Edukacyjny - Niepubliczne przedszkole\",\"isPartOf\":{\"@id\":\"https:\/\/www.zsk.olsztyn.pl\/przedszkole\/#website\"},\"primaryImageOfPage\":{\"@id\":\"https:\/\/www.zsk.olsztyn.pl\/przedszkole\/miedzynarodowy-dzien-praw-dziecka\/#primaryimage\"},\"datePublished\":\"2024-11-21T09:54:54+00:00\",\"dateModified\":\"2024-11-21T09:54:54+00:00\",\"author\":{\"@id\":\"https:\/\/www.zsk.olsztyn.pl\/przedszkole\/#\/schema\/person\/d918f2da4f27cb7ded309fa67f4d415a\"},\"description\":\"20 listopada to wyj\u0105tkowy dzie\u0144 - dzie\u0144, w kt\u00f3rym uwaga wszystkich kierowana jest na dzieci i ich prawa. Grupa 3-latk\u00f3w, solidaryzuj\u0105c si\u0119 z dzie\u0107mi z\",\"breadcrumb\":{\"@id\":\"https:\/\/www.zsk.olsztyn.pl\/przedszkole\/miedzynarodowy-dzien-praw-dziecka\/#breadcrumb\"},\"inLanguage\":\"pl-PL\",\"potentialAction\":[{\"@type\":\"ReadAction\",\"target\":[\"https:\/\/www.zsk.olsztyn.pl\/przedszkole\/miedzynarodowy-dzien-praw-dziecka\/\"]}]},{\"@type\":\"BreadcrumbList\",\"@id\":\"https:\/\/www.zsk.olsztyn.pl\/przedszkole\/miedzynarodowy-dzien-praw-dziecka\/#breadcrumb\",\"itemListElement\":[{\"@type\":\"ListItem\",\"position\":1,\"name\":\"Strona g\u0142\u00f3wna\",\"item\":\"https:\/\/www.zsk.olsztyn.pl\/przedszkole\/\"},{\"@type\":\"ListItem\",\"position\":2,\"name\":\"MI\u0118DZYNARODOWY DZIE\u0143 PRAW DZIECKA\"}]},{\"@type\":\"Person\",\"@id\":\"https:\/\/www.zsk.olsztyn.pl\/przedszkole\/#\/schema\/person\/d918f2da4f27cb7ded309fa67f4d415a\",\"name\":\"admin\",\"image\":{\"@type\":\"ImageObject\",\"@id\":\"https:\/\/www.zsk.olsztyn.pl\/przedszkole\/#personlogo\",\"inLanguage\":\"pl-PL\",\"url\":\"https:\/\/secure.gravatar.com\/avatar\/4677eccc26cd593f3306dd9613f7e9c7?s=96&d=mm&r=g\",\"contentUrl\":\"https:\/\/secure.gravatar.com\/avatar\/4677eccc26cd593f3306dd9613f7e9c7?s=96&d=mm&r=g\",\"caption\":\"admin\"},\"url\":\"https:\/\/www.zsk.olsztyn.pl\/przedszkole\/author\/admin\/\"}]}<\/script>\n<!-- \/ Yoast SEO plugin. -->","yoast_head_json":{"title":"MI\u0118DZYNARODOWY DZIE\u0143 PRAW DZIECKA - Katolicki Zesp\u00f3\u0142 Edukacyjny - Niepubliczne przedszkole","description":"20 listopada to wyj\u0105tkowy dzie\u0144 - dzie\u0144, w kt\u00f3rym uwaga wszystkich kierowana jest na dzieci i ich prawa. Grupa 3-latk\u00f3w, solidaryzuj\u0105c si\u0119 z dzie\u0107mi z","robots":{"index":"index","follow":"follow","max-snippet":"max-snippet:-1","max-image-preview":"max-image-preview:large","max-video-preview":"max-video-preview:-1"},"canonical":"https:\/\/www.zsk.olsztyn.pl\/przedszkole\/miedzynarodowy-dzien-praw-dziecka\/","twitter_misc":{"Napisane przez":"admin","Szacowany czas czytania":"1 minuta"},"schema":{"@context":"https:\/\/schema.org","@graph":[{"@type":"WebSite","@id":"https:\/\/www.zsk.olsztyn.pl\/przedszkole\/#website","url":"https:\/\/www.zsk.olsztyn.pl\/przedszkole\/","name":"Katolicki Zesp\u00f3\u0142 Edukacyjny - Niepubliczne przedszkole","description":"Zapraszamy na stron\u0119 katolickiego niepublicznego przedszkola","potentialAction":[{"@type":"SearchAction","target":{"@type":"EntryPoint","urlTemplate":"https:\/\/www.zsk.olsztyn.pl\/przedszkole\/?s={search_term_string}"},"query-input":"required name=search_term_string"}],"inLanguage":"pl-PL"},{"@type":"ImageObject","@id":"https:\/\/www.zsk.olsztyn.pl\/przedszkole\/miedzynarodowy-dzien-praw-dziecka\/#primaryimage","inLanguage":"pl-PL","url":"https:\/\/www.zsk.olsztyn.pl\/przedszkole\/wp-content\/uploads\/2024\/11\/20201120.1_2.jpg","contentUrl":"https:\/\/www.zsk.olsztyn.pl\/przedszkole\/wp-content\/uploads\/2024\/11\/20201120.1_2.jpg","width":960,"height":548},{"@type":"WebPage","@id":"https:\/\/www.zsk.olsztyn.pl\/przedszkole\/miedzynarodowy-dzien-praw-dziecka\/#webpage","url":"https:\/\/www.zsk.olsztyn.pl\/przedszkole\/miedzynarodowy-dzien-praw-dziecka\/","name":"MI\u0118DZYNARODOWY DZIE\u0143 PRAW DZIECKA - Katolicki Zesp\u00f3\u0142 Edukacyjny - Niepubliczne przedszkole","isPartOf":{"@id":"https:\/\/www.zsk.olsztyn.pl\/przedszkole\/#website"},"primaryImageOfPage":{"@id":"https:\/\/www.zsk.olsztyn.pl\/przedszkole\/miedzynarodowy-dzien-praw-dziecka\/#primaryimage"},"datePublished":"2024-11-21T09:54:54+00:00","dateModified":"2024-11-21T09:54:54+00:00","author":{"@id":"https:\/\/www.zsk.olsztyn.pl\/przedszkole\/#\/schema\/person\/d918f2da4f27cb7ded309fa67f4d415a"},"description":"20 listopada to wyj\u0105tkowy dzie\u0144 - dzie\u0144, w kt\u00f3rym uwaga wszystkich kierowana jest na dzieci i ich prawa. Grupa 3-latk\u00f3w, solidaryzuj\u0105c si\u0119 z dzie\u0107mi z","breadcrumb":{"@id":"https:\/\/www.zsk.olsztyn.pl\/przedszkole\/miedzynarodowy-dzien-praw-dziecka\/#breadcrumb"},"inLanguage":"pl-PL","potentialAction":[{"@type":"ReadAction","target":["https:\/\/www.zsk.olsztyn.pl\/przedszkole\/miedzynarodowy-dzien-praw-dziecka\/"]}]},{"@type":"BreadcrumbList","@id":"https:\/\/www.zsk.olsztyn.pl\/przedszkole\/miedzynarodowy-dzien-praw-dziecka\/#breadcrumb","itemListElement":[{"@type":"ListItem","position":1,"name":"Strona g\u0142\u00f3wna","item":"https:\/\/www.zsk.olsztyn.pl\/przedszkole\/"},{"@type":"ListItem","position":2,"name":"MI\u0118DZYNARODOWY DZIE\u0143 PRAW DZIECKA"}]},{"@type":"Person","@id":"https:\/\/www.zsk.olsztyn.pl\/przedszkole\/#\/schema\/person\/d918f2da4f27cb7ded309fa67f4d415a","name":"admin","image":{"@type":"ImageObject","@id":"https:\/\/www.zsk.olsztyn.pl\/przedszkole\/#personlogo","inLanguage":"pl-PL","url":"https:\/\/secure.gravatar.com\/avatar\/4677eccc26cd593f3306dd9613f7e9c7?s=96&d=mm&r=g","contentUrl":"https:\/\/secure.gravatar.com\/avatar\/4677eccc26cd593f3306dd9613f7e9c7?s=96&d=mm&r=g","caption":"admin"},"url":"https:\/\/www.zsk.olsztyn.pl\/przedszkole\/author\/admin\/"}]}},"_links":{"self":[{"href":"https:\/\/www.zsk.olsztyn.pl\/przedszkole\/wp-json\/wp\/v2\/posts\/21968"}],"collection":[{"href":"https:\/\/www.zsk.olsztyn.pl\/przedszkole\/wp-json\/wp\/v2\/posts"}],"about":[{"href":"https:\/\/www.zsk.olsztyn.pl\/przedszkole\/wp-json\/wp\/v2\/types\/post"}],"author":[{"embeddable":true,"href":"https:\/\/www.zsk.olsztyn.pl\/przedszkole\/wp-json\/wp\/v2\/users\/1"}],"replies":[{"embeddable":true,"href":"https:\/\/www.zsk.olsztyn.pl\/przedszkole\/wp-json\/wp\/v2\/comments?post=21968"}],"version-history":[{"count":1,"href":"https:\/\/www.zsk.olsztyn.pl\/przedszkole\/wp-json\/wp\/v2\/posts\/21968\/revisions"}],"predecessor-version":[{"id":21976,"href":"https:\/\/www.zsk.olsztyn.pl\/przedszkole\/wp-json\/wp\/v2\/posts\/21968\/revisions\/21976"}],"wp:featuredmedia":[{"embeddable":true,"href":"https:\/\/www.zsk.olsztyn.pl\/przedszkole\/wp-json\/wp\/v2\/media\/21975"}],"wp:attachment":[{"href":"https:\/\/www.zsk.olsztyn.pl\/przedszkole\/wp-json\/wp\/v2\/media?parent=21968"}],"wp:term":[{"taxonomy":"category","embeddable":true,"href":"https:\/\/www.zsk.olsztyn.pl\/przedszkole\/wp-json\/wp\/v2\/categories?post=21968"},{"taxonomy":"post_tag","embeddable":true,"href":"https:\/\/www.zsk.olsztyn.pl\/przedszkole\/wp-json\/wp\/v2\/tags?post=21968"}],"curies":[{"name":"wp","href":"https:\/\/api.w.org\/{rel}","templated":true}]}}