{"id":21927,"date":"2024-11-18T09:37:20","date_gmt":"2024-11-18T07:37:20","guid":{"rendered":"https:\/\/www.zsk.olsztyn.pl\/przedszkole\/?p=21927"},"modified":"2024-11-21T12:06:05","modified_gmt":"2024-11-21T10:06:05","slug":"zajecia-z-rekodziela-ludowego-vi","status":"publish","type":"post","link":"https:\/\/www.zsk.olsztyn.pl\/przedszkole\/zajecia-z-rekodziela-ludowego-vi\/","title":{"rendered":"VI ZAJ\u0118CIA Z R\u0118KODZIE\u0141A LUDOWEGO"},"content":{"rendered":"<p>[vc_row][vc_column][vc_column_text]<\/p>\n<p style=\"text-align: center;\">Realizacja zadania projektu . \u201ePodr\u00f3\u017c \u015bladami dawnej Warmii\u201d, realizowanego w ramach programu<br \/>\n\u201e Kto ty jeste\u015b?- Polak ma\u0142y\u201d\u2013 Modu\u0142u 2 . ,,Kultura dla przedszkola\u201d<br \/>\nUstanowionego przez Ministra Edukacji Narodowej 2024r.<br \/>\nrealizowanego w Niepublicznym Przedszkolu im. \u015awi\u0119tej Rodziny,<br \/>\nw okresie 01.10.2024 r. \u2013 31.12.2024 r.<\/p>\n<p style=\"text-align: center;\"><strong>Zaj\u0119cia r\u0119kodzie\u0142a ludowego- dzia\u0142anie nr I.3<\/strong><br \/>\n<strong>VI zaj\u0119cia<\/strong><\/p>\n<p>18.11.2024 r. grupa 4 latk\u00f3w zosta\u0142a wprowadzona w \u015bwiat warmi\u0144skiej ceramiki. Dzieci zosta\u0142y zapoznane z poj\u0119ciem ceramiki, sposobami lepienia naczy\u0144. Odpowiedzia\u0142y sobie na pytanie dlaczego naczynia nale\u017cy wypala\u0107 w piecu ceramicznym a nie piekarniku. 4 \u2013latki zosta\u0142y zapoznane z technik\u0105 lepienia naczy\u0144 z \u201ep\u0142ata\u201d. Nast\u0119pnie z masy samoutwardzalnej wykona\u0142y miseczk\u0119. Ogromny entuzjazm towarzyszy\u0142 wa\u0142kowaniu, odciskaniu wzor\u00f3w z koronek i stemplowaniu miseczek.<br \/>\nDzieci z grupy 5 latk\u00f3w zosta\u0142y wprowadzone w \u015bwiat warmi\u0144skiej tradycji ludowej zwi\u0105zanej z prowadzeniem domu, przygotowaniem posagu dla panny wychodz\u0105cej za m\u0105\u017c, a tak\u017ce z dziedzictwem kulturowym zwi\u0105zanym z wyposa\u017ceniem domu. Dzieci pozna\u0142y cel i funkcje skrzy\u0144 posa\u017cnych, a tak\u017ce ich wzornictwo. Dzieci otrzyma\u0142y w\u0142asne skrzyneczki, kt\u00f3re mog\u0142y pomalowa\u0107 farbami i ozdobi\u0107 wzorami kwiatowymi, zgodnie z tradycj\u0105 panuj\u0105c\u0105 niegdy\u015b na Warmii.<br \/>\nNatomiast grupa 6- latk\u00f3w zosta\u0142a wprowadzona w \u015bwiat warmi\u0144skiej tradycji ludowej zwi\u0105zanej z wycinank\u0105. Dzieci pozna\u0142y charakterystyczne cechy wycinanek ludowych, ich pochodzenie i funkcje oraz zapozna\u0142y si\u0119 z poj\u0119ciem osi symetrii, kt\u00f3r\u0105 musia\u0142y potem wykorzysta\u0107 w swojej pracy. Na kolorowym papierze odrysowywa\u0142y wzory z szablon\u00f3w, kt\u00f3re potem wycina\u0142y i przykleja\u0142y do czarnej kartki. Dzieci mia\u0142y okazj\u0119 zapozna\u0107 si\u0119 z konkretnymi wzorami i motywami, kt\u00f3re na tych terenach w du\u017cej mierze podlega\u0142y wp\u0142ywom mazurskim.[\/vc_column_text][na_galerie_listing ids=&#8221;21928,21929,21930,21931,21932,21933,21934,21935,21936,21937,21938,21939,21940,21941,21942,21943,21944,21945,21946,21947,21948,21949,21950,21951,21952,21953&#8243;][na_galerie_listing ids=&#8221;21978,21979,21980,21981,21982,21983,21984,21985,21986,21987&#8243;][\/vc_column][\/vc_row]<\/p>\n","protected":false},"excerpt":{"rendered":"<p>[vc_row][vc_column][vc_column_text] Realizacja zadania projektu . \u201ePodr\u00f3\u017c \u015bladami dawnej Warmii\u201d, realizowanego w ramach programu \u201e Kto ty jeste\u015b?- Polak ma\u0142y\u201d\u2013 Modu\u0142u 2 . ,,Kultura dla przedszkola\u201d Ustanowionego przez Ministra Edukacji Narodowej 2024r. realizowanego w Niepublicznym Przedszkolu im. \u015awi\u0119tej Rodziny, w okresie 01.10.2024 r. \u2013 31.12.2024 r. Zaj\u0119cia r\u0119kodzie\u0142a ludowego- dzia\u0142anie nr I.3 VI zaj\u0119cia 18.11.2024 r.<\/p>\n","protected":false},"author":1,"featured_media":21935,"comment_status":"closed","ping_status":"open","sticky":false,"template":"","format":"standard","meta":[],"categories":[240,241,242,247],"tags":[],"yoast_head":"<!-- This site is optimized with the Yoast SEO plugin v18.2 - https:\/\/yoast.com\/wordpress\/plugins\/seo\/ -->\n<title>VI ZAJ\u0118CIA Z R\u0118KODZIE\u0141A LUDOWEGO - Katolicki Zesp\u00f3\u0142 Edukacyjny - Niepubliczne przedszkole<\/title>\n<meta name=\"description\" content=\"Realizacja zadania projektu . \u201ePodr\u00f3\u017c \u015bladami dawnej Warmii\u201d, realizowanego w ramach programu \u201e Kto ty jeste\u015b?- Polak ma\u0142y\u201d\u2013 Modu\u0142u 2 . ,,Kultura dla\" \/>\n<meta name=\"robots\" content=\"index, follow, max-snippet:-1, max-image-preview:large, max-video-preview:-1\" \/>\n<link rel=\"canonical\" href=\"https:\/\/www.zsk.olsztyn.pl\/przedszkole\/zajecia-z-rekodziela-ludowego-vi\/\" \/>\n<meta name=\"twitter:label1\" content=\"Napisane przez\" \/>\n\t<meta name=\"twitter:data1\" content=\"admin\" \/>\n\t<meta name=\"twitter:label2\" content=\"Szacowany czas czytania\" \/>\n\t<meta name=\"twitter:data2\" content=\"2 minuty\" \/>\n<script type=\"application\/ld+json\" class=\"yoast-schema-graph\">{\"@context\":\"https:\/\/schema.org\",\"@graph\":[{\"@type\":\"WebSite\",\"@id\":\"https:\/\/www.zsk.olsztyn.pl\/przedszkole\/#website\",\"url\":\"https:\/\/www.zsk.olsztyn.pl\/przedszkole\/\",\"name\":\"Katolicki Zesp\u00f3\u0142 Edukacyjny - Niepubliczne przedszkole\",\"description\":\"Zapraszamy na stron\u0119 katolickiego niepublicznego przedszkola\",\"potentialAction\":[{\"@type\":\"SearchAction\",\"target\":{\"@type\":\"EntryPoint\",\"urlTemplate\":\"https:\/\/www.zsk.olsztyn.pl\/przedszkole\/?s={search_term_string}\"},\"query-input\":\"required name=search_term_string\"}],\"inLanguage\":\"pl-PL\"},{\"@type\":\"ImageObject\",\"@id\":\"https:\/\/www.zsk.olsztyn.pl\/przedszkole\/zajecia-z-rekodziela-ludowego-vi\/#primaryimage\",\"inLanguage\":\"pl-PL\",\"url\":\"https:\/\/www.zsk.olsztyn.pl\/przedszkole\/wp-content\/uploads\/2024\/11\/20241118_132040-scaled.jpg\",\"contentUrl\":\"https:\/\/www.zsk.olsztyn.pl\/przedszkole\/wp-content\/uploads\/2024\/11\/20241118_132040-scaled.jpg\",\"width\":1440,\"height\":2560},{\"@type\":\"WebPage\",\"@id\":\"https:\/\/www.zsk.olsztyn.pl\/przedszkole\/zajecia-z-rekodziela-ludowego-vi\/#webpage\",\"url\":\"https:\/\/www.zsk.olsztyn.pl\/przedszkole\/zajecia-z-rekodziela-ludowego-vi\/\",\"name\":\"VI ZAJ\u0118CIA Z R\u0118KODZIE\u0141A LUDOWEGO - Katolicki Zesp\u00f3\u0142 Edukacyjny - Niepubliczne przedszkole\",\"isPartOf\":{\"@id\":\"https:\/\/www.zsk.olsztyn.pl\/przedszkole\/#website\"},\"primaryImageOfPage\":{\"@id\":\"https:\/\/www.zsk.olsztyn.pl\/przedszkole\/zajecia-z-rekodziela-ludowego-vi\/#primaryimage\"},\"datePublished\":\"2024-11-18T07:37:20+00:00\",\"dateModified\":\"2024-11-21T10:06:05+00:00\",\"author\":{\"@id\":\"https:\/\/www.zsk.olsztyn.pl\/przedszkole\/#\/schema\/person\/d918f2da4f27cb7ded309fa67f4d415a\"},\"description\":\"Realizacja zadania projektu . \u201ePodr\u00f3\u017c \u015bladami dawnej Warmii\u201d, realizowanego w ramach programu \u201e Kto ty jeste\u015b?- Polak ma\u0142y\u201d\u2013 Modu\u0142u 2 . ,,Kultura dla\",\"breadcrumb\":{\"@id\":\"https:\/\/www.zsk.olsztyn.pl\/przedszkole\/zajecia-z-rekodziela-ludowego-vi\/#breadcrumb\"},\"inLanguage\":\"pl-PL\",\"potentialAction\":[{\"@type\":\"ReadAction\",\"target\":[\"https:\/\/www.zsk.olsztyn.pl\/przedszkole\/zajecia-z-rekodziela-ludowego-vi\/\"]}]},{\"@type\":\"BreadcrumbList\",\"@id\":\"https:\/\/www.zsk.olsztyn.pl\/przedszkole\/zajecia-z-rekodziela-ludowego-vi\/#breadcrumb\",\"itemListElement\":[{\"@type\":\"ListItem\",\"position\":1,\"name\":\"Strona g\u0142\u00f3wna\",\"item\":\"https:\/\/www.zsk.olsztyn.pl\/przedszkole\/\"},{\"@type\":\"ListItem\",\"position\":2,\"name\":\"VI ZAJ\u0118CIA Z R\u0118KODZIE\u0141A LUDOWEGO\"}]},{\"@type\":\"Person\",\"@id\":\"https:\/\/www.zsk.olsztyn.pl\/przedszkole\/#\/schema\/person\/d918f2da4f27cb7ded309fa67f4d415a\",\"name\":\"admin\",\"image\":{\"@type\":\"ImageObject\",\"@id\":\"https:\/\/www.zsk.olsztyn.pl\/przedszkole\/#personlogo\",\"inLanguage\":\"pl-PL\",\"url\":\"https:\/\/secure.gravatar.com\/avatar\/4677eccc26cd593f3306dd9613f7e9c7?s=96&d=mm&r=g\",\"contentUrl\":\"https:\/\/secure.gravatar.com\/avatar\/4677eccc26cd593f3306dd9613f7e9c7?s=96&d=mm&r=g\",\"caption\":\"admin\"},\"url\":\"https:\/\/www.zsk.olsztyn.pl\/przedszkole\/author\/admin\/\"}]}<\/script>\n<!-- \/ Yoast SEO plugin. -->","yoast_head_json":{"title":"VI ZAJ\u0118CIA Z R\u0118KODZIE\u0141A LUDOWEGO - Katolicki Zesp\u00f3\u0142 Edukacyjny - Niepubliczne przedszkole","description":"Realizacja zadania projektu . \u201ePodr\u00f3\u017c \u015bladami dawnej Warmii\u201d, realizowanego w ramach programu \u201e Kto ty jeste\u015b?- Polak ma\u0142y\u201d\u2013 Modu\u0142u 2 . ,,Kultura dla","robots":{"index":"index","follow":"follow","max-snippet":"max-snippet:-1","max-image-preview":"max-image-preview:large","max-video-preview":"max-video-preview:-1"},"canonical":"https:\/\/www.zsk.olsztyn.pl\/przedszkole\/zajecia-z-rekodziela-ludowego-vi\/","twitter_misc":{"Napisane przez":"admin","Szacowany czas czytania":"2 minuty"},"schema":{"@context":"https:\/\/schema.org","@graph":[{"@type":"WebSite","@id":"https:\/\/www.zsk.olsztyn.pl\/przedszkole\/#website","url":"https:\/\/www.zsk.olsztyn.pl\/przedszkole\/","name":"Katolicki Zesp\u00f3\u0142 Edukacyjny - Niepubliczne przedszkole","description":"Zapraszamy na stron\u0119 katolickiego niepublicznego przedszkola","potentialAction":[{"@type":"SearchAction","target":{"@type":"EntryPoint","urlTemplate":"https:\/\/www.zsk.olsztyn.pl\/przedszkole\/?s={search_term_string}"},"query-input":"required name=search_term_string"}],"inLanguage":"pl-PL"},{"@type":"ImageObject","@id":"https:\/\/www.zsk.olsztyn.pl\/przedszkole\/zajecia-z-rekodziela-ludowego-vi\/#primaryimage","inLanguage":"pl-PL","url":"https:\/\/www.zsk.olsztyn.pl\/przedszkole\/wp-content\/uploads\/2024\/11\/20241118_132040-scaled.jpg","contentUrl":"https:\/\/www.zsk.olsztyn.pl\/przedszkole\/wp-content\/uploads\/2024\/11\/20241118_132040-scaled.jpg","width":1440,"height":2560},{"@type":"WebPage","@id":"https:\/\/www.zsk.olsztyn.pl\/przedszkole\/zajecia-z-rekodziela-ludowego-vi\/#webpage","url":"https:\/\/www.zsk.olsztyn.pl\/przedszkole\/zajecia-z-rekodziela-ludowego-vi\/","name":"VI ZAJ\u0118CIA Z R\u0118KODZIE\u0141A LUDOWEGO - Katolicki Zesp\u00f3\u0142 Edukacyjny - Niepubliczne przedszkole","isPartOf":{"@id":"https:\/\/www.zsk.olsztyn.pl\/przedszkole\/#website"},"primaryImageOfPage":{"@id":"https:\/\/www.zsk.olsztyn.pl\/przedszkole\/zajecia-z-rekodziela-ludowego-vi\/#primaryimage"},"datePublished":"2024-11-18T07:37:20+00:00","dateModified":"2024-11-21T10:06:05+00:00","author":{"@id":"https:\/\/www.zsk.olsztyn.pl\/przedszkole\/#\/schema\/person\/d918f2da4f27cb7ded309fa67f4d415a"},"description":"Realizacja zadania projektu . \u201ePodr\u00f3\u017c \u015bladami dawnej Warmii\u201d, realizowanego w ramach programu \u201e Kto ty jeste\u015b?- Polak ma\u0142y\u201d\u2013 Modu\u0142u 2 . ,,Kultura dla","breadcrumb":{"@id":"https:\/\/www.zsk.olsztyn.pl\/przedszkole\/zajecia-z-rekodziela-ludowego-vi\/#breadcrumb"},"inLanguage":"pl-PL","potentialAction":[{"@type":"ReadAction","target":["https:\/\/www.zsk.olsztyn.pl\/przedszkole\/zajecia-z-rekodziela-ludowego-vi\/"]}]},{"@type":"BreadcrumbList","@id":"https:\/\/www.zsk.olsztyn.pl\/przedszkole\/zajecia-z-rekodziela-ludowego-vi\/#breadcrumb","itemListElement":[{"@type":"ListItem","position":1,"name":"Strona g\u0142\u00f3wna","item":"https:\/\/www.zsk.olsztyn.pl\/przedszkole\/"},{"@type":"ListItem","position":2,"name":"VI ZAJ\u0118CIA Z R\u0118KODZIE\u0141A LUDOWEGO"}]},{"@type":"Person","@id":"https:\/\/www.zsk.olsztyn.pl\/przedszkole\/#\/schema\/person\/d918f2da4f27cb7ded309fa67f4d415a","name":"admin","image":{"@type":"ImageObject","@id":"https:\/\/www.zsk.olsztyn.pl\/przedszkole\/#personlogo","inLanguage":"pl-PL","url":"https:\/\/secure.gravatar.com\/avatar\/4677eccc26cd593f3306dd9613f7e9c7?s=96&d=mm&r=g","contentUrl":"https:\/\/secure.gravatar.com\/avatar\/4677eccc26cd593f3306dd9613f7e9c7?s=96&d=mm&r=g","caption":"admin"},"url":"https:\/\/www.zsk.olsztyn.pl\/przedszkole\/author\/admin\/"}]}},"_links":{"self":[{"href":"https:\/\/www.zsk.olsztyn.pl\/przedszkole\/wp-json\/wp\/v2\/posts\/21927"}],"collection":[{"href":"https:\/\/www.zsk.olsztyn.pl\/przedszkole\/wp-json\/wp\/v2\/posts"}],"about":[{"href":"https:\/\/www.zsk.olsztyn.pl\/przedszkole\/wp-json\/wp\/v2\/types\/post"}],"author":[{"embeddable":true,"href":"https:\/\/www.zsk.olsztyn.pl\/przedszkole\/wp-json\/wp\/v2\/users\/1"}],"replies":[{"embeddable":true,"href":"https:\/\/www.zsk.olsztyn.pl\/przedszkole\/wp-json\/wp\/v2\/comments?post=21927"}],"version-history":[{"count":4,"href":"https:\/\/www.zsk.olsztyn.pl\/przedszkole\/wp-json\/wp\/v2\/posts\/21927\/revisions"}],"predecessor-version":[{"id":21988,"href":"https:\/\/www.zsk.olsztyn.pl\/przedszkole\/wp-json\/wp\/v2\/posts\/21927\/revisions\/21988"}],"wp:featuredmedia":[{"embeddable":true,"href":"https:\/\/www.zsk.olsztyn.pl\/przedszkole\/wp-json\/wp\/v2\/media\/21935"}],"wp:attachment":[{"href":"https:\/\/www.zsk.olsztyn.pl\/przedszkole\/wp-json\/wp\/v2\/media?parent=21927"}],"wp:term":[{"taxonomy":"category","embeddable":true,"href":"https:\/\/www.zsk.olsztyn.pl\/przedszkole\/wp-json\/wp\/v2\/categories?post=21927"},{"taxonomy":"post_tag","embeddable":true,"href":"https:\/\/www.zsk.olsztyn.pl\/przedszkole\/wp-json\/wp\/v2\/tags?post=21927"}],"curies":[{"name":"wp","href":"https:\/\/api.w.org\/{rel}","templated":true}]}}