{"id":21746,"date":"2024-10-21T12:07:58","date_gmt":"2024-10-21T10:07:58","guid":{"rendered":"https:\/\/www.zsk.olsztyn.pl\/przedszkole\/?p=21746"},"modified":"2024-11-13T12:09:49","modified_gmt":"2024-11-13T10:09:49","slug":"21746-2","status":"publish","type":"post","link":"https:\/\/www.zsk.olsztyn.pl\/przedszkole\/21746-2\/","title":{"rendered":"III ZAJ\u0118CIA Z R\u0118KODZIA\u0141A LUDOWEGO"},"content":{"rendered":"<p>[vc_row][vc_column][vc_column_text]<\/p>\n<p style=\"text-align: center;\">Realizacja zadania projektu . \u201ePodr\u00f3\u017c \u015bladami dawnej Warmii\u201d, realizowanego w ramach programu<br \/>\n\u201e Kto ty jeste\u015b?- Polak ma\u0142y\u201d\u2013 Modu\u0142u 2 . ,,Kultura dla przedszkola\u201d<br \/>\nUstanowionego przez Ministra Edukacji Narodowej 2024r.<br \/>\nrealizowanego w Niepublicznym Przedszkolu im. \u015awi\u0119tej Rodziny,<br \/>\nw okresie 01.10.2024 r. \u2013 31.12.2024 r.<\/p>\n<p style=\"text-align: center;\"><strong>Zaj\u0119cia r\u0119kodzie\u0142a ludowego- dzia\u0142anie nr I.3<\/strong><br \/>\n<strong>III zaj\u0119cia \u2013 21.10.2024r.<\/strong><\/p>\n<p>Dnia 21.10.2024 r. w grupie dzieci 4 letnich odby\u0142y si\u0119 zaj\u0119cia pt. \u201eWarmi\u0144ski las jesieni\u0105 cz. 2\u201d. Dzieci wycina\u0142y odbite przez siebie kolorowe li\u015bcie, a nast\u0119pnie tworzy\u0142y kompozycj\u0119, kt\u00f3ra kojarzy\u0142a im si\u0119 z warmi\u0144skim jesiennym lasem. Prace wysz\u0142y pi\u0119kne, kolorowe, w barwach jesieni. Mi\u0142o by\u0142o patrze\u0107 na ich zaanga\u017cowanie w proces tw\u00f3rczy, zabaw\u0119 kolorami, tworzenie historii do swoich prac.<br \/>\nNatomiast dzieci z grupy 5 latk\u00f3w na zaj\u0119ciach z R\u0119kodzie\u0142a ludowego robi\u0142y \u201ePrzeplatanki, wyszywanki, wycinanki\u201d. Dzieci mia\u0142y okazj\u0119 zapozna\u0107 si\u0119 z histori\u0105 i charakterystycznymi cechami geometrycznej wycinanki ludowej. Same tworzy\u0142y swoje w\u0142asne wycinanki, kt\u00f3re przyklei\u0142y do pomalowanych wcze\u015bniej papierowych talerzyk\u00f3w. Tak przygotowane prace b\u0119d\u0105 wyszywane na kolejnych zaj\u0119ciach.<br \/>\nW najstarszej grupie- 6 latk\u00f3w zaj\u0119cia odby\u0142y si\u0119 o tematyce. \u201eSerwetki we\u0142n\u0105 malowane\u201d. Podczas zaj\u0119\u0107 dzieci dowiedzia\u0142y si\u0119 sk\u0105d Warmiacy pozyskiwali we\u0142n\u0105 i prz\u0119dz\u0119 lnian\u0105, jak wygl\u0105da\u0142o tradycyjne strzy\u017cenie owiec i jak uzyska\u0107 barwn\u0105 we\u0142n\u0119 czesankow\u0105. Nast\u0119pnie dzieci mog\u0142y obejrze\u0107 jak wygl\u0105da filcowanie we\u0142ny na mokro. Po pokazie ka\u017cde z dzieci wybra\u0142o sobie kolorow\u0105 we\u0142n\u0119 czesankow\u0105 i mog\u0142o stworzy\u0107 w\u0142asn\u0105 i niepowtarzaln\u0105 serwetk\u0119. I tak powsta\u0142y dzie\u0142a z pi\u0119knymi, barwnymi kwiatami, serduszkami, u\u015bmiechami, pieskami czy dinozaurem, czyli z tym co dzieci znaj\u0105 najlepiej. Zupe\u0142nie jak dawni Warmiacy, w tw\u00f3rczo\u015bci kt\u00f3rych dominowa\u0142y motywy, kt\u00f3re znali ze swojego najbli\u017cszego otoczenia.[\/vc_column_text][na_galerie_listing ids=&#8221;21747,21748,21749,21750,21751,21752,21753,21754,21755,21757,21758,21759,21760,21761,21762,21763,21764,21765,21766,21767,21768,21769,21770,21771,21772&#8243;][\/vc_column][\/vc_row]<\/p>\n","protected":false},"excerpt":{"rendered":"<p>[vc_row][vc_column][vc_column_text] Realizacja zadania projektu . \u201ePodr\u00f3\u017c \u015bladami dawnej Warmii\u201d, realizowanego w ramach programu \u201e Kto ty jeste\u015b?- Polak ma\u0142y\u201d\u2013 Modu\u0142u 2 . ,,Kultura dla przedszkola\u201d Ustanowionego przez Ministra Edukacji Narodowej 2024r. realizowanego w Niepublicznym Przedszkolu im. \u015awi\u0119tej Rodziny, w okresie 01.10.2024 r. \u2013 31.12.2024 r. Zaj\u0119cia r\u0119kodzie\u0142a ludowego- dzia\u0142anie nr I.3 III zaj\u0119cia \u2013 21.10.2024r.<\/p>\n","protected":false},"author":1,"featured_media":21772,"comment_status":"closed","ping_status":"open","sticky":false,"template":"","format":"standard","meta":[],"categories":[240,241,242,247],"tags":[],"yoast_head":"<!-- This site is optimized with the Yoast SEO plugin v18.2 - https:\/\/yoast.com\/wordpress\/plugins\/seo\/ -->\n<title>III ZAJ\u0118CIA Z R\u0118KODZIA\u0141A LUDOWEGO - Katolicki Zesp\u00f3\u0142 Edukacyjny - Niepubliczne przedszkole<\/title>\n<meta name=\"description\" content=\"Realizacja zadania projektu . \u201ePodr\u00f3\u017c \u015bladami dawnej Warmii\u201d, realizowanego w ramach programu \u201e Kto ty jeste\u015b?- Polak ma\u0142y\u201d\u2013 Modu\u0142u 2 . ,,Kultura dla\" \/>\n<meta name=\"robots\" content=\"index, follow, max-snippet:-1, max-image-preview:large, max-video-preview:-1\" \/>\n<link rel=\"canonical\" href=\"https:\/\/www.zsk.olsztyn.pl\/przedszkole\/21746-2\/\" \/>\n<meta name=\"twitter:label1\" content=\"Napisane przez\" \/>\n\t<meta name=\"twitter:data1\" content=\"admin\" \/>\n\t<meta name=\"twitter:label2\" content=\"Szacowany czas czytania\" \/>\n\t<meta name=\"twitter:data2\" content=\"2 minuty\" \/>\n<script type=\"application\/ld+json\" class=\"yoast-schema-graph\">{\"@context\":\"https:\/\/schema.org\",\"@graph\":[{\"@type\":\"WebSite\",\"@id\":\"https:\/\/www.zsk.olsztyn.pl\/przedszkole\/#website\",\"url\":\"https:\/\/www.zsk.olsztyn.pl\/przedszkole\/\",\"name\":\"Katolicki Zesp\u00f3\u0142 Edukacyjny - Niepubliczne przedszkole\",\"description\":\"Zapraszamy na stron\u0119 katolickiego niepublicznego przedszkola\",\"potentialAction\":[{\"@type\":\"SearchAction\",\"target\":{\"@type\":\"EntryPoint\",\"urlTemplate\":\"https:\/\/www.zsk.olsztyn.pl\/przedszkole\/?s={search_term_string}\"},\"query-input\":\"required name=search_term_string\"}],\"inLanguage\":\"pl-PL\"},{\"@type\":\"ImageObject\",\"@id\":\"https:\/\/www.zsk.olsztyn.pl\/przedszkole\/21746-2\/#primaryimage\",\"inLanguage\":\"pl-PL\",\"url\":\"https:\/\/www.zsk.olsztyn.pl\/przedszkole\/wp-content\/uploads\/2024\/11\/20241021_130746-scaled.jpg\",\"contentUrl\":\"https:\/\/www.zsk.olsztyn.pl\/przedszkole\/wp-content\/uploads\/2024\/11\/20241021_130746-scaled.jpg\",\"width\":2560,\"height\":1440},{\"@type\":\"WebPage\",\"@id\":\"https:\/\/www.zsk.olsztyn.pl\/przedszkole\/21746-2\/#webpage\",\"url\":\"https:\/\/www.zsk.olsztyn.pl\/przedszkole\/21746-2\/\",\"name\":\"III ZAJ\u0118CIA Z R\u0118KODZIA\u0141A LUDOWEGO - Katolicki Zesp\u00f3\u0142 Edukacyjny - Niepubliczne przedszkole\",\"isPartOf\":{\"@id\":\"https:\/\/www.zsk.olsztyn.pl\/przedszkole\/#website\"},\"primaryImageOfPage\":{\"@id\":\"https:\/\/www.zsk.olsztyn.pl\/przedszkole\/21746-2\/#primaryimage\"},\"datePublished\":\"2024-10-21T10:07:58+00:00\",\"dateModified\":\"2024-11-13T10:09:49+00:00\",\"author\":{\"@id\":\"https:\/\/www.zsk.olsztyn.pl\/przedszkole\/#\/schema\/person\/d918f2da4f27cb7ded309fa67f4d415a\"},\"description\":\"Realizacja zadania projektu . \u201ePodr\u00f3\u017c \u015bladami dawnej Warmii\u201d, realizowanego w ramach programu \u201e Kto ty jeste\u015b?- Polak ma\u0142y\u201d\u2013 Modu\u0142u 2 . ,,Kultura dla\",\"breadcrumb\":{\"@id\":\"https:\/\/www.zsk.olsztyn.pl\/przedszkole\/21746-2\/#breadcrumb\"},\"inLanguage\":\"pl-PL\",\"potentialAction\":[{\"@type\":\"ReadAction\",\"target\":[\"https:\/\/www.zsk.olsztyn.pl\/przedszkole\/21746-2\/\"]}]},{\"@type\":\"BreadcrumbList\",\"@id\":\"https:\/\/www.zsk.olsztyn.pl\/przedszkole\/21746-2\/#breadcrumb\",\"itemListElement\":[{\"@type\":\"ListItem\",\"position\":1,\"name\":\"Strona g\u0142\u00f3wna\",\"item\":\"https:\/\/www.zsk.olsztyn.pl\/przedszkole\/\"},{\"@type\":\"ListItem\",\"position\":2,\"name\":\"III ZAJ\u0118CIA Z R\u0118KODZIA\u0141A LUDOWEGO\"}]},{\"@type\":\"Person\",\"@id\":\"https:\/\/www.zsk.olsztyn.pl\/przedszkole\/#\/schema\/person\/d918f2da4f27cb7ded309fa67f4d415a\",\"name\":\"admin\",\"image\":{\"@type\":\"ImageObject\",\"@id\":\"https:\/\/www.zsk.olsztyn.pl\/przedszkole\/#personlogo\",\"inLanguage\":\"pl-PL\",\"url\":\"https:\/\/secure.gravatar.com\/avatar\/4677eccc26cd593f3306dd9613f7e9c7?s=96&d=mm&r=g\",\"contentUrl\":\"https:\/\/secure.gravatar.com\/avatar\/4677eccc26cd593f3306dd9613f7e9c7?s=96&d=mm&r=g\",\"caption\":\"admin\"},\"url\":\"https:\/\/www.zsk.olsztyn.pl\/przedszkole\/author\/admin\/\"}]}<\/script>\n<!-- \/ Yoast SEO plugin. -->","yoast_head_json":{"title":"III ZAJ\u0118CIA Z R\u0118KODZIA\u0141A LUDOWEGO - Katolicki Zesp\u00f3\u0142 Edukacyjny - Niepubliczne przedszkole","description":"Realizacja zadania projektu . \u201ePodr\u00f3\u017c \u015bladami dawnej Warmii\u201d, realizowanego w ramach programu \u201e Kto ty jeste\u015b?- Polak ma\u0142y\u201d\u2013 Modu\u0142u 2 . ,,Kultura dla","robots":{"index":"index","follow":"follow","max-snippet":"max-snippet:-1","max-image-preview":"max-image-preview:large","max-video-preview":"max-video-preview:-1"},"canonical":"https:\/\/www.zsk.olsztyn.pl\/przedszkole\/21746-2\/","twitter_misc":{"Napisane przez":"admin","Szacowany czas czytania":"2 minuty"},"schema":{"@context":"https:\/\/schema.org","@graph":[{"@type":"WebSite","@id":"https:\/\/www.zsk.olsztyn.pl\/przedszkole\/#website","url":"https:\/\/www.zsk.olsztyn.pl\/przedszkole\/","name":"Katolicki Zesp\u00f3\u0142 Edukacyjny - Niepubliczne przedszkole","description":"Zapraszamy na stron\u0119 katolickiego niepublicznego przedszkola","potentialAction":[{"@type":"SearchAction","target":{"@type":"EntryPoint","urlTemplate":"https:\/\/www.zsk.olsztyn.pl\/przedszkole\/?s={search_term_string}"},"query-input":"required name=search_term_string"}],"inLanguage":"pl-PL"},{"@type":"ImageObject","@id":"https:\/\/www.zsk.olsztyn.pl\/przedszkole\/21746-2\/#primaryimage","inLanguage":"pl-PL","url":"https:\/\/www.zsk.olsztyn.pl\/przedszkole\/wp-content\/uploads\/2024\/11\/20241021_130746-scaled.jpg","contentUrl":"https:\/\/www.zsk.olsztyn.pl\/przedszkole\/wp-content\/uploads\/2024\/11\/20241021_130746-scaled.jpg","width":2560,"height":1440},{"@type":"WebPage","@id":"https:\/\/www.zsk.olsztyn.pl\/przedszkole\/21746-2\/#webpage","url":"https:\/\/www.zsk.olsztyn.pl\/przedszkole\/21746-2\/","name":"III ZAJ\u0118CIA Z R\u0118KODZIA\u0141A LUDOWEGO - Katolicki Zesp\u00f3\u0142 Edukacyjny - Niepubliczne przedszkole","isPartOf":{"@id":"https:\/\/www.zsk.olsztyn.pl\/przedszkole\/#website"},"primaryImageOfPage":{"@id":"https:\/\/www.zsk.olsztyn.pl\/przedszkole\/21746-2\/#primaryimage"},"datePublished":"2024-10-21T10:07:58+00:00","dateModified":"2024-11-13T10:09:49+00:00","author":{"@id":"https:\/\/www.zsk.olsztyn.pl\/przedszkole\/#\/schema\/person\/d918f2da4f27cb7ded309fa67f4d415a"},"description":"Realizacja zadania projektu . \u201ePodr\u00f3\u017c \u015bladami dawnej Warmii\u201d, realizowanego w ramach programu \u201e Kto ty jeste\u015b?- Polak ma\u0142y\u201d\u2013 Modu\u0142u 2 . ,,Kultura dla","breadcrumb":{"@id":"https:\/\/www.zsk.olsztyn.pl\/przedszkole\/21746-2\/#breadcrumb"},"inLanguage":"pl-PL","potentialAction":[{"@type":"ReadAction","target":["https:\/\/www.zsk.olsztyn.pl\/przedszkole\/21746-2\/"]}]},{"@type":"BreadcrumbList","@id":"https:\/\/www.zsk.olsztyn.pl\/przedszkole\/21746-2\/#breadcrumb","itemListElement":[{"@type":"ListItem","position":1,"name":"Strona g\u0142\u00f3wna","item":"https:\/\/www.zsk.olsztyn.pl\/przedszkole\/"},{"@type":"ListItem","position":2,"name":"III ZAJ\u0118CIA Z R\u0118KODZIA\u0141A LUDOWEGO"}]},{"@type":"Person","@id":"https:\/\/www.zsk.olsztyn.pl\/przedszkole\/#\/schema\/person\/d918f2da4f27cb7ded309fa67f4d415a","name":"admin","image":{"@type":"ImageObject","@id":"https:\/\/www.zsk.olsztyn.pl\/przedszkole\/#personlogo","inLanguage":"pl-PL","url":"https:\/\/secure.gravatar.com\/avatar\/4677eccc26cd593f3306dd9613f7e9c7?s=96&d=mm&r=g","contentUrl":"https:\/\/secure.gravatar.com\/avatar\/4677eccc26cd593f3306dd9613f7e9c7?s=96&d=mm&r=g","caption":"admin"},"url":"https:\/\/www.zsk.olsztyn.pl\/przedszkole\/author\/admin\/"}]}},"_links":{"self":[{"href":"https:\/\/www.zsk.olsztyn.pl\/przedszkole\/wp-json\/wp\/v2\/posts\/21746"}],"collection":[{"href":"https:\/\/www.zsk.olsztyn.pl\/przedszkole\/wp-json\/wp\/v2\/posts"}],"about":[{"href":"https:\/\/www.zsk.olsztyn.pl\/przedszkole\/wp-json\/wp\/v2\/types\/post"}],"author":[{"embeddable":true,"href":"https:\/\/www.zsk.olsztyn.pl\/przedszkole\/wp-json\/wp\/v2\/users\/1"}],"replies":[{"embeddable":true,"href":"https:\/\/www.zsk.olsztyn.pl\/przedszkole\/wp-json\/wp\/v2\/comments?post=21746"}],"version-history":[{"count":2,"href":"https:\/\/www.zsk.olsztyn.pl\/przedszkole\/wp-json\/wp\/v2\/posts\/21746\/revisions"}],"predecessor-version":[{"id":21776,"href":"https:\/\/www.zsk.olsztyn.pl\/przedszkole\/wp-json\/wp\/v2\/posts\/21746\/revisions\/21776"}],"wp:featuredmedia":[{"embeddable":true,"href":"https:\/\/www.zsk.olsztyn.pl\/przedszkole\/wp-json\/wp\/v2\/media\/21772"}],"wp:attachment":[{"href":"https:\/\/www.zsk.olsztyn.pl\/przedszkole\/wp-json\/wp\/v2\/media?parent=21746"}],"wp:term":[{"taxonomy":"category","embeddable":true,"href":"https:\/\/www.zsk.olsztyn.pl\/przedszkole\/wp-json\/wp\/v2\/categories?post=21746"},{"taxonomy":"post_tag","embeddable":true,"href":"https:\/\/www.zsk.olsztyn.pl\/przedszkole\/wp-json\/wp\/v2\/tags?post=21746"}],"curies":[{"name":"wp","href":"https:\/\/api.w.org\/{rel}","templated":true}]}}