{"id":21581,"date":"2024-10-08T11:48:41","date_gmt":"2024-10-08T09:48:41","guid":{"rendered":"https:\/\/www.zsk.olsztyn.pl\/przedszkole\/?p=21581"},"modified":"2024-11-06T16:06:54","modified_gmt":"2024-11-06T14:06:54","slug":"zajecia-ceramiczne-i","status":"publish","type":"post","link":"https:\/\/www.zsk.olsztyn.pl\/przedszkole\/zajecia-ceramiczne-i\/","title":{"rendered":"ZAJ\u0118CIA CERAMICZNE I"},"content":{"rendered":"<p>[vc_row][vc_column][vc_column_text]<\/p>\n<p style=\"text-align: center;\">Realizacja zadania <em>\u00a0projektu . \u201e<\/em><em>Podr\u00f3\u017c \u015bladami dawnej Warmii<\/em><em>\u201d, realizowanego w ramach programu <\/em><\/p>\n<p style=\"text-align: center;\"><em>\u201e Kto ty jeste\u015b?- Polak ma\u0142y\u201d\u2013 <\/em><em>Modu\u0142u 2 . ,,Kultura dla przedszkola\u201d<\/em><\/p>\n<p style=\"text-align: center;\"><em>Ustanowionego przez Ministra Edukacji Narodowej 2024r.<br \/>\nrealizowanego w Niepublicznym Przedszkolu im. \u015awi\u0119tej Rodziny,<br \/>\nw okresie 01.10.2024 r. \u2013 31.12.2024 r.<\/em><\/p>\n<p>&nbsp;<\/p>\n<p style=\"text-align: center;\"><strong>Zaj\u0119cia ceramiczne<\/strong><strong>&#8211; dzia\u0142anie nr I.4<\/strong><\/p>\n<p style=\"text-align: center;\"><strong>I zaj\u0119cia<\/strong><\/p>\n<p>Dnia 08.10.2024 roku w grupie dzieci 5 letnich i w grupie dzieci 6-letnich odby\u0142y si\u0119 zaj\u0119cia z ceramiki prowadzone przez mgr in\u017c. Emili\u0119 Pr\u00f3szy\u0144sk\u0105. Tematem zaj\u0119\u0107 by\u0142y \u201eKafle warmi\u0144skie\u201d. Zaj\u0119cia przeprowadzone 2-etapowo. W cz\u0119\u015bci teoretycznej dzieci zosta\u0142y wprowadzone w \u015bwiat kaflarstwa, kt\u00f3re niezwykle pr\u0119\u017cnie dzia\u0142a\u0142o na Mazurach ( Nidzica, Szczytno, Pasym) i stamt\u0105d przyw\u0119drowa\u0142o r\u00f3wnie\u017c pod warmi\u0144skie strzechy. Prowadz\u0105ca Opowiedzia\u0142a dzieciom o technologii wyrobu kafli i ich wypale oraz zdobieniu ( scenki rodzajowe z \u017cycia wsi, tematy militarne, religijne- biblijne, dekoracje antropomorficzne, zoomorficzne, fitomorficzne). Zaprezentowa\u0142a r\u00f3wnie\u017c zdj\u0119cia najbardziej popularnych oryginalnych kafli. Dzieci mog\u0142y zobaczy\u0107 i dotkn\u0105\u0107 kafelek wsp\u00f3\u0142czesny z tradycyjnym wzorem warmi\u0144sko-mazurskiego konika weselnego.<br \/>\nNast\u0119pnie przyst\u0105pi\u0142y do cz\u0119\u015bci warsztatowej. Dzieci dosta\u0142y glin\u0119 niskotopliw\u0105, kt\u00f3r\u0105 musia\u0142y wyrobi\u0107, wyklepa\u0107 odpowiednio, rozwa\u0142kowa\u0107. Na tak przygotowanej bazie dzieci uk\u0142ada\u0142y ro\u015bliny i odciska\u0142y je w glinie, tworz\u0105c ro\u015blinne wzory. Nast\u0119pnie specjalnymi formierskimi narz\u0119dziami wycina\u0142y swoje kafelki. Tak przygotowany kafelek musia\u0142y paluszkami wyg\u0142aska\u0107, aby otrzyma\u0107 r\u00f3wne kraw\u0119dzie. Obecnie kafle susz\u0105 si\u0119, nast\u0119pnie zostan\u0105 poszkliwione i wypalone w piecu ceramicznym w temperaturze wypa\u0142u tradycyjnych kafli tj. 1000 st C.<br \/>\nDzieci by\u0142y zachwycone mo\u017cliwo\u015bciami jakie daje glina. Wyra\u017ca\u0142y swoj\u0105 rado\u015b\u0107 z mo\u017cliwo\u015bci wzi\u0119cia udzia\u0142u w tradycyjnych zaj\u0119ciach ceramicznych.[\/vc_column_text][na_galerie_listing ids=&#8221;21596,21597,21598,21599,21595,21594,21593,21592,21591,21590,21589,21588,21587,21586,21585,21584,21583&#8243;][\/vc_column][\/vc_row]<\/p>\n","protected":false},"excerpt":{"rendered":"<p>[vc_row][vc_column][vc_column_text] Realizacja zadania \u00a0projektu . \u201ePodr\u00f3\u017c \u015bladami dawnej Warmii\u201d, realizowanego w ramach programu \u201e Kto ty jeste\u015b?- Polak ma\u0142y\u201d\u2013 Modu\u0142u 2 . ,,Kultura dla przedszkola\u201d Ustanowionego przez Ministra Edukacji Narodowej 2024r. realizowanego w Niepublicznym Przedszkolu im. \u015awi\u0119tej Rodziny, w okresie 01.10.2024 r. \u2013 31.12.2024 r. &nbsp; Zaj\u0119cia ceramiczne&#8211; dzia\u0142anie nr I.4 I zaj\u0119cia Dnia 08.10.2024<\/p>\n","protected":false},"author":1,"featured_media":21584,"comment_status":"closed","ping_status":"open","sticky":false,"template":"","format":"standard","meta":[],"categories":[241,242,248],"tags":[],"yoast_head":"<!-- This site is optimized with the Yoast SEO plugin v18.2 - https:\/\/yoast.com\/wordpress\/plugins\/seo\/ -->\n<title>ZAJ\u0118CIA CERAMICZNE I - Katolicki Zesp\u00f3\u0142 Edukacyjny - Niepubliczne przedszkole<\/title>\n<meta name=\"description\" content=\"Realizacja zadania \u00a0projektu . \u201ePodr\u00f3\u017c \u015bladami dawnej Warmii\u201d, realizowanego w ramach programu \u201e Kto ty jeste\u015b?- Polak ma\u0142y\u201d\u2013 Modu\u0142u 2 . ,,Kultura dla\" \/>\n<meta name=\"robots\" content=\"index, follow, max-snippet:-1, max-image-preview:large, max-video-preview:-1\" \/>\n<link rel=\"canonical\" href=\"https:\/\/www.zsk.olsztyn.pl\/przedszkole\/zajecia-ceramiczne-i\/\" \/>\n<meta name=\"twitter:label1\" content=\"Napisane przez\" \/>\n\t<meta name=\"twitter:data1\" content=\"admin\" \/>\n\t<meta name=\"twitter:label2\" content=\"Szacowany czas czytania\" \/>\n\t<meta name=\"twitter:data2\" content=\"2 minuty\" \/>\n<script type=\"application\/ld+json\" class=\"yoast-schema-graph\">{\"@context\":\"https:\/\/schema.org\",\"@graph\":[{\"@type\":\"WebSite\",\"@id\":\"https:\/\/www.zsk.olsztyn.pl\/przedszkole\/#website\",\"url\":\"https:\/\/www.zsk.olsztyn.pl\/przedszkole\/\",\"name\":\"Katolicki Zesp\u00f3\u0142 Edukacyjny - Niepubliczne przedszkole\",\"description\":\"Zapraszamy na stron\u0119 katolickiego niepublicznego przedszkola\",\"potentialAction\":[{\"@type\":\"SearchAction\",\"target\":{\"@type\":\"EntryPoint\",\"urlTemplate\":\"https:\/\/www.zsk.olsztyn.pl\/przedszkole\/?s={search_term_string}\"},\"query-input\":\"required name=search_term_string\"}],\"inLanguage\":\"pl-PL\"},{\"@type\":\"ImageObject\",\"@id\":\"https:\/\/www.zsk.olsztyn.pl\/przedszkole\/zajecia-ceramiczne-i\/#primaryimage\",\"inLanguage\":\"pl-PL\",\"url\":\"https:\/\/www.zsk.olsztyn.pl\/przedszkole\/wp-content\/uploads\/2024\/11\/20241008_122523-scaled.jpg\",\"contentUrl\":\"https:\/\/www.zsk.olsztyn.pl\/przedszkole\/wp-content\/uploads\/2024\/11\/20241008_122523-scaled.jpg\",\"width\":2560,\"height\":1440},{\"@type\":\"WebPage\",\"@id\":\"https:\/\/www.zsk.olsztyn.pl\/przedszkole\/zajecia-ceramiczne-i\/#webpage\",\"url\":\"https:\/\/www.zsk.olsztyn.pl\/przedszkole\/zajecia-ceramiczne-i\/\",\"name\":\"ZAJ\u0118CIA CERAMICZNE I - Katolicki Zesp\u00f3\u0142 Edukacyjny - Niepubliczne przedszkole\",\"isPartOf\":{\"@id\":\"https:\/\/www.zsk.olsztyn.pl\/przedszkole\/#website\"},\"primaryImageOfPage\":{\"@id\":\"https:\/\/www.zsk.olsztyn.pl\/przedszkole\/zajecia-ceramiczne-i\/#primaryimage\"},\"datePublished\":\"2024-10-08T09:48:41+00:00\",\"dateModified\":\"2024-11-06T14:06:54+00:00\",\"author\":{\"@id\":\"https:\/\/www.zsk.olsztyn.pl\/przedszkole\/#\/schema\/person\/d918f2da4f27cb7ded309fa67f4d415a\"},\"description\":\"Realizacja zadania \u00a0projektu . \u201ePodr\u00f3\u017c \u015bladami dawnej Warmii\u201d, realizowanego w ramach programu \u201e Kto ty jeste\u015b?- Polak ma\u0142y\u201d\u2013 Modu\u0142u 2 . ,,Kultura dla\",\"breadcrumb\":{\"@id\":\"https:\/\/www.zsk.olsztyn.pl\/przedszkole\/zajecia-ceramiczne-i\/#breadcrumb\"},\"inLanguage\":\"pl-PL\",\"potentialAction\":[{\"@type\":\"ReadAction\",\"target\":[\"https:\/\/www.zsk.olsztyn.pl\/przedszkole\/zajecia-ceramiczne-i\/\"]}]},{\"@type\":\"BreadcrumbList\",\"@id\":\"https:\/\/www.zsk.olsztyn.pl\/przedszkole\/zajecia-ceramiczne-i\/#breadcrumb\",\"itemListElement\":[{\"@type\":\"ListItem\",\"position\":1,\"name\":\"Strona g\u0142\u00f3wna\",\"item\":\"https:\/\/www.zsk.olsztyn.pl\/przedszkole\/\"},{\"@type\":\"ListItem\",\"position\":2,\"name\":\"ZAJ\u0118CIA CERAMICZNE I\"}]},{\"@type\":\"Person\",\"@id\":\"https:\/\/www.zsk.olsztyn.pl\/przedszkole\/#\/schema\/person\/d918f2da4f27cb7ded309fa67f4d415a\",\"name\":\"admin\",\"image\":{\"@type\":\"ImageObject\",\"@id\":\"https:\/\/www.zsk.olsztyn.pl\/przedszkole\/#personlogo\",\"inLanguage\":\"pl-PL\",\"url\":\"https:\/\/secure.gravatar.com\/avatar\/4677eccc26cd593f3306dd9613f7e9c7?s=96&d=mm&r=g\",\"contentUrl\":\"https:\/\/secure.gravatar.com\/avatar\/4677eccc26cd593f3306dd9613f7e9c7?s=96&d=mm&r=g\",\"caption\":\"admin\"},\"url\":\"https:\/\/www.zsk.olsztyn.pl\/przedszkole\/author\/admin\/\"}]}<\/script>\n<!-- \/ Yoast SEO plugin. -->","yoast_head_json":{"title":"ZAJ\u0118CIA CERAMICZNE I - Katolicki Zesp\u00f3\u0142 Edukacyjny - Niepubliczne przedszkole","description":"Realizacja zadania \u00a0projektu . \u201ePodr\u00f3\u017c \u015bladami dawnej Warmii\u201d, realizowanego w ramach programu \u201e Kto ty jeste\u015b?- Polak ma\u0142y\u201d\u2013 Modu\u0142u 2 . ,,Kultura dla","robots":{"index":"index","follow":"follow","max-snippet":"max-snippet:-1","max-image-preview":"max-image-preview:large","max-video-preview":"max-video-preview:-1"},"canonical":"https:\/\/www.zsk.olsztyn.pl\/przedszkole\/zajecia-ceramiczne-i\/","twitter_misc":{"Napisane przez":"admin","Szacowany czas czytania":"2 minuty"},"schema":{"@context":"https:\/\/schema.org","@graph":[{"@type":"WebSite","@id":"https:\/\/www.zsk.olsztyn.pl\/przedszkole\/#website","url":"https:\/\/www.zsk.olsztyn.pl\/przedszkole\/","name":"Katolicki Zesp\u00f3\u0142 Edukacyjny - Niepubliczne przedszkole","description":"Zapraszamy na stron\u0119 katolickiego niepublicznego przedszkola","potentialAction":[{"@type":"SearchAction","target":{"@type":"EntryPoint","urlTemplate":"https:\/\/www.zsk.olsztyn.pl\/przedszkole\/?s={search_term_string}"},"query-input":"required name=search_term_string"}],"inLanguage":"pl-PL"},{"@type":"ImageObject","@id":"https:\/\/www.zsk.olsztyn.pl\/przedszkole\/zajecia-ceramiczne-i\/#primaryimage","inLanguage":"pl-PL","url":"https:\/\/www.zsk.olsztyn.pl\/przedszkole\/wp-content\/uploads\/2024\/11\/20241008_122523-scaled.jpg","contentUrl":"https:\/\/www.zsk.olsztyn.pl\/przedszkole\/wp-content\/uploads\/2024\/11\/20241008_122523-scaled.jpg","width":2560,"height":1440},{"@type":"WebPage","@id":"https:\/\/www.zsk.olsztyn.pl\/przedszkole\/zajecia-ceramiczne-i\/#webpage","url":"https:\/\/www.zsk.olsztyn.pl\/przedszkole\/zajecia-ceramiczne-i\/","name":"ZAJ\u0118CIA CERAMICZNE I - Katolicki Zesp\u00f3\u0142 Edukacyjny - Niepubliczne przedszkole","isPartOf":{"@id":"https:\/\/www.zsk.olsztyn.pl\/przedszkole\/#website"},"primaryImageOfPage":{"@id":"https:\/\/www.zsk.olsztyn.pl\/przedszkole\/zajecia-ceramiczne-i\/#primaryimage"},"datePublished":"2024-10-08T09:48:41+00:00","dateModified":"2024-11-06T14:06:54+00:00","author":{"@id":"https:\/\/www.zsk.olsztyn.pl\/przedszkole\/#\/schema\/person\/d918f2da4f27cb7ded309fa67f4d415a"},"description":"Realizacja zadania \u00a0projektu . \u201ePodr\u00f3\u017c \u015bladami dawnej Warmii\u201d, realizowanego w ramach programu \u201e Kto ty jeste\u015b?- Polak ma\u0142y\u201d\u2013 Modu\u0142u 2 . ,,Kultura dla","breadcrumb":{"@id":"https:\/\/www.zsk.olsztyn.pl\/przedszkole\/zajecia-ceramiczne-i\/#breadcrumb"},"inLanguage":"pl-PL","potentialAction":[{"@type":"ReadAction","target":["https:\/\/www.zsk.olsztyn.pl\/przedszkole\/zajecia-ceramiczne-i\/"]}]},{"@type":"BreadcrumbList","@id":"https:\/\/www.zsk.olsztyn.pl\/przedszkole\/zajecia-ceramiczne-i\/#breadcrumb","itemListElement":[{"@type":"ListItem","position":1,"name":"Strona g\u0142\u00f3wna","item":"https:\/\/www.zsk.olsztyn.pl\/przedszkole\/"},{"@type":"ListItem","position":2,"name":"ZAJ\u0118CIA CERAMICZNE I"}]},{"@type":"Person","@id":"https:\/\/www.zsk.olsztyn.pl\/przedszkole\/#\/schema\/person\/d918f2da4f27cb7ded309fa67f4d415a","name":"admin","image":{"@type":"ImageObject","@id":"https:\/\/www.zsk.olsztyn.pl\/przedszkole\/#personlogo","inLanguage":"pl-PL","url":"https:\/\/secure.gravatar.com\/avatar\/4677eccc26cd593f3306dd9613f7e9c7?s=96&d=mm&r=g","contentUrl":"https:\/\/secure.gravatar.com\/avatar\/4677eccc26cd593f3306dd9613f7e9c7?s=96&d=mm&r=g","caption":"admin"},"url":"https:\/\/www.zsk.olsztyn.pl\/przedszkole\/author\/admin\/"}]}},"_links":{"self":[{"href":"https:\/\/www.zsk.olsztyn.pl\/przedszkole\/wp-json\/wp\/v2\/posts\/21581"}],"collection":[{"href":"https:\/\/www.zsk.olsztyn.pl\/przedszkole\/wp-json\/wp\/v2\/posts"}],"about":[{"href":"https:\/\/www.zsk.olsztyn.pl\/przedszkole\/wp-json\/wp\/v2\/types\/post"}],"author":[{"embeddable":true,"href":"https:\/\/www.zsk.olsztyn.pl\/przedszkole\/wp-json\/wp\/v2\/users\/1"}],"replies":[{"embeddable":true,"href":"https:\/\/www.zsk.olsztyn.pl\/przedszkole\/wp-json\/wp\/v2\/comments?post=21581"}],"version-history":[{"count":1,"href":"https:\/\/www.zsk.olsztyn.pl\/przedszkole\/wp-json\/wp\/v2\/posts\/21581\/revisions"}],"predecessor-version":[{"id":21600,"href":"https:\/\/www.zsk.olsztyn.pl\/przedszkole\/wp-json\/wp\/v2\/posts\/21581\/revisions\/21600"}],"wp:featuredmedia":[{"embeddable":true,"href":"https:\/\/www.zsk.olsztyn.pl\/przedszkole\/wp-json\/wp\/v2\/media\/21584"}],"wp:attachment":[{"href":"https:\/\/www.zsk.olsztyn.pl\/przedszkole\/wp-json\/wp\/v2\/media?parent=21581"}],"wp:term":[{"taxonomy":"category","embeddable":true,"href":"https:\/\/www.zsk.olsztyn.pl\/przedszkole\/wp-json\/wp\/v2\/categories?post=21581"},{"taxonomy":"post_tag","embeddable":true,"href":"https:\/\/www.zsk.olsztyn.pl\/przedszkole\/wp-json\/wp\/v2\/tags?post=21581"}],"curies":[{"name":"wp","href":"https:\/\/api.w.org\/{rel}","templated":true}]}}