{"id":21495,"date":"2024-10-29T09:38:01","date_gmt":"2024-10-29T07:38:01","guid":{"rendered":"https:\/\/www.zsk.olsztyn.pl\/przedszkole\/?p=21495"},"modified":"2024-10-29T09:38:01","modified_gmt":"2024-10-29T07:38:01","slug":"tajniki-tkactwa","status":"publish","type":"post","link":"https:\/\/www.zsk.olsztyn.pl\/przedszkole\/tajniki-tkactwa\/","title":{"rendered":"TAJNIKI TKACTWA"},"content":{"rendered":"<p>[vc_row][vc_column][vc_column_text]Na ostatnich zaj\u0119ciach r\u0119kodzie\u0142a 6-latki pozna\u0142y tajniki tkactwa. Dowiedzieli\u015bmy si\u0119, czym jest w\u0105tek, a czym osnowa, dowiedzieli\u015bmy si\u0119, jak wygl\u0105da\u0142y kiedy\u015b krosna i w jaki spos\u00f3b tkano dywany. Sami zacz\u0119li\u015bmy te\u017c tka\u0107 w\u0142asne ma\u0142e dywaniki, kt\u00f3re doko\u0144czymy na nast\u0119pnych zaj\u0119ciach. Praca nie by\u0142a \u0142atwa, ale i tak sprawi\u0142a nam mn\u00f3stwo rado\u015bci.[\/vc_column_text][na_galerie_listing ids=&#8221;21496,21497,21498,21499,21500&#8243;][\/vc_column][\/vc_row]<\/p>\n","protected":false},"excerpt":{"rendered":"<p>[vc_row][vc_column][vc_column_text]Na ostatnich zaj\u0119ciach r\u0119kodzie\u0142a 6-latki pozna\u0142y tajniki tkactwa. Dowiedzieli\u015bmy si\u0119, czym jest w\u0105tek, a czym osnowa, dowiedzieli\u015bmy si\u0119, jak wygl\u0105da\u0142y kiedy\u015b krosna i w jaki spos\u00f3b tkano dywany. Sami zacz\u0119li\u015bmy te\u017c tka\u0107 w\u0142asne ma\u0142e dywaniki, kt\u00f3re doko\u0144czymy na nast\u0119pnych zaj\u0119ciach. Praca nie by\u0142a \u0142atwa, ale i tak sprawi\u0142a nam mn\u00f3stwo rado\u015bci.[\/vc_column_text][na_galerie_listing ids=&#8221;21496,21497,21498,21499,21500&#8243;][\/vc_column][\/vc_row]<\/p>\n","protected":false},"author":1,"featured_media":21501,"comment_status":"closed","ping_status":"open","sticky":false,"template":"","format":"standard","meta":[],"categories":[230],"tags":[],"yoast_head":"<!-- This site is optimized with the Yoast SEO plugin v18.2 - https:\/\/yoast.com\/wordpress\/plugins\/seo\/ -->\n<title>TAJNIKI TKACTWA - Katolicki Zesp\u00f3\u0142 Edukacyjny - Niepubliczne przedszkole<\/title>\n<meta name=\"description\" content=\"Na ostatnich zaj\u0119ciach r\u0119kodzie\u0142a 6-latki pozna\u0142y tajniki tkactwa. Dowiedzieli\u015bmy si\u0119, czym jest w\u0105tek, a czym osnowa, dowiedzieli\u015bmy si\u0119, jak wygl\u0105da\u0142y\" \/>\n<meta name=\"robots\" content=\"index, follow, max-snippet:-1, max-image-preview:large, max-video-preview:-1\" \/>\n<link rel=\"canonical\" href=\"https:\/\/www.zsk.olsztyn.pl\/przedszkole\/tajniki-tkactwa\/\" \/>\n<meta name=\"twitter:label1\" content=\"Napisane przez\" \/>\n\t<meta name=\"twitter:data1\" content=\"admin\" \/>\n\t<meta name=\"twitter:label2\" content=\"Szacowany czas czytania\" \/>\n\t<meta name=\"twitter:data2\" content=\"1 minuta\" \/>\n<script type=\"application\/ld+json\" class=\"yoast-schema-graph\">{\"@context\":\"https:\/\/schema.org\",\"@graph\":[{\"@type\":\"WebSite\",\"@id\":\"https:\/\/www.zsk.olsztyn.pl\/przedszkole\/#website\",\"url\":\"https:\/\/www.zsk.olsztyn.pl\/przedszkole\/\",\"name\":\"Katolicki Zesp\u00f3\u0142 Edukacyjny - Niepubliczne przedszkole\",\"description\":\"Zapraszamy na stron\u0119 katolickiego niepublicznego przedszkola\",\"potentialAction\":[{\"@type\":\"SearchAction\",\"target\":{\"@type\":\"EntryPoint\",\"urlTemplate\":\"https:\/\/www.zsk.olsztyn.pl\/przedszkole\/?s={search_term_string}\"},\"query-input\":\"required name=search_term_string\"}],\"inLanguage\":\"pl-PL\"},{\"@type\":\"ImageObject\",\"@id\":\"https:\/\/www.zsk.olsztyn.pl\/przedszkole\/tajniki-tkactwa\/#primaryimage\",\"inLanguage\":\"pl-PL\",\"url\":\"https:\/\/www.zsk.olsztyn.pl\/przedszkole\/wp-content\/uploads\/2024\/10\/277806679.jpg\",\"contentUrl\":\"https:\/\/www.zsk.olsztyn.pl\/przedszkole\/wp-content\/uploads\/2024\/10\/277806679.jpg\",\"width\":800,\"height\":800},{\"@type\":\"WebPage\",\"@id\":\"https:\/\/www.zsk.olsztyn.pl\/przedszkole\/tajniki-tkactwa\/#webpage\",\"url\":\"https:\/\/www.zsk.olsztyn.pl\/przedszkole\/tajniki-tkactwa\/\",\"name\":\"TAJNIKI TKACTWA - Katolicki Zesp\u00f3\u0142 Edukacyjny - Niepubliczne przedszkole\",\"isPartOf\":{\"@id\":\"https:\/\/www.zsk.olsztyn.pl\/przedszkole\/#website\"},\"primaryImageOfPage\":{\"@id\":\"https:\/\/www.zsk.olsztyn.pl\/przedszkole\/tajniki-tkactwa\/#primaryimage\"},\"datePublished\":\"2024-10-29T07:38:01+00:00\",\"dateModified\":\"2024-10-29T07:38:01+00:00\",\"author\":{\"@id\":\"https:\/\/www.zsk.olsztyn.pl\/przedszkole\/#\/schema\/person\/d918f2da4f27cb7ded309fa67f4d415a\"},\"description\":\"Na ostatnich zaj\u0119ciach r\u0119kodzie\u0142a 6-latki pozna\u0142y tajniki tkactwa. Dowiedzieli\u015bmy si\u0119, czym jest w\u0105tek, a czym osnowa, dowiedzieli\u015bmy si\u0119, jak wygl\u0105da\u0142y\",\"breadcrumb\":{\"@id\":\"https:\/\/www.zsk.olsztyn.pl\/przedszkole\/tajniki-tkactwa\/#breadcrumb\"},\"inLanguage\":\"pl-PL\",\"potentialAction\":[{\"@type\":\"ReadAction\",\"target\":[\"https:\/\/www.zsk.olsztyn.pl\/przedszkole\/tajniki-tkactwa\/\"]}]},{\"@type\":\"BreadcrumbList\",\"@id\":\"https:\/\/www.zsk.olsztyn.pl\/przedszkole\/tajniki-tkactwa\/#breadcrumb\",\"itemListElement\":[{\"@type\":\"ListItem\",\"position\":1,\"name\":\"Strona g\u0142\u00f3wna\",\"item\":\"https:\/\/www.zsk.olsztyn.pl\/przedszkole\/\"},{\"@type\":\"ListItem\",\"position\":2,\"name\":\"TAJNIKI TKACTWA\"}]},{\"@type\":\"Person\",\"@id\":\"https:\/\/www.zsk.olsztyn.pl\/przedszkole\/#\/schema\/person\/d918f2da4f27cb7ded309fa67f4d415a\",\"name\":\"admin\",\"image\":{\"@type\":\"ImageObject\",\"@id\":\"https:\/\/www.zsk.olsztyn.pl\/przedszkole\/#personlogo\",\"inLanguage\":\"pl-PL\",\"url\":\"https:\/\/secure.gravatar.com\/avatar\/4677eccc26cd593f3306dd9613f7e9c7?s=96&d=mm&r=g\",\"contentUrl\":\"https:\/\/secure.gravatar.com\/avatar\/4677eccc26cd593f3306dd9613f7e9c7?s=96&d=mm&r=g\",\"caption\":\"admin\"},\"url\":\"https:\/\/www.zsk.olsztyn.pl\/przedszkole\/author\/admin\/\"}]}<\/script>\n<!-- \/ Yoast SEO plugin. -->","yoast_head_json":{"title":"TAJNIKI TKACTWA - Katolicki Zesp\u00f3\u0142 Edukacyjny - Niepubliczne przedszkole","description":"Na ostatnich zaj\u0119ciach r\u0119kodzie\u0142a 6-latki pozna\u0142y tajniki tkactwa. Dowiedzieli\u015bmy si\u0119, czym jest w\u0105tek, a czym osnowa, dowiedzieli\u015bmy si\u0119, jak wygl\u0105da\u0142y","robots":{"index":"index","follow":"follow","max-snippet":"max-snippet:-1","max-image-preview":"max-image-preview:large","max-video-preview":"max-video-preview:-1"},"canonical":"https:\/\/www.zsk.olsztyn.pl\/przedszkole\/tajniki-tkactwa\/","twitter_misc":{"Napisane przez":"admin","Szacowany czas czytania":"1 minuta"},"schema":{"@context":"https:\/\/schema.org","@graph":[{"@type":"WebSite","@id":"https:\/\/www.zsk.olsztyn.pl\/przedszkole\/#website","url":"https:\/\/www.zsk.olsztyn.pl\/przedszkole\/","name":"Katolicki Zesp\u00f3\u0142 Edukacyjny - Niepubliczne przedszkole","description":"Zapraszamy na stron\u0119 katolickiego niepublicznego przedszkola","potentialAction":[{"@type":"SearchAction","target":{"@type":"EntryPoint","urlTemplate":"https:\/\/www.zsk.olsztyn.pl\/przedszkole\/?s={search_term_string}"},"query-input":"required name=search_term_string"}],"inLanguage":"pl-PL"},{"@type":"ImageObject","@id":"https:\/\/www.zsk.olsztyn.pl\/przedszkole\/tajniki-tkactwa\/#primaryimage","inLanguage":"pl-PL","url":"https:\/\/www.zsk.olsztyn.pl\/przedszkole\/wp-content\/uploads\/2024\/10\/277806679.jpg","contentUrl":"https:\/\/www.zsk.olsztyn.pl\/przedszkole\/wp-content\/uploads\/2024\/10\/277806679.jpg","width":800,"height":800},{"@type":"WebPage","@id":"https:\/\/www.zsk.olsztyn.pl\/przedszkole\/tajniki-tkactwa\/#webpage","url":"https:\/\/www.zsk.olsztyn.pl\/przedszkole\/tajniki-tkactwa\/","name":"TAJNIKI TKACTWA - Katolicki Zesp\u00f3\u0142 Edukacyjny - Niepubliczne przedszkole","isPartOf":{"@id":"https:\/\/www.zsk.olsztyn.pl\/przedszkole\/#website"},"primaryImageOfPage":{"@id":"https:\/\/www.zsk.olsztyn.pl\/przedszkole\/tajniki-tkactwa\/#primaryimage"},"datePublished":"2024-10-29T07:38:01+00:00","dateModified":"2024-10-29T07:38:01+00:00","author":{"@id":"https:\/\/www.zsk.olsztyn.pl\/przedszkole\/#\/schema\/person\/d918f2da4f27cb7ded309fa67f4d415a"},"description":"Na ostatnich zaj\u0119ciach r\u0119kodzie\u0142a 6-latki pozna\u0142y tajniki tkactwa. Dowiedzieli\u015bmy si\u0119, czym jest w\u0105tek, a czym osnowa, dowiedzieli\u015bmy si\u0119, jak wygl\u0105da\u0142y","breadcrumb":{"@id":"https:\/\/www.zsk.olsztyn.pl\/przedszkole\/tajniki-tkactwa\/#breadcrumb"},"inLanguage":"pl-PL","potentialAction":[{"@type":"ReadAction","target":["https:\/\/www.zsk.olsztyn.pl\/przedszkole\/tajniki-tkactwa\/"]}]},{"@type":"BreadcrumbList","@id":"https:\/\/www.zsk.olsztyn.pl\/przedszkole\/tajniki-tkactwa\/#breadcrumb","itemListElement":[{"@type":"ListItem","position":1,"name":"Strona g\u0142\u00f3wna","item":"https:\/\/www.zsk.olsztyn.pl\/przedszkole\/"},{"@type":"ListItem","position":2,"name":"TAJNIKI TKACTWA"}]},{"@type":"Person","@id":"https:\/\/www.zsk.olsztyn.pl\/przedszkole\/#\/schema\/person\/d918f2da4f27cb7ded309fa67f4d415a","name":"admin","image":{"@type":"ImageObject","@id":"https:\/\/www.zsk.olsztyn.pl\/przedszkole\/#personlogo","inLanguage":"pl-PL","url":"https:\/\/secure.gravatar.com\/avatar\/4677eccc26cd593f3306dd9613f7e9c7?s=96&d=mm&r=g","contentUrl":"https:\/\/secure.gravatar.com\/avatar\/4677eccc26cd593f3306dd9613f7e9c7?s=96&d=mm&r=g","caption":"admin"},"url":"https:\/\/www.zsk.olsztyn.pl\/przedszkole\/author\/admin\/"}]}},"_links":{"self":[{"href":"https:\/\/www.zsk.olsztyn.pl\/przedszkole\/wp-json\/wp\/v2\/posts\/21495"}],"collection":[{"href":"https:\/\/www.zsk.olsztyn.pl\/przedszkole\/wp-json\/wp\/v2\/posts"}],"about":[{"href":"https:\/\/www.zsk.olsztyn.pl\/przedszkole\/wp-json\/wp\/v2\/types\/post"}],"author":[{"embeddable":true,"href":"https:\/\/www.zsk.olsztyn.pl\/przedszkole\/wp-json\/wp\/v2\/users\/1"}],"replies":[{"embeddable":true,"href":"https:\/\/www.zsk.olsztyn.pl\/przedszkole\/wp-json\/wp\/v2\/comments?post=21495"}],"version-history":[{"count":1,"href":"https:\/\/www.zsk.olsztyn.pl\/przedszkole\/wp-json\/wp\/v2\/posts\/21495\/revisions"}],"predecessor-version":[{"id":21502,"href":"https:\/\/www.zsk.olsztyn.pl\/przedszkole\/wp-json\/wp\/v2\/posts\/21495\/revisions\/21502"}],"wp:featuredmedia":[{"embeddable":true,"href":"https:\/\/www.zsk.olsztyn.pl\/przedszkole\/wp-json\/wp\/v2\/media\/21501"}],"wp:attachment":[{"href":"https:\/\/www.zsk.olsztyn.pl\/przedszkole\/wp-json\/wp\/v2\/media?parent=21495"}],"wp:term":[{"taxonomy":"category","embeddable":true,"href":"https:\/\/www.zsk.olsztyn.pl\/przedszkole\/wp-json\/wp\/v2\/categories?post=21495"},{"taxonomy":"post_tag","embeddable":true,"href":"https:\/\/www.zsk.olsztyn.pl\/przedszkole\/wp-json\/wp\/v2\/tags?post=21495"}],"curies":[{"name":"wp","href":"https:\/\/api.w.org\/{rel}","templated":true}]}}