{"id":21361,"date":"2024-10-10T14:35:53","date_gmt":"2024-10-10T12:35:53","guid":{"rendered":"https:\/\/www.zsk.olsztyn.pl\/przedszkole\/?p=21361"},"modified":"2024-10-11T09:01:50","modified_gmt":"2024-10-11T07:01:50","slug":"warsztaty-kulinarne-5","status":"publish","type":"post","link":"https:\/\/www.zsk.olsztyn.pl\/przedszkole\/warsztaty-kulinarne-5\/","title":{"rendered":"WARSZTATY KULINARNE"},"content":{"rendered":"<p>[vc_row][vc_column][vc_column_text]<em>8 pa\u017adziernika dzieci samodzielnie przygotowa\u0142y pyszn\u0105, kolorow\u0105 i witaminow\u0105 sa\u0142atk\u0119 owocow\u0105. Taka witaminowa przek\u0105ska jest alternatyw\u0105 dla s\u0142odyczy, kt\u00f3re tak bardzo lubimy. Wszyscy mieli\u015bmy soczyste minki na widok tak smakowitych owoc\u00f3w i ka\u017cdy ochoczo zabra\u0142 si\u0119 do pracy.<\/em><\/p>\n<p style=\"text-align: left;\" align=\"CENTER\"><em>Przed przyst\u0105pieniem do pracy dzieci dok\u0142adnie umy\u0142y r\u0119ce, pami\u0119taj\u0105c o zasadach higieny. <\/em><em>Za\u0142o\u017cy\u0142y fartuszki oraz czapki na g\u0142ow\u0119 wcielaj\u0105c si\u0119 w rol\u0119 kucharzy\/kucharek.<\/em><\/p>\n<p style=\"text-align: left;\" align=\"CENTER\"><em>Przedszkolaki pokaza\u0142y, \u017ce potrafi\u0105 bezpiecznie pos\u0142ugiwa\u0107 si\u0119 no\u017cem podczas krojenia owoc\u00f3w na ma\u0142e kawa\u0142ki.<\/em><\/p>\n<p align=\"CENTER\"><em>Degustacja sa\u0142atki owocowej by\u0142a bardzo przyjemna.<\/em><\/p>\n<p align=\"CENTER\"><em>Dzieciom wyj\u0105tkowo smakowa\u0142y owoce w takiej postaci, tym bardziej \u017ce by\u0142 to efekt ich pracy.<\/em><\/p>\n<p>[\/vc_column_text][\/vc_column][\/vc_row]<\/p>\n","protected":false},"excerpt":{"rendered":"<p>[vc_row][vc_column][vc_column_text]8 pa\u017adziernika dzieci samodzielnie przygotowa\u0142y pyszn\u0105, kolorow\u0105 i witaminow\u0105 sa\u0142atk\u0119 owocow\u0105. Taka witaminowa przek\u0105ska jest alternatyw\u0105 dla s\u0142odyczy, kt\u00f3re tak bardzo lubimy. Wszyscy mieli\u015bmy soczyste minki na widok tak smakowitych owoc\u00f3w i ka\u017cdy ochoczo zabra\u0142 si\u0119 do pracy. Przed przyst\u0105pieniem do pracy dzieci dok\u0142adnie umy\u0142y r\u0119ce, pami\u0119taj\u0105c o zasadach higieny. Za\u0142o\u017cy\u0142y fartuszki oraz czapki na<\/p>\n","protected":false},"author":1,"featured_media":21362,"comment_status":"closed","ping_status":"open","sticky":false,"template":"","format":"standard","meta":[],"categories":[240],"tags":[],"yoast_head":"<!-- This site is optimized with the Yoast SEO plugin v18.2 - https:\/\/yoast.com\/wordpress\/plugins\/seo\/ -->\n<title>WARSZTATY KULINARNE - Katolicki Zesp\u00f3\u0142 Edukacyjny - Niepubliczne przedszkole<\/title>\n<meta name=\"description\" content=\"8 pa\u017adziernika dzieci samodzielnie przygotowa\u0142y pyszn\u0105, kolorow\u0105 i witaminow\u0105 sa\u0142atk\u0119 owocow\u0105. Taka witaminowa przek\u0105ska jest alternatyw\u0105 dla s\u0142odyczy,\" \/>\n<meta name=\"robots\" content=\"index, follow, max-snippet:-1, max-image-preview:large, max-video-preview:-1\" \/>\n<link rel=\"canonical\" href=\"https:\/\/www.zsk.olsztyn.pl\/przedszkole\/warsztaty-kulinarne-5\/\" \/>\n<meta name=\"twitter:label1\" content=\"Napisane przez\" \/>\n\t<meta name=\"twitter:data1\" content=\"admin\" \/>\n\t<meta name=\"twitter:label2\" content=\"Szacowany czas czytania\" \/>\n\t<meta name=\"twitter:data2\" content=\"1 minuta\" \/>\n<script type=\"application\/ld+json\" class=\"yoast-schema-graph\">{\"@context\":\"https:\/\/schema.org\",\"@graph\":[{\"@type\":\"WebSite\",\"@id\":\"https:\/\/www.zsk.olsztyn.pl\/przedszkole\/#website\",\"url\":\"https:\/\/www.zsk.olsztyn.pl\/przedszkole\/\",\"name\":\"Katolicki Zesp\u00f3\u0142 Edukacyjny - Niepubliczne przedszkole\",\"description\":\"Zapraszamy na stron\u0119 katolickiego niepublicznego przedszkola\",\"potentialAction\":[{\"@type\":\"SearchAction\",\"target\":{\"@type\":\"EntryPoint\",\"urlTemplate\":\"https:\/\/www.zsk.olsztyn.pl\/przedszkole\/?s={search_term_string}\"},\"query-input\":\"required name=search_term_string\"}],\"inLanguage\":\"pl-PL\"},{\"@type\":\"ImageObject\",\"@id\":\"https:\/\/www.zsk.olsztyn.pl\/przedszkole\/warsztaty-kulinarne-5\/#primaryimage\",\"inLanguage\":\"pl-PL\",\"url\":\"https:\/\/www.zsk.olsztyn.pl\/przedszkole\/wp-content\/uploads\/2024\/10\/depositphotos_38348305-stock-illustration-fresh-fruit-salad.webp\",\"contentUrl\":\"https:\/\/www.zsk.olsztyn.pl\/przedszkole\/wp-content\/uploads\/2024\/10\/depositphotos_38348305-stock-illustration-fresh-fruit-salad.webp\",\"width\":600,\"height\":600},{\"@type\":\"WebPage\",\"@id\":\"https:\/\/www.zsk.olsztyn.pl\/przedszkole\/warsztaty-kulinarne-5\/#webpage\",\"url\":\"https:\/\/www.zsk.olsztyn.pl\/przedszkole\/warsztaty-kulinarne-5\/\",\"name\":\"WARSZTATY KULINARNE - Katolicki Zesp\u00f3\u0142 Edukacyjny - Niepubliczne przedszkole\",\"isPartOf\":{\"@id\":\"https:\/\/www.zsk.olsztyn.pl\/przedszkole\/#website\"},\"primaryImageOfPage\":{\"@id\":\"https:\/\/www.zsk.olsztyn.pl\/przedszkole\/warsztaty-kulinarne-5\/#primaryimage\"},\"datePublished\":\"2024-10-10T12:35:53+00:00\",\"dateModified\":\"2024-10-11T07:01:50+00:00\",\"author\":{\"@id\":\"https:\/\/www.zsk.olsztyn.pl\/przedszkole\/#\/schema\/person\/d918f2da4f27cb7ded309fa67f4d415a\"},\"description\":\"8 pa\u017adziernika dzieci samodzielnie przygotowa\u0142y pyszn\u0105, kolorow\u0105 i witaminow\u0105 sa\u0142atk\u0119 owocow\u0105. Taka witaminowa przek\u0105ska jest alternatyw\u0105 dla s\u0142odyczy,\",\"breadcrumb\":{\"@id\":\"https:\/\/www.zsk.olsztyn.pl\/przedszkole\/warsztaty-kulinarne-5\/#breadcrumb\"},\"inLanguage\":\"pl-PL\",\"potentialAction\":[{\"@type\":\"ReadAction\",\"target\":[\"https:\/\/www.zsk.olsztyn.pl\/przedszkole\/warsztaty-kulinarne-5\/\"]}]},{\"@type\":\"BreadcrumbList\",\"@id\":\"https:\/\/www.zsk.olsztyn.pl\/przedszkole\/warsztaty-kulinarne-5\/#breadcrumb\",\"itemListElement\":[{\"@type\":\"ListItem\",\"position\":1,\"name\":\"Strona g\u0142\u00f3wna\",\"item\":\"https:\/\/www.zsk.olsztyn.pl\/przedszkole\/\"},{\"@type\":\"ListItem\",\"position\":2,\"name\":\"WARSZTATY KULINARNE\"}]},{\"@type\":\"Person\",\"@id\":\"https:\/\/www.zsk.olsztyn.pl\/przedszkole\/#\/schema\/person\/d918f2da4f27cb7ded309fa67f4d415a\",\"name\":\"admin\",\"image\":{\"@type\":\"ImageObject\",\"@id\":\"https:\/\/www.zsk.olsztyn.pl\/przedszkole\/#personlogo\",\"inLanguage\":\"pl-PL\",\"url\":\"https:\/\/secure.gravatar.com\/avatar\/4677eccc26cd593f3306dd9613f7e9c7?s=96&d=mm&r=g\",\"contentUrl\":\"https:\/\/secure.gravatar.com\/avatar\/4677eccc26cd593f3306dd9613f7e9c7?s=96&d=mm&r=g\",\"caption\":\"admin\"},\"url\":\"https:\/\/www.zsk.olsztyn.pl\/przedszkole\/author\/admin\/\"}]}<\/script>\n<!-- \/ Yoast SEO plugin. -->","yoast_head_json":{"title":"WARSZTATY KULINARNE - Katolicki Zesp\u00f3\u0142 Edukacyjny - Niepubliczne przedszkole","description":"8 pa\u017adziernika dzieci samodzielnie przygotowa\u0142y pyszn\u0105, kolorow\u0105 i witaminow\u0105 sa\u0142atk\u0119 owocow\u0105. Taka witaminowa przek\u0105ska jest alternatyw\u0105 dla s\u0142odyczy,","robots":{"index":"index","follow":"follow","max-snippet":"max-snippet:-1","max-image-preview":"max-image-preview:large","max-video-preview":"max-video-preview:-1"},"canonical":"https:\/\/www.zsk.olsztyn.pl\/przedszkole\/warsztaty-kulinarne-5\/","twitter_misc":{"Napisane przez":"admin","Szacowany czas czytania":"1 minuta"},"schema":{"@context":"https:\/\/schema.org","@graph":[{"@type":"WebSite","@id":"https:\/\/www.zsk.olsztyn.pl\/przedszkole\/#website","url":"https:\/\/www.zsk.olsztyn.pl\/przedszkole\/","name":"Katolicki Zesp\u00f3\u0142 Edukacyjny - Niepubliczne przedszkole","description":"Zapraszamy na stron\u0119 katolickiego niepublicznego przedszkola","potentialAction":[{"@type":"SearchAction","target":{"@type":"EntryPoint","urlTemplate":"https:\/\/www.zsk.olsztyn.pl\/przedszkole\/?s={search_term_string}"},"query-input":"required name=search_term_string"}],"inLanguage":"pl-PL"},{"@type":"ImageObject","@id":"https:\/\/www.zsk.olsztyn.pl\/przedszkole\/warsztaty-kulinarne-5\/#primaryimage","inLanguage":"pl-PL","url":"https:\/\/www.zsk.olsztyn.pl\/przedszkole\/wp-content\/uploads\/2024\/10\/depositphotos_38348305-stock-illustration-fresh-fruit-salad.webp","contentUrl":"https:\/\/www.zsk.olsztyn.pl\/przedszkole\/wp-content\/uploads\/2024\/10\/depositphotos_38348305-stock-illustration-fresh-fruit-salad.webp","width":600,"height":600},{"@type":"WebPage","@id":"https:\/\/www.zsk.olsztyn.pl\/przedszkole\/warsztaty-kulinarne-5\/#webpage","url":"https:\/\/www.zsk.olsztyn.pl\/przedszkole\/warsztaty-kulinarne-5\/","name":"WARSZTATY KULINARNE - Katolicki Zesp\u00f3\u0142 Edukacyjny - Niepubliczne przedszkole","isPartOf":{"@id":"https:\/\/www.zsk.olsztyn.pl\/przedszkole\/#website"},"primaryImageOfPage":{"@id":"https:\/\/www.zsk.olsztyn.pl\/przedszkole\/warsztaty-kulinarne-5\/#primaryimage"},"datePublished":"2024-10-10T12:35:53+00:00","dateModified":"2024-10-11T07:01:50+00:00","author":{"@id":"https:\/\/www.zsk.olsztyn.pl\/przedszkole\/#\/schema\/person\/d918f2da4f27cb7ded309fa67f4d415a"},"description":"8 pa\u017adziernika dzieci samodzielnie przygotowa\u0142y pyszn\u0105, kolorow\u0105 i witaminow\u0105 sa\u0142atk\u0119 owocow\u0105. Taka witaminowa przek\u0105ska jest alternatyw\u0105 dla s\u0142odyczy,","breadcrumb":{"@id":"https:\/\/www.zsk.olsztyn.pl\/przedszkole\/warsztaty-kulinarne-5\/#breadcrumb"},"inLanguage":"pl-PL","potentialAction":[{"@type":"ReadAction","target":["https:\/\/www.zsk.olsztyn.pl\/przedszkole\/warsztaty-kulinarne-5\/"]}]},{"@type":"BreadcrumbList","@id":"https:\/\/www.zsk.olsztyn.pl\/przedszkole\/warsztaty-kulinarne-5\/#breadcrumb","itemListElement":[{"@type":"ListItem","position":1,"name":"Strona g\u0142\u00f3wna","item":"https:\/\/www.zsk.olsztyn.pl\/przedszkole\/"},{"@type":"ListItem","position":2,"name":"WARSZTATY KULINARNE"}]},{"@type":"Person","@id":"https:\/\/www.zsk.olsztyn.pl\/przedszkole\/#\/schema\/person\/d918f2da4f27cb7ded309fa67f4d415a","name":"admin","image":{"@type":"ImageObject","@id":"https:\/\/www.zsk.olsztyn.pl\/przedszkole\/#personlogo","inLanguage":"pl-PL","url":"https:\/\/secure.gravatar.com\/avatar\/4677eccc26cd593f3306dd9613f7e9c7?s=96&d=mm&r=g","contentUrl":"https:\/\/secure.gravatar.com\/avatar\/4677eccc26cd593f3306dd9613f7e9c7?s=96&d=mm&r=g","caption":"admin"},"url":"https:\/\/www.zsk.olsztyn.pl\/przedszkole\/author\/admin\/"}]}},"_links":{"self":[{"href":"https:\/\/www.zsk.olsztyn.pl\/przedszkole\/wp-json\/wp\/v2\/posts\/21361"}],"collection":[{"href":"https:\/\/www.zsk.olsztyn.pl\/przedszkole\/wp-json\/wp\/v2\/posts"}],"about":[{"href":"https:\/\/www.zsk.olsztyn.pl\/przedszkole\/wp-json\/wp\/v2\/types\/post"}],"author":[{"embeddable":true,"href":"https:\/\/www.zsk.olsztyn.pl\/przedszkole\/wp-json\/wp\/v2\/users\/1"}],"replies":[{"embeddable":true,"href":"https:\/\/www.zsk.olsztyn.pl\/przedszkole\/wp-json\/wp\/v2\/comments?post=21361"}],"version-history":[{"count":1,"href":"https:\/\/www.zsk.olsztyn.pl\/przedszkole\/wp-json\/wp\/v2\/posts\/21361\/revisions"}],"predecessor-version":[{"id":21363,"href":"https:\/\/www.zsk.olsztyn.pl\/przedszkole\/wp-json\/wp\/v2\/posts\/21361\/revisions\/21363"}],"wp:featuredmedia":[{"embeddable":true,"href":"https:\/\/www.zsk.olsztyn.pl\/przedszkole\/wp-json\/wp\/v2\/media\/21362"}],"wp:attachment":[{"href":"https:\/\/www.zsk.olsztyn.pl\/przedszkole\/wp-json\/wp\/v2\/media?parent=21361"}],"wp:term":[{"taxonomy":"category","embeddable":true,"href":"https:\/\/www.zsk.olsztyn.pl\/przedszkole\/wp-json\/wp\/v2\/categories?post=21361"},{"taxonomy":"post_tag","embeddable":true,"href":"https:\/\/www.zsk.olsztyn.pl\/przedszkole\/wp-json\/wp\/v2\/tags?post=21361"}],"curies":[{"name":"wp","href":"https:\/\/api.w.org\/{rel}","templated":true}]}}