{"id":21091,"date":"2024-09-24T13:34:43","date_gmt":"2024-09-24T11:34:43","guid":{"rendered":"https:\/\/www.zsk.olsztyn.pl\/przedszkole\/?p=21091"},"modified":"2024-09-24T13:34:43","modified_gmt":"2024-09-24T11:34:43","slug":"dzien-przedszkolaka-8","status":"publish","type":"post","link":"https:\/\/www.zsk.olsztyn.pl\/przedszkole\/dzien-przedszkolaka-8\/","title":{"rendered":"DZIE\u0143 PRZEDSZKOLAKA"},"content":{"rendered":"<p>[vc_row][vc_column][vc_column_text]Nadszed\u0142 ten wyczekiwany przez wszystkie dzieci w przedszkolu dzie\u0144 &#8211; Dzie\u0144 Przedszkolaka! Tego dnia \u015bwi\u0119towali\u015bmy jedz\u0105c pyszny tort oraz bawi\u0105c si\u0119 w sali i na placu zabaw. Pi\u0119ciolatki dosta\u0142y w prezencie pi\u0119kne, kolorowe etykietki z ma\u0142ym smako\u0142ykiem. To by\u0142 udany dzie\u0144! [\/vc_column_text][na_galerie_listing ids=&#8221;21092,21093,21094,21095,21096,21097,21098,21099,21100&#8243;][\/vc_column][\/vc_row]<\/p>\n","protected":false},"excerpt":{"rendered":"<p>[vc_row][vc_column][vc_column_text]Nadszed\u0142 ten wyczekiwany przez wszystkie dzieci w przedszkolu dzie\u0144 &#8211; Dzie\u0144 Przedszkolaka! Tego dnia \u015bwi\u0119towali\u015bmy jedz\u0105c pyszny tort oraz bawi\u0105c si\u0119 w sali i na placu zabaw. Pi\u0119ciolatki dosta\u0142y w prezencie pi\u0119kne, kolorowe etykietki z ma\u0142ym smako\u0142ykiem. To by\u0142 udany dzie\u0144! [\/vc_column_text][na_galerie_listing ids=&#8221;21092,21093,21094,21095,21096,21097,21098,21099,21100&#8243;][\/vc_column][\/vc_row]<\/p>\n","protected":false},"author":1,"featured_media":21101,"comment_status":"closed","ping_status":"open","sticky":false,"template":"","format":"standard","meta":[],"categories":[223,241],"tags":[],"yoast_head":"<!-- This site is optimized with the Yoast SEO plugin v18.2 - https:\/\/yoast.com\/wordpress\/plugins\/seo\/ -->\n<title>DZIE\u0143 PRZEDSZKOLAKA - Katolicki Zesp\u00f3\u0142 Edukacyjny - Niepubliczne przedszkole<\/title>\n<meta name=\"description\" content=\"Nadszed\u0142 ten wyczekiwany przez wszystkie dzieci w przedszkolu dzie\u0144 - Dzie\u0144 Przedszkolaka! Tego dnia \u015bwi\u0119towali\u015bmy jedz\u0105c pyszny tort oraz bawi\u0105c si\u0119 w\" \/>\n<meta name=\"robots\" content=\"index, follow, max-snippet:-1, max-image-preview:large, max-video-preview:-1\" \/>\n<link rel=\"canonical\" href=\"https:\/\/www.zsk.olsztyn.pl\/przedszkole\/dzien-przedszkolaka-8\/\" \/>\n<meta name=\"twitter:label1\" content=\"Napisane przez\" \/>\n\t<meta name=\"twitter:data1\" content=\"admin\" \/>\n\t<meta name=\"twitter:label2\" content=\"Szacowany czas czytania\" \/>\n\t<meta name=\"twitter:data2\" content=\"1 minuta\" \/>\n<script type=\"application\/ld+json\" class=\"yoast-schema-graph\">{\"@context\":\"https:\/\/schema.org\",\"@graph\":[{\"@type\":\"WebSite\",\"@id\":\"https:\/\/www.zsk.olsztyn.pl\/przedszkole\/#website\",\"url\":\"https:\/\/www.zsk.olsztyn.pl\/przedszkole\/\",\"name\":\"Katolicki Zesp\u00f3\u0142 Edukacyjny - Niepubliczne przedszkole\",\"description\":\"Zapraszamy na stron\u0119 katolickiego niepublicznego przedszkola\",\"potentialAction\":[{\"@type\":\"SearchAction\",\"target\":{\"@type\":\"EntryPoint\",\"urlTemplate\":\"https:\/\/www.zsk.olsztyn.pl\/przedszkole\/?s={search_term_string}\"},\"query-input\":\"required name=search_term_string\"}],\"inLanguage\":\"pl-PL\"},{\"@type\":\"ImageObject\",\"@id\":\"https:\/\/www.zsk.olsztyn.pl\/przedszkole\/dzien-przedszkolaka-8\/#primaryimage\",\"inLanguage\":\"pl-PL\",\"url\":\"https:\/\/www.zsk.olsztyn.pl\/przedszkole\/wp-content\/uploads\/2024\/09\/dzien-przedszkolaka-1.png\",\"contentUrl\":\"https:\/\/www.zsk.olsztyn.pl\/przedszkole\/wp-content\/uploads\/2024\/09\/dzien-przedszkolaka-1.png\",\"width\":449,\"height\":140},{\"@type\":\"WebPage\",\"@id\":\"https:\/\/www.zsk.olsztyn.pl\/przedszkole\/dzien-przedszkolaka-8\/#webpage\",\"url\":\"https:\/\/www.zsk.olsztyn.pl\/przedszkole\/dzien-przedszkolaka-8\/\",\"name\":\"DZIE\u0143 PRZEDSZKOLAKA - Katolicki Zesp\u00f3\u0142 Edukacyjny - Niepubliczne przedszkole\",\"isPartOf\":{\"@id\":\"https:\/\/www.zsk.olsztyn.pl\/przedszkole\/#website\"},\"primaryImageOfPage\":{\"@id\":\"https:\/\/www.zsk.olsztyn.pl\/przedszkole\/dzien-przedszkolaka-8\/#primaryimage\"},\"datePublished\":\"2024-09-24T11:34:43+00:00\",\"dateModified\":\"2024-09-24T11:34:43+00:00\",\"author\":{\"@id\":\"https:\/\/www.zsk.olsztyn.pl\/przedszkole\/#\/schema\/person\/d918f2da4f27cb7ded309fa67f4d415a\"},\"description\":\"Nadszed\u0142 ten wyczekiwany przez wszystkie dzieci w przedszkolu dzie\u0144 - Dzie\u0144 Przedszkolaka! Tego dnia \u015bwi\u0119towali\u015bmy jedz\u0105c pyszny tort oraz bawi\u0105c si\u0119 w\",\"breadcrumb\":{\"@id\":\"https:\/\/www.zsk.olsztyn.pl\/przedszkole\/dzien-przedszkolaka-8\/#breadcrumb\"},\"inLanguage\":\"pl-PL\",\"potentialAction\":[{\"@type\":\"ReadAction\",\"target\":[\"https:\/\/www.zsk.olsztyn.pl\/przedszkole\/dzien-przedszkolaka-8\/\"]}]},{\"@type\":\"BreadcrumbList\",\"@id\":\"https:\/\/www.zsk.olsztyn.pl\/przedszkole\/dzien-przedszkolaka-8\/#breadcrumb\",\"itemListElement\":[{\"@type\":\"ListItem\",\"position\":1,\"name\":\"Strona g\u0142\u00f3wna\",\"item\":\"https:\/\/www.zsk.olsztyn.pl\/przedszkole\/\"},{\"@type\":\"ListItem\",\"position\":2,\"name\":\"DZIE\u0143 PRZEDSZKOLAKA\"}]},{\"@type\":\"Person\",\"@id\":\"https:\/\/www.zsk.olsztyn.pl\/przedszkole\/#\/schema\/person\/d918f2da4f27cb7ded309fa67f4d415a\",\"name\":\"admin\",\"image\":{\"@type\":\"ImageObject\",\"@id\":\"https:\/\/www.zsk.olsztyn.pl\/przedszkole\/#personlogo\",\"inLanguage\":\"pl-PL\",\"url\":\"https:\/\/secure.gravatar.com\/avatar\/4677eccc26cd593f3306dd9613f7e9c7?s=96&d=mm&r=g\",\"contentUrl\":\"https:\/\/secure.gravatar.com\/avatar\/4677eccc26cd593f3306dd9613f7e9c7?s=96&d=mm&r=g\",\"caption\":\"admin\"},\"url\":\"https:\/\/www.zsk.olsztyn.pl\/przedszkole\/author\/admin\/\"}]}<\/script>\n<!-- \/ Yoast SEO plugin. -->","yoast_head_json":{"title":"DZIE\u0143 PRZEDSZKOLAKA - Katolicki Zesp\u00f3\u0142 Edukacyjny - Niepubliczne przedszkole","description":"Nadszed\u0142 ten wyczekiwany przez wszystkie dzieci w przedszkolu dzie\u0144 - Dzie\u0144 Przedszkolaka! Tego dnia \u015bwi\u0119towali\u015bmy jedz\u0105c pyszny tort oraz bawi\u0105c si\u0119 w","robots":{"index":"index","follow":"follow","max-snippet":"max-snippet:-1","max-image-preview":"max-image-preview:large","max-video-preview":"max-video-preview:-1"},"canonical":"https:\/\/www.zsk.olsztyn.pl\/przedszkole\/dzien-przedszkolaka-8\/","twitter_misc":{"Napisane przez":"admin","Szacowany czas czytania":"1 minuta"},"schema":{"@context":"https:\/\/schema.org","@graph":[{"@type":"WebSite","@id":"https:\/\/www.zsk.olsztyn.pl\/przedszkole\/#website","url":"https:\/\/www.zsk.olsztyn.pl\/przedszkole\/","name":"Katolicki Zesp\u00f3\u0142 Edukacyjny - Niepubliczne przedszkole","description":"Zapraszamy na stron\u0119 katolickiego niepublicznego przedszkola","potentialAction":[{"@type":"SearchAction","target":{"@type":"EntryPoint","urlTemplate":"https:\/\/www.zsk.olsztyn.pl\/przedszkole\/?s={search_term_string}"},"query-input":"required name=search_term_string"}],"inLanguage":"pl-PL"},{"@type":"ImageObject","@id":"https:\/\/www.zsk.olsztyn.pl\/przedszkole\/dzien-przedszkolaka-8\/#primaryimage","inLanguage":"pl-PL","url":"https:\/\/www.zsk.olsztyn.pl\/przedszkole\/wp-content\/uploads\/2024\/09\/dzien-przedszkolaka-1.png","contentUrl":"https:\/\/www.zsk.olsztyn.pl\/przedszkole\/wp-content\/uploads\/2024\/09\/dzien-przedszkolaka-1.png","width":449,"height":140},{"@type":"WebPage","@id":"https:\/\/www.zsk.olsztyn.pl\/przedszkole\/dzien-przedszkolaka-8\/#webpage","url":"https:\/\/www.zsk.olsztyn.pl\/przedszkole\/dzien-przedszkolaka-8\/","name":"DZIE\u0143 PRZEDSZKOLAKA - Katolicki Zesp\u00f3\u0142 Edukacyjny - Niepubliczne przedszkole","isPartOf":{"@id":"https:\/\/www.zsk.olsztyn.pl\/przedszkole\/#website"},"primaryImageOfPage":{"@id":"https:\/\/www.zsk.olsztyn.pl\/przedszkole\/dzien-przedszkolaka-8\/#primaryimage"},"datePublished":"2024-09-24T11:34:43+00:00","dateModified":"2024-09-24T11:34:43+00:00","author":{"@id":"https:\/\/www.zsk.olsztyn.pl\/przedszkole\/#\/schema\/person\/d918f2da4f27cb7ded309fa67f4d415a"},"description":"Nadszed\u0142 ten wyczekiwany przez wszystkie dzieci w przedszkolu dzie\u0144 - Dzie\u0144 Przedszkolaka! Tego dnia \u015bwi\u0119towali\u015bmy jedz\u0105c pyszny tort oraz bawi\u0105c si\u0119 w","breadcrumb":{"@id":"https:\/\/www.zsk.olsztyn.pl\/przedszkole\/dzien-przedszkolaka-8\/#breadcrumb"},"inLanguage":"pl-PL","potentialAction":[{"@type":"ReadAction","target":["https:\/\/www.zsk.olsztyn.pl\/przedszkole\/dzien-przedszkolaka-8\/"]}]},{"@type":"BreadcrumbList","@id":"https:\/\/www.zsk.olsztyn.pl\/przedszkole\/dzien-przedszkolaka-8\/#breadcrumb","itemListElement":[{"@type":"ListItem","position":1,"name":"Strona g\u0142\u00f3wna","item":"https:\/\/www.zsk.olsztyn.pl\/przedszkole\/"},{"@type":"ListItem","position":2,"name":"DZIE\u0143 PRZEDSZKOLAKA"}]},{"@type":"Person","@id":"https:\/\/www.zsk.olsztyn.pl\/przedszkole\/#\/schema\/person\/d918f2da4f27cb7ded309fa67f4d415a","name":"admin","image":{"@type":"ImageObject","@id":"https:\/\/www.zsk.olsztyn.pl\/przedszkole\/#personlogo","inLanguage":"pl-PL","url":"https:\/\/secure.gravatar.com\/avatar\/4677eccc26cd593f3306dd9613f7e9c7?s=96&d=mm&r=g","contentUrl":"https:\/\/secure.gravatar.com\/avatar\/4677eccc26cd593f3306dd9613f7e9c7?s=96&d=mm&r=g","caption":"admin"},"url":"https:\/\/www.zsk.olsztyn.pl\/przedszkole\/author\/admin\/"}]}},"_links":{"self":[{"href":"https:\/\/www.zsk.olsztyn.pl\/przedszkole\/wp-json\/wp\/v2\/posts\/21091"}],"collection":[{"href":"https:\/\/www.zsk.olsztyn.pl\/przedszkole\/wp-json\/wp\/v2\/posts"}],"about":[{"href":"https:\/\/www.zsk.olsztyn.pl\/przedszkole\/wp-json\/wp\/v2\/types\/post"}],"author":[{"embeddable":true,"href":"https:\/\/www.zsk.olsztyn.pl\/przedszkole\/wp-json\/wp\/v2\/users\/1"}],"replies":[{"embeddable":true,"href":"https:\/\/www.zsk.olsztyn.pl\/przedszkole\/wp-json\/wp\/v2\/comments?post=21091"}],"version-history":[{"count":1,"href":"https:\/\/www.zsk.olsztyn.pl\/przedszkole\/wp-json\/wp\/v2\/posts\/21091\/revisions"}],"predecessor-version":[{"id":21102,"href":"https:\/\/www.zsk.olsztyn.pl\/przedszkole\/wp-json\/wp\/v2\/posts\/21091\/revisions\/21102"}],"wp:featuredmedia":[{"embeddable":true,"href":"https:\/\/www.zsk.olsztyn.pl\/przedszkole\/wp-json\/wp\/v2\/media\/21101"}],"wp:attachment":[{"href":"https:\/\/www.zsk.olsztyn.pl\/przedszkole\/wp-json\/wp\/v2\/media?parent=21091"}],"wp:term":[{"taxonomy":"category","embeddable":true,"href":"https:\/\/www.zsk.olsztyn.pl\/przedszkole\/wp-json\/wp\/v2\/categories?post=21091"},{"taxonomy":"post_tag","embeddable":true,"href":"https:\/\/www.zsk.olsztyn.pl\/przedszkole\/wp-json\/wp\/v2\/tags?post=21091"}],"curies":[{"name":"wp","href":"https:\/\/api.w.org\/{rel}","templated":true}]}}