{"id":20483,"date":"2024-06-26T08:37:51","date_gmt":"2024-06-26T06:37:51","guid":{"rendered":"https:\/\/www.zsk.olsztyn.pl\/przedszkole\/?p=20483"},"modified":"2024-06-26T08:40:58","modified_gmt":"2024-06-26T06:40:58","slug":"spotkanie-z-policjantem-2","status":"publish","type":"post","link":"https:\/\/www.zsk.olsztyn.pl\/przedszkole\/spotkanie-z-policjantem-2\/","title":{"rendered":"SPOTKANIE Z POLICJANTEM"},"content":{"rendered":"<p>[vc_row][vc_column][vc_column_text]Przedszkolaki u progu wakacji spotka\u0142y si\u0119 z paniami policjantkami, kt\u00f3re przypomnia\u0142y nam zasady bezpiecze\u0144stwa. Utrwalili\u015bmy numer alarmowy, \u0107wiczyli\u015bmy prawid\u0142owe przechodzenie przez jezdni\u0119, poznali\u015bmy regu\u0142y zachowania w spotkaniu z nieznajomymi lud\u017ami i dzikimi zwierz\u0119tami. Dowiedzieli\u015bmy si\u0119 te\u017c, na jakim k\u0105pielisku mo\u017cna si\u0119 k\u0105pa\u0107 i jak bez obaw korzysta\u0107 z Internetu. Wzi\u0119li\u015bmy te\u017c udzia\u0142 w quizie, a kilka os\u00f3b wygra\u0142o odblaski. To by\u0142o pouczaj\u0105ce i ciekawe spotkanie.[\/vc_column_text][na_galerie_listing ids=&#8221;20484,20485,20486,20487,20488,20489,20490&#8243;][\/vc_column][\/vc_row]<\/p>\n","protected":false},"excerpt":{"rendered":"<p>[vc_row][vc_column][vc_column_text]Przedszkolaki u progu wakacji spotka\u0142y si\u0119 z paniami policjantkami, kt\u00f3re przypomnia\u0142y nam zasady bezpiecze\u0144stwa. Utrwalili\u015bmy numer alarmowy, \u0107wiczyli\u015bmy prawid\u0142owe przechodzenie przez jezdni\u0119, poznali\u015bmy regu\u0142y zachowania w spotkaniu z nieznajomymi lud\u017ami i dzikimi zwierz\u0119tami. Dowiedzieli\u015bmy si\u0119 te\u017c, na jakim k\u0105pielisku mo\u017cna si\u0119 k\u0105pa\u0107 i jak bez obaw korzysta\u0107 z Internetu. Wzi\u0119li\u015bmy te\u017c udzia\u0142 w quizie, a<\/p>\n","protected":false},"author":1,"featured_media":20492,"comment_status":"closed","ping_status":"open","sticky":false,"template":"","format":"standard","meta":[],"categories":[234,235],"tags":[],"yoast_head":"<!-- This site is optimized with the Yoast SEO plugin v18.2 - https:\/\/yoast.com\/wordpress\/plugins\/seo\/ -->\n<title>SPOTKANIE Z POLICJANTEM - Katolicki Zesp\u00f3\u0142 Edukacyjny - Niepubliczne przedszkole<\/title>\n<meta name=\"description\" content=\"Przedszkolaki u progu wakacji spotka\u0142y si\u0119 z paniami policjantkami, kt\u00f3re przypomnia\u0142y nam zasady bezpiecze\u0144stwa. Utrwalili\u015bmy numer alarmowy, \u0107wiczyli\u015bmy\" \/>\n<meta name=\"robots\" content=\"index, follow, max-snippet:-1, max-image-preview:large, max-video-preview:-1\" \/>\n<link rel=\"canonical\" href=\"https:\/\/www.zsk.olsztyn.pl\/przedszkole\/spotkanie-z-policjantem-2\/\" \/>\n<meta name=\"twitter:label1\" content=\"Napisane przez\" \/>\n\t<meta name=\"twitter:data1\" content=\"admin\" \/>\n\t<meta name=\"twitter:label2\" content=\"Szacowany czas czytania\" \/>\n\t<meta name=\"twitter:data2\" content=\"1 minuta\" \/>\n<script type=\"application\/ld+json\" class=\"yoast-schema-graph\">{\"@context\":\"https:\/\/schema.org\",\"@graph\":[{\"@type\":\"WebSite\",\"@id\":\"https:\/\/www.zsk.olsztyn.pl\/przedszkole\/#website\",\"url\":\"https:\/\/www.zsk.olsztyn.pl\/przedszkole\/\",\"name\":\"Katolicki Zesp\u00f3\u0142 Edukacyjny - Niepubliczne przedszkole\",\"description\":\"Zapraszamy na stron\u0119 katolickiego niepublicznego przedszkola\",\"potentialAction\":[{\"@type\":\"SearchAction\",\"target\":{\"@type\":\"EntryPoint\",\"urlTemplate\":\"https:\/\/www.zsk.olsztyn.pl\/przedszkole\/?s={search_term_string}\"},\"query-input\":\"required name=search_term_string\"}],\"inLanguage\":\"pl-PL\"},{\"@type\":\"ImageObject\",\"@id\":\"https:\/\/www.zsk.olsztyn.pl\/przedszkole\/spotkanie-z-policjantem-2\/#primaryimage\",\"inLanguage\":\"pl-PL\",\"url\":\"https:\/\/www.zsk.olsztyn.pl\/przedszkole\/wp-content\/uploads\/2024\/06\/unnamed.jpg\",\"contentUrl\":\"https:\/\/www.zsk.olsztyn.pl\/przedszkole\/wp-content\/uploads\/2024\/06\/unnamed.jpg\",\"width\":512,\"height\":355},{\"@type\":\"WebPage\",\"@id\":\"https:\/\/www.zsk.olsztyn.pl\/przedszkole\/spotkanie-z-policjantem-2\/#webpage\",\"url\":\"https:\/\/www.zsk.olsztyn.pl\/przedszkole\/spotkanie-z-policjantem-2\/\",\"name\":\"SPOTKANIE Z POLICJANTEM - Katolicki Zesp\u00f3\u0142 Edukacyjny - Niepubliczne przedszkole\",\"isPartOf\":{\"@id\":\"https:\/\/www.zsk.olsztyn.pl\/przedszkole\/#website\"},\"primaryImageOfPage\":{\"@id\":\"https:\/\/www.zsk.olsztyn.pl\/przedszkole\/spotkanie-z-policjantem-2\/#primaryimage\"},\"datePublished\":\"2024-06-26T06:37:51+00:00\",\"dateModified\":\"2024-06-26T06:40:58+00:00\",\"author\":{\"@id\":\"https:\/\/www.zsk.olsztyn.pl\/przedszkole\/#\/schema\/person\/d918f2da4f27cb7ded309fa67f4d415a\"},\"description\":\"Przedszkolaki u progu wakacji spotka\u0142y si\u0119 z paniami policjantkami, kt\u00f3re przypomnia\u0142y nam zasady bezpiecze\u0144stwa. Utrwalili\u015bmy numer alarmowy, \u0107wiczyli\u015bmy\",\"breadcrumb\":{\"@id\":\"https:\/\/www.zsk.olsztyn.pl\/przedszkole\/spotkanie-z-policjantem-2\/#breadcrumb\"},\"inLanguage\":\"pl-PL\",\"potentialAction\":[{\"@type\":\"ReadAction\",\"target\":[\"https:\/\/www.zsk.olsztyn.pl\/przedszkole\/spotkanie-z-policjantem-2\/\"]}]},{\"@type\":\"BreadcrumbList\",\"@id\":\"https:\/\/www.zsk.olsztyn.pl\/przedszkole\/spotkanie-z-policjantem-2\/#breadcrumb\",\"itemListElement\":[{\"@type\":\"ListItem\",\"position\":1,\"name\":\"Strona g\u0142\u00f3wna\",\"item\":\"https:\/\/www.zsk.olsztyn.pl\/przedszkole\/\"},{\"@type\":\"ListItem\",\"position\":2,\"name\":\"SPOTKANIE Z POLICJANTEM\"}]},{\"@type\":\"Person\",\"@id\":\"https:\/\/www.zsk.olsztyn.pl\/przedszkole\/#\/schema\/person\/d918f2da4f27cb7ded309fa67f4d415a\",\"name\":\"admin\",\"image\":{\"@type\":\"ImageObject\",\"@id\":\"https:\/\/www.zsk.olsztyn.pl\/przedszkole\/#personlogo\",\"inLanguage\":\"pl-PL\",\"url\":\"https:\/\/secure.gravatar.com\/avatar\/4677eccc26cd593f3306dd9613f7e9c7?s=96&d=mm&r=g\",\"contentUrl\":\"https:\/\/secure.gravatar.com\/avatar\/4677eccc26cd593f3306dd9613f7e9c7?s=96&d=mm&r=g\",\"caption\":\"admin\"},\"url\":\"https:\/\/www.zsk.olsztyn.pl\/przedszkole\/author\/admin\/\"}]}<\/script>\n<!-- \/ Yoast SEO plugin. -->","yoast_head_json":{"title":"SPOTKANIE Z POLICJANTEM - Katolicki Zesp\u00f3\u0142 Edukacyjny - Niepubliczne przedszkole","description":"Przedszkolaki u progu wakacji spotka\u0142y si\u0119 z paniami policjantkami, kt\u00f3re przypomnia\u0142y nam zasady bezpiecze\u0144stwa. Utrwalili\u015bmy numer alarmowy, \u0107wiczyli\u015bmy","robots":{"index":"index","follow":"follow","max-snippet":"max-snippet:-1","max-image-preview":"max-image-preview:large","max-video-preview":"max-video-preview:-1"},"canonical":"https:\/\/www.zsk.olsztyn.pl\/przedszkole\/spotkanie-z-policjantem-2\/","twitter_misc":{"Napisane przez":"admin","Szacowany czas czytania":"1 minuta"},"schema":{"@context":"https:\/\/schema.org","@graph":[{"@type":"WebSite","@id":"https:\/\/www.zsk.olsztyn.pl\/przedszkole\/#website","url":"https:\/\/www.zsk.olsztyn.pl\/przedszkole\/","name":"Katolicki Zesp\u00f3\u0142 Edukacyjny - Niepubliczne przedszkole","description":"Zapraszamy na stron\u0119 katolickiego niepublicznego przedszkola","potentialAction":[{"@type":"SearchAction","target":{"@type":"EntryPoint","urlTemplate":"https:\/\/www.zsk.olsztyn.pl\/przedszkole\/?s={search_term_string}"},"query-input":"required name=search_term_string"}],"inLanguage":"pl-PL"},{"@type":"ImageObject","@id":"https:\/\/www.zsk.olsztyn.pl\/przedszkole\/spotkanie-z-policjantem-2\/#primaryimage","inLanguage":"pl-PL","url":"https:\/\/www.zsk.olsztyn.pl\/przedszkole\/wp-content\/uploads\/2024\/06\/unnamed.jpg","contentUrl":"https:\/\/www.zsk.olsztyn.pl\/przedszkole\/wp-content\/uploads\/2024\/06\/unnamed.jpg","width":512,"height":355},{"@type":"WebPage","@id":"https:\/\/www.zsk.olsztyn.pl\/przedszkole\/spotkanie-z-policjantem-2\/#webpage","url":"https:\/\/www.zsk.olsztyn.pl\/przedszkole\/spotkanie-z-policjantem-2\/","name":"SPOTKANIE Z POLICJANTEM - Katolicki Zesp\u00f3\u0142 Edukacyjny - Niepubliczne przedszkole","isPartOf":{"@id":"https:\/\/www.zsk.olsztyn.pl\/przedszkole\/#website"},"primaryImageOfPage":{"@id":"https:\/\/www.zsk.olsztyn.pl\/przedszkole\/spotkanie-z-policjantem-2\/#primaryimage"},"datePublished":"2024-06-26T06:37:51+00:00","dateModified":"2024-06-26T06:40:58+00:00","author":{"@id":"https:\/\/www.zsk.olsztyn.pl\/przedszkole\/#\/schema\/person\/d918f2da4f27cb7ded309fa67f4d415a"},"description":"Przedszkolaki u progu wakacji spotka\u0142y si\u0119 z paniami policjantkami, kt\u00f3re przypomnia\u0142y nam zasady bezpiecze\u0144stwa. Utrwalili\u015bmy numer alarmowy, \u0107wiczyli\u015bmy","breadcrumb":{"@id":"https:\/\/www.zsk.olsztyn.pl\/przedszkole\/spotkanie-z-policjantem-2\/#breadcrumb"},"inLanguage":"pl-PL","potentialAction":[{"@type":"ReadAction","target":["https:\/\/www.zsk.olsztyn.pl\/przedszkole\/spotkanie-z-policjantem-2\/"]}]},{"@type":"BreadcrumbList","@id":"https:\/\/www.zsk.olsztyn.pl\/przedszkole\/spotkanie-z-policjantem-2\/#breadcrumb","itemListElement":[{"@type":"ListItem","position":1,"name":"Strona g\u0142\u00f3wna","item":"https:\/\/www.zsk.olsztyn.pl\/przedszkole\/"},{"@type":"ListItem","position":2,"name":"SPOTKANIE Z POLICJANTEM"}]},{"@type":"Person","@id":"https:\/\/www.zsk.olsztyn.pl\/przedszkole\/#\/schema\/person\/d918f2da4f27cb7ded309fa67f4d415a","name":"admin","image":{"@type":"ImageObject","@id":"https:\/\/www.zsk.olsztyn.pl\/przedszkole\/#personlogo","inLanguage":"pl-PL","url":"https:\/\/secure.gravatar.com\/avatar\/4677eccc26cd593f3306dd9613f7e9c7?s=96&d=mm&r=g","contentUrl":"https:\/\/secure.gravatar.com\/avatar\/4677eccc26cd593f3306dd9613f7e9c7?s=96&d=mm&r=g","caption":"admin"},"url":"https:\/\/www.zsk.olsztyn.pl\/przedszkole\/author\/admin\/"}]}},"_links":{"self":[{"href":"https:\/\/www.zsk.olsztyn.pl\/przedszkole\/wp-json\/wp\/v2\/posts\/20483"}],"collection":[{"href":"https:\/\/www.zsk.olsztyn.pl\/przedszkole\/wp-json\/wp\/v2\/posts"}],"about":[{"href":"https:\/\/www.zsk.olsztyn.pl\/przedszkole\/wp-json\/wp\/v2\/types\/post"}],"author":[{"embeddable":true,"href":"https:\/\/www.zsk.olsztyn.pl\/przedszkole\/wp-json\/wp\/v2\/users\/1"}],"replies":[{"embeddable":true,"href":"https:\/\/www.zsk.olsztyn.pl\/przedszkole\/wp-json\/wp\/v2\/comments?post=20483"}],"version-history":[{"count":1,"href":"https:\/\/www.zsk.olsztyn.pl\/przedszkole\/wp-json\/wp\/v2\/posts\/20483\/revisions"}],"predecessor-version":[{"id":20491,"href":"https:\/\/www.zsk.olsztyn.pl\/przedszkole\/wp-json\/wp\/v2\/posts\/20483\/revisions\/20491"}],"wp:featuredmedia":[{"embeddable":true,"href":"https:\/\/www.zsk.olsztyn.pl\/przedszkole\/wp-json\/wp\/v2\/media\/20492"}],"wp:attachment":[{"href":"https:\/\/www.zsk.olsztyn.pl\/przedszkole\/wp-json\/wp\/v2\/media?parent=20483"}],"wp:term":[{"taxonomy":"category","embeddable":true,"href":"https:\/\/www.zsk.olsztyn.pl\/przedszkole\/wp-json\/wp\/v2\/categories?post=20483"},{"taxonomy":"post_tag","embeddable":true,"href":"https:\/\/www.zsk.olsztyn.pl\/przedszkole\/wp-json\/wp\/v2\/tags?post=20483"}],"curies":[{"name":"wp","href":"https:\/\/api.w.org\/{rel}","templated":true}]}}