{"id":18270,"date":"2023-08-16T11:12:25","date_gmt":"2023-08-16T09:12:25","guid":{"rendered":"https:\/\/www.zsk.olsztyn.pl\/przedszkole\/?p=18270"},"modified":"2023-08-16T11:12:49","modified_gmt":"2023-08-16T09:12:49","slug":"dni-adaptacyjne-dla-najmlodszych","status":"publish","type":"post","link":"https:\/\/www.zsk.olsztyn.pl\/przedszkole\/dni-adaptacyjne-dla-najmlodszych\/","title":{"rendered":"DNI ADAPTACYJNE DLA NAJM\u0141ODSZYCH"},"content":{"rendered":"<p>[vc_row][vc_column][vc_column_text]<span style=\"color: #008080;\"><em><strong>Niepubliczne Przedszkole im. \u015awi\u0119tej Rodziny serdecznie zaprasza rodzic\u00f3w i nowoprzyj\u0119te dzieci (3 letnie) na zaj\u0119cia adaptacyjne.<\/strong><\/em><\/span><\/p>\n<p>Celem tych spotka\u0144 jest stworzenie przyjaznej atmosfery dla naszych przedszkolak\u00f3w oraz u\u0142atwienie im adaptacji do nowego \u015brodowiska. Ponadto, b\u0119d\u0105 to doskona\u0142e okazje do poznania naszego przedszkola, nauczycieli oraz inne dzieci i ich rodzic\u00f3w.<\/p>\n<h3><span style=\"color: #008080;\"><strong>Terminy zaj\u0119\u0107 adaptacyjnych:<\/strong><\/span><\/h3>\n<p>Data: 25 sierpnia 2023 (pi\u0105tek), godzina 10:00 \u2013 11:00<br \/>\nData: 28 sierpnia 2023 (poniedzia\u0142ek), godzina 10:00 \u2013 12:00<br \/>\nData: 29 sierpnia 2023 (wtorek), godzina 10:00 \u2013 12:00<br \/>\nData: 30 sierpnia 2023 (\u015broda), godzina 8:00 \u2013 12:00<br \/>\nData: 31 sierpnia 2023 (czwartek), godzina 8:00 \u2013 12:00<\/p>\n<p>Prosimy o ubranie dzieci w wygodne stroje, odpowiednie do aktywno\u015bci ruchowych.<\/p>\n<p>Z niecierpliwo\u015bci\u0105 czekamy na spotkanie z Pa\u0144stwem i naszymi ma\u0142ymi przedszkolakami.\ud83d\ude0a[\/vc_column_text][\/vc_column][\/vc_row]<\/p>\n","protected":false},"excerpt":{"rendered":"<p>[vc_row][vc_column][vc_column_text]Niepubliczne Przedszkole im. \u015awi\u0119tej Rodziny serdecznie zaprasza rodzic\u00f3w i nowoprzyj\u0119te dzieci (3 letnie) na zaj\u0119cia adaptacyjne. Celem tych spotka\u0144 jest stworzenie przyjaznej atmosfery dla naszych przedszkolak\u00f3w oraz u\u0142atwienie im adaptacji do nowego \u015brodowiska. Ponadto, b\u0119d\u0105 to doskona\u0142e okazje do poznania naszego przedszkola, nauczycieli oraz inne dzieci i ich rodzic\u00f3w. Terminy zaj\u0119\u0107 adaptacyjnych: Data: 25 sierpnia<\/p>\n","protected":false},"author":1,"featured_media":18271,"comment_status":"closed","ping_status":"open","sticky":false,"template":"","format":"standard","meta":[],"categories":[4,1],"tags":[],"yoast_head":"<!-- This site is optimized with the Yoast SEO plugin v18.2 - https:\/\/yoast.com\/wordpress\/plugins\/seo\/ -->\n<title>DNI ADAPTACYJNE DLA NAJM\u0141ODSZYCH - Katolicki Zesp\u00f3\u0142 Edukacyjny - Niepubliczne przedszkole<\/title>\n<meta name=\"description\" content=\"Niepubliczne Przedszkole im. \u015awi\u0119tej Rodziny serdecznie zaprasza rodzic\u00f3w i nowoprzyj\u0119te dzieci (3 letnie) na zaj\u0119cia adaptacyjne. Celem tych spotka\u0144 jest\" \/>\n<meta name=\"robots\" content=\"index, follow, max-snippet:-1, max-image-preview:large, max-video-preview:-1\" \/>\n<link rel=\"canonical\" href=\"https:\/\/www.zsk.olsztyn.pl\/przedszkole\/dni-adaptacyjne-dla-najmlodszych\/\" \/>\n<meta name=\"twitter:label1\" content=\"Napisane przez\" \/>\n\t<meta name=\"twitter:data1\" content=\"admin\" \/>\n\t<meta name=\"twitter:label2\" content=\"Szacowany czas czytania\" \/>\n\t<meta name=\"twitter:data2\" content=\"1 minuta\" \/>\n<script type=\"application\/ld+json\" class=\"yoast-schema-graph\">{\"@context\":\"https:\/\/schema.org\",\"@graph\":[{\"@type\":\"WebSite\",\"@id\":\"https:\/\/www.zsk.olsztyn.pl\/przedszkole\/#website\",\"url\":\"https:\/\/www.zsk.olsztyn.pl\/przedszkole\/\",\"name\":\"Katolicki Zesp\u00f3\u0142 Edukacyjny - Niepubliczne przedszkole\",\"description\":\"Zapraszamy na stron\u0119 katolickiego niepublicznego przedszkola\",\"potentialAction\":[{\"@type\":\"SearchAction\",\"target\":{\"@type\":\"EntryPoint\",\"urlTemplate\":\"https:\/\/www.zsk.olsztyn.pl\/przedszkole\/?s={search_term_string}\"},\"query-input\":\"required name=search_term_string\"}],\"inLanguage\":\"pl-PL\"},{\"@type\":\"ImageObject\",\"@id\":\"https:\/\/www.zsk.olsztyn.pl\/przedszkole\/dni-adaptacyjne-dla-najmlodszych\/#primaryimage\",\"inLanguage\":\"pl-PL\",\"url\":\"https:\/\/www.zsk.olsztyn.pl\/przedszkole\/wp-content\/uploads\/2023\/08\/ZAJECIA-ADAPTACYJNE.jpg\",\"contentUrl\":\"https:\/\/www.zsk.olsztyn.pl\/przedszkole\/wp-content\/uploads\/2023\/08\/ZAJECIA-ADAPTACYJNE.jpg\",\"width\":900,\"height\":636},{\"@type\":\"WebPage\",\"@id\":\"https:\/\/www.zsk.olsztyn.pl\/przedszkole\/dni-adaptacyjne-dla-najmlodszych\/#webpage\",\"url\":\"https:\/\/www.zsk.olsztyn.pl\/przedszkole\/dni-adaptacyjne-dla-najmlodszych\/\",\"name\":\"DNI ADAPTACYJNE DLA NAJM\u0141ODSZYCH - Katolicki Zesp\u00f3\u0142 Edukacyjny - Niepubliczne przedszkole\",\"isPartOf\":{\"@id\":\"https:\/\/www.zsk.olsztyn.pl\/przedszkole\/#website\"},\"primaryImageOfPage\":{\"@id\":\"https:\/\/www.zsk.olsztyn.pl\/przedszkole\/dni-adaptacyjne-dla-najmlodszych\/#primaryimage\"},\"datePublished\":\"2023-08-16T09:12:25+00:00\",\"dateModified\":\"2023-08-16T09:12:49+00:00\",\"author\":{\"@id\":\"https:\/\/www.zsk.olsztyn.pl\/przedszkole\/#\/schema\/person\/d918f2da4f27cb7ded309fa67f4d415a\"},\"description\":\"Niepubliczne Przedszkole im. \u015awi\u0119tej Rodziny serdecznie zaprasza rodzic\u00f3w i nowoprzyj\u0119te dzieci (3 letnie) na zaj\u0119cia adaptacyjne. Celem tych spotka\u0144 jest\",\"breadcrumb\":{\"@id\":\"https:\/\/www.zsk.olsztyn.pl\/przedszkole\/dni-adaptacyjne-dla-najmlodszych\/#breadcrumb\"},\"inLanguage\":\"pl-PL\",\"potentialAction\":[{\"@type\":\"ReadAction\",\"target\":[\"https:\/\/www.zsk.olsztyn.pl\/przedszkole\/dni-adaptacyjne-dla-najmlodszych\/\"]}]},{\"@type\":\"BreadcrumbList\",\"@id\":\"https:\/\/www.zsk.olsztyn.pl\/przedszkole\/dni-adaptacyjne-dla-najmlodszych\/#breadcrumb\",\"itemListElement\":[{\"@type\":\"ListItem\",\"position\":1,\"name\":\"Strona g\u0142\u00f3wna\",\"item\":\"https:\/\/www.zsk.olsztyn.pl\/przedszkole\/\"},{\"@type\":\"ListItem\",\"position\":2,\"name\":\"DNI ADAPTACYJNE DLA NAJM\u0141ODSZYCH\"}]},{\"@type\":\"Person\",\"@id\":\"https:\/\/www.zsk.olsztyn.pl\/przedszkole\/#\/schema\/person\/d918f2da4f27cb7ded309fa67f4d415a\",\"name\":\"admin\",\"image\":{\"@type\":\"ImageObject\",\"@id\":\"https:\/\/www.zsk.olsztyn.pl\/przedszkole\/#personlogo\",\"inLanguage\":\"pl-PL\",\"url\":\"https:\/\/secure.gravatar.com\/avatar\/4677eccc26cd593f3306dd9613f7e9c7?s=96&d=mm&r=g\",\"contentUrl\":\"https:\/\/secure.gravatar.com\/avatar\/4677eccc26cd593f3306dd9613f7e9c7?s=96&d=mm&r=g\",\"caption\":\"admin\"},\"url\":\"https:\/\/www.zsk.olsztyn.pl\/przedszkole\/author\/admin\/\"}]}<\/script>\n<!-- \/ Yoast SEO plugin. -->","yoast_head_json":{"title":"DNI ADAPTACYJNE DLA NAJM\u0141ODSZYCH - Katolicki Zesp\u00f3\u0142 Edukacyjny - Niepubliczne przedszkole","description":"Niepubliczne Przedszkole im. \u015awi\u0119tej Rodziny serdecznie zaprasza rodzic\u00f3w i nowoprzyj\u0119te dzieci (3 letnie) na zaj\u0119cia adaptacyjne. Celem tych spotka\u0144 jest","robots":{"index":"index","follow":"follow","max-snippet":"max-snippet:-1","max-image-preview":"max-image-preview:large","max-video-preview":"max-video-preview:-1"},"canonical":"https:\/\/www.zsk.olsztyn.pl\/przedszkole\/dni-adaptacyjne-dla-najmlodszych\/","twitter_misc":{"Napisane przez":"admin","Szacowany czas czytania":"1 minuta"},"schema":{"@context":"https:\/\/schema.org","@graph":[{"@type":"WebSite","@id":"https:\/\/www.zsk.olsztyn.pl\/przedszkole\/#website","url":"https:\/\/www.zsk.olsztyn.pl\/przedszkole\/","name":"Katolicki Zesp\u00f3\u0142 Edukacyjny - Niepubliczne przedszkole","description":"Zapraszamy na stron\u0119 katolickiego niepublicznego przedszkola","potentialAction":[{"@type":"SearchAction","target":{"@type":"EntryPoint","urlTemplate":"https:\/\/www.zsk.olsztyn.pl\/przedszkole\/?s={search_term_string}"},"query-input":"required name=search_term_string"}],"inLanguage":"pl-PL"},{"@type":"ImageObject","@id":"https:\/\/www.zsk.olsztyn.pl\/przedszkole\/dni-adaptacyjne-dla-najmlodszych\/#primaryimage","inLanguage":"pl-PL","url":"https:\/\/www.zsk.olsztyn.pl\/przedszkole\/wp-content\/uploads\/2023\/08\/ZAJECIA-ADAPTACYJNE.jpg","contentUrl":"https:\/\/www.zsk.olsztyn.pl\/przedszkole\/wp-content\/uploads\/2023\/08\/ZAJECIA-ADAPTACYJNE.jpg","width":900,"height":636},{"@type":"WebPage","@id":"https:\/\/www.zsk.olsztyn.pl\/przedszkole\/dni-adaptacyjne-dla-najmlodszych\/#webpage","url":"https:\/\/www.zsk.olsztyn.pl\/przedszkole\/dni-adaptacyjne-dla-najmlodszych\/","name":"DNI ADAPTACYJNE DLA NAJM\u0141ODSZYCH - Katolicki Zesp\u00f3\u0142 Edukacyjny - Niepubliczne przedszkole","isPartOf":{"@id":"https:\/\/www.zsk.olsztyn.pl\/przedszkole\/#website"},"primaryImageOfPage":{"@id":"https:\/\/www.zsk.olsztyn.pl\/przedszkole\/dni-adaptacyjne-dla-najmlodszych\/#primaryimage"},"datePublished":"2023-08-16T09:12:25+00:00","dateModified":"2023-08-16T09:12:49+00:00","author":{"@id":"https:\/\/www.zsk.olsztyn.pl\/przedszkole\/#\/schema\/person\/d918f2da4f27cb7ded309fa67f4d415a"},"description":"Niepubliczne Przedszkole im. \u015awi\u0119tej Rodziny serdecznie zaprasza rodzic\u00f3w i nowoprzyj\u0119te dzieci (3 letnie) na zaj\u0119cia adaptacyjne. Celem tych spotka\u0144 jest","breadcrumb":{"@id":"https:\/\/www.zsk.olsztyn.pl\/przedszkole\/dni-adaptacyjne-dla-najmlodszych\/#breadcrumb"},"inLanguage":"pl-PL","potentialAction":[{"@type":"ReadAction","target":["https:\/\/www.zsk.olsztyn.pl\/przedszkole\/dni-adaptacyjne-dla-najmlodszych\/"]}]},{"@type":"BreadcrumbList","@id":"https:\/\/www.zsk.olsztyn.pl\/przedszkole\/dni-adaptacyjne-dla-najmlodszych\/#breadcrumb","itemListElement":[{"@type":"ListItem","position":1,"name":"Strona g\u0142\u00f3wna","item":"https:\/\/www.zsk.olsztyn.pl\/przedszkole\/"},{"@type":"ListItem","position":2,"name":"DNI ADAPTACYJNE DLA NAJM\u0141ODSZYCH"}]},{"@type":"Person","@id":"https:\/\/www.zsk.olsztyn.pl\/przedszkole\/#\/schema\/person\/d918f2da4f27cb7ded309fa67f4d415a","name":"admin","image":{"@type":"ImageObject","@id":"https:\/\/www.zsk.olsztyn.pl\/przedszkole\/#personlogo","inLanguage":"pl-PL","url":"https:\/\/secure.gravatar.com\/avatar\/4677eccc26cd593f3306dd9613f7e9c7?s=96&d=mm&r=g","contentUrl":"https:\/\/secure.gravatar.com\/avatar\/4677eccc26cd593f3306dd9613f7e9c7?s=96&d=mm&r=g","caption":"admin"},"url":"https:\/\/www.zsk.olsztyn.pl\/przedszkole\/author\/admin\/"}]}},"_links":{"self":[{"href":"https:\/\/www.zsk.olsztyn.pl\/przedszkole\/wp-json\/wp\/v2\/posts\/18270"}],"collection":[{"href":"https:\/\/www.zsk.olsztyn.pl\/przedszkole\/wp-json\/wp\/v2\/posts"}],"about":[{"href":"https:\/\/www.zsk.olsztyn.pl\/przedszkole\/wp-json\/wp\/v2\/types\/post"}],"author":[{"embeddable":true,"href":"https:\/\/www.zsk.olsztyn.pl\/przedszkole\/wp-json\/wp\/v2\/users\/1"}],"replies":[{"embeddable":true,"href":"https:\/\/www.zsk.olsztyn.pl\/przedszkole\/wp-json\/wp\/v2\/comments?post=18270"}],"version-history":[{"count":1,"href":"https:\/\/www.zsk.olsztyn.pl\/przedszkole\/wp-json\/wp\/v2\/posts\/18270\/revisions"}],"predecessor-version":[{"id":18272,"href":"https:\/\/www.zsk.olsztyn.pl\/przedszkole\/wp-json\/wp\/v2\/posts\/18270\/revisions\/18272"}],"wp:featuredmedia":[{"embeddable":true,"href":"https:\/\/www.zsk.olsztyn.pl\/przedszkole\/wp-json\/wp\/v2\/media\/18271"}],"wp:attachment":[{"href":"https:\/\/www.zsk.olsztyn.pl\/przedszkole\/wp-json\/wp\/v2\/media?parent=18270"}],"wp:term":[{"taxonomy":"category","embeddable":true,"href":"https:\/\/www.zsk.olsztyn.pl\/przedszkole\/wp-json\/wp\/v2\/categories?post=18270"},{"taxonomy":"post_tag","embeddable":true,"href":"https:\/\/www.zsk.olsztyn.pl\/przedszkole\/wp-json\/wp\/v2\/tags?post=18270"}],"curies":[{"name":"wp","href":"https:\/\/api.w.org\/{rel}","templated":true}]}}