{"id":18215,"date":"2023-07-24T09:22:33","date_gmt":"2023-07-24T07:22:33","guid":{"rendered":"https:\/\/www.zsk.olsztyn.pl\/przedszkole\/?p=18215"},"modified":"2023-07-24T09:24:00","modified_gmt":"2023-07-24T07:24:00","slug":"sensoryczny-kogiel-mogiel-grupa-3-4-latkow","status":"publish","type":"post","link":"https:\/\/www.zsk.olsztyn.pl\/przedszkole\/sensoryczny-kogiel-mogiel-grupa-3-4-latkow\/","title":{"rendered":"SENSORYCZNY KOGEL- MOGEL- grupa 3-4 latk\u00f3w"},"content":{"rendered":"<p>[vc_row][vc_column][vc_column_text]Trzeci tydzie\u0144 wakacji w grupie 3 i 4-latk\u00f3w dotyczy\u0142 Sensorycznego Kogla-mogla. W czasie zaj\u0119\u0107 dostarczane by\u0142y dzieciom r\u00f3\u017cnorodne bod\u017ace wspomagaj\u0105ce integracje wszystkich zmys\u0142\u00f3w oraz ich rozw\u00f3j. Zabawy sensoryczne, cho\u0107 czasem wi\u0105\u017c\u0105 si\u0119 z plamami i ba\u0142aganem, zapewniaj\u0105 wyj\u0105tkowe odczucia, jakich nie dadz\u0105 nawet najlepsze gotowe zabawki.[\/vc_column_text][na_galerie_listing ids=&#8221;18216,18217,18218,18219,18220,18221,18222,18223,18224,18225,18226,18227,18228,18229,18230,18231,18232&#8243;][\/vc_column][\/vc_row]<\/p>\n","protected":false},"excerpt":{"rendered":"<p>[vc_row][vc_column][vc_column_text]Trzeci tydzie\u0144 wakacji w grupie 3 i 4-latk\u00f3w dotyczy\u0142 Sensorycznego Kogla-mogla. W czasie zaj\u0119\u0107 dostarczane by\u0142y dzieciom r\u00f3\u017cnorodne bod\u017ace wspomagaj\u0105ce integracje wszystkich zmys\u0142\u00f3w oraz ich rozw\u00f3j. Zabawy sensoryczne, cho\u0107 czasem wi\u0105\u017c\u0105 si\u0119 z plamami i ba\u0142aganem, zapewniaj\u0105 wyj\u0105tkowe odczucia, jakich nie dadz\u0105 nawet najlepsze gotowe zabawki.[\/vc_column_text][na_galerie_listing ids=&#8221;18216,18217,18218,18219,18220,18221,18222,18223,18224,18225,18226,18227,18228,18229,18230,18231,18232&#8243;][\/vc_column][\/vc_row]<\/p>\n","protected":false},"author":1,"featured_media":18233,"comment_status":"closed","ping_status":"open","sticky":false,"template":"","format":"standard","meta":[],"categories":[221,222],"tags":[],"yoast_head":"<!-- This site is optimized with the Yoast SEO plugin v18.2 - https:\/\/yoast.com\/wordpress\/plugins\/seo\/ -->\n<title>SENSORYCZNY KOGEL- MOGEL- grupa 3-4 latk\u00f3w - Katolicki Zesp\u00f3\u0142 Edukacyjny - Niepubliczne przedszkole<\/title>\n<meta name=\"description\" content=\"Trzeci tydzie\u0144 wakacji w grupie 3 i 4-latk\u00f3w dotyczy\u0142 Sensorycznego Kogla-mogla. W czasie zaj\u0119\u0107 dostarczane by\u0142y dzieciom r\u00f3\u017cnorodne bod\u017ace wspomagaj\u0105ce\" \/>\n<meta name=\"robots\" content=\"index, follow, max-snippet:-1, max-image-preview:large, max-video-preview:-1\" \/>\n<link rel=\"canonical\" href=\"https:\/\/www.zsk.olsztyn.pl\/przedszkole\/sensoryczny-kogiel-mogiel-grupa-3-4-latkow\/\" \/>\n<meta name=\"twitter:label1\" content=\"Napisane przez\" \/>\n\t<meta name=\"twitter:data1\" content=\"admin\" \/>\n\t<meta name=\"twitter:label2\" content=\"Szacowany czas czytania\" \/>\n\t<meta name=\"twitter:data2\" content=\"1 minuta\" \/>\n<script type=\"application\/ld+json\" class=\"yoast-schema-graph\">{\"@context\":\"https:\/\/schema.org\",\"@graph\":[{\"@type\":\"WebSite\",\"@id\":\"https:\/\/www.zsk.olsztyn.pl\/przedszkole\/#website\",\"url\":\"https:\/\/www.zsk.olsztyn.pl\/przedszkole\/\",\"name\":\"Katolicki Zesp\u00f3\u0142 Edukacyjny - Niepubliczne przedszkole\",\"description\":\"Zapraszamy na stron\u0119 katolickiego niepublicznego przedszkola\",\"potentialAction\":[{\"@type\":\"SearchAction\",\"target\":{\"@type\":\"EntryPoint\",\"urlTemplate\":\"https:\/\/www.zsk.olsztyn.pl\/przedszkole\/?s={search_term_string}\"},\"query-input\":\"required name=search_term_string\"}],\"inLanguage\":\"pl-PL\"},{\"@type\":\"ImageObject\",\"@id\":\"https:\/\/www.zsk.olsztyn.pl\/przedszkole\/sensoryczny-kogiel-mogiel-grupa-3-4-latkow\/#primaryimage\",\"inLanguage\":\"pl-PL\",\"url\":\"https:\/\/www.zsk.olsztyn.pl\/przedszkole\/wp-content\/uploads\/2023\/07\/3-atrakcje-dla-dzieci-w-lublinie.jpg\",\"contentUrl\":\"https:\/\/www.zsk.olsztyn.pl\/przedszkole\/wp-content\/uploads\/2023\/07\/3-atrakcje-dla-dzieci-w-lublinie.jpg\",\"width\":1000,\"height\":667},{\"@type\":\"WebPage\",\"@id\":\"https:\/\/www.zsk.olsztyn.pl\/przedszkole\/sensoryczny-kogiel-mogiel-grupa-3-4-latkow\/#webpage\",\"url\":\"https:\/\/www.zsk.olsztyn.pl\/przedszkole\/sensoryczny-kogiel-mogiel-grupa-3-4-latkow\/\",\"name\":\"SENSORYCZNY KOGEL- MOGEL- grupa 3-4 latk\u00f3w - Katolicki Zesp\u00f3\u0142 Edukacyjny - Niepubliczne przedszkole\",\"isPartOf\":{\"@id\":\"https:\/\/www.zsk.olsztyn.pl\/przedszkole\/#website\"},\"primaryImageOfPage\":{\"@id\":\"https:\/\/www.zsk.olsztyn.pl\/przedszkole\/sensoryczny-kogiel-mogiel-grupa-3-4-latkow\/#primaryimage\"},\"datePublished\":\"2023-07-24T07:22:33+00:00\",\"dateModified\":\"2023-07-24T07:24:00+00:00\",\"author\":{\"@id\":\"https:\/\/www.zsk.olsztyn.pl\/przedszkole\/#\/schema\/person\/d918f2da4f27cb7ded309fa67f4d415a\"},\"description\":\"Trzeci tydzie\u0144 wakacji w grupie 3 i 4-latk\u00f3w dotyczy\u0142 Sensorycznego Kogla-mogla. W czasie zaj\u0119\u0107 dostarczane by\u0142y dzieciom r\u00f3\u017cnorodne bod\u017ace wspomagaj\u0105ce\",\"breadcrumb\":{\"@id\":\"https:\/\/www.zsk.olsztyn.pl\/przedszkole\/sensoryczny-kogiel-mogiel-grupa-3-4-latkow\/#breadcrumb\"},\"inLanguage\":\"pl-PL\",\"potentialAction\":[{\"@type\":\"ReadAction\",\"target\":[\"https:\/\/www.zsk.olsztyn.pl\/przedszkole\/sensoryczny-kogiel-mogiel-grupa-3-4-latkow\/\"]}]},{\"@type\":\"BreadcrumbList\",\"@id\":\"https:\/\/www.zsk.olsztyn.pl\/przedszkole\/sensoryczny-kogiel-mogiel-grupa-3-4-latkow\/#breadcrumb\",\"itemListElement\":[{\"@type\":\"ListItem\",\"position\":1,\"name\":\"Strona g\u0142\u00f3wna\",\"item\":\"https:\/\/www.zsk.olsztyn.pl\/przedszkole\/\"},{\"@type\":\"ListItem\",\"position\":2,\"name\":\"SENSORYCZNY KOGEL- MOGEL- grupa 3-4 latk\u00f3w\"}]},{\"@type\":\"Person\",\"@id\":\"https:\/\/www.zsk.olsztyn.pl\/przedszkole\/#\/schema\/person\/d918f2da4f27cb7ded309fa67f4d415a\",\"name\":\"admin\",\"image\":{\"@type\":\"ImageObject\",\"@id\":\"https:\/\/www.zsk.olsztyn.pl\/przedszkole\/#personlogo\",\"inLanguage\":\"pl-PL\",\"url\":\"https:\/\/secure.gravatar.com\/avatar\/4677eccc26cd593f3306dd9613f7e9c7?s=96&d=mm&r=g\",\"contentUrl\":\"https:\/\/secure.gravatar.com\/avatar\/4677eccc26cd593f3306dd9613f7e9c7?s=96&d=mm&r=g\",\"caption\":\"admin\"},\"url\":\"https:\/\/www.zsk.olsztyn.pl\/przedszkole\/author\/admin\/\"}]}<\/script>\n<!-- \/ Yoast SEO plugin. -->","yoast_head_json":{"title":"SENSORYCZNY KOGEL- MOGEL- grupa 3-4 latk\u00f3w - Katolicki Zesp\u00f3\u0142 Edukacyjny - Niepubliczne przedszkole","description":"Trzeci tydzie\u0144 wakacji w grupie 3 i 4-latk\u00f3w dotyczy\u0142 Sensorycznego Kogla-mogla. W czasie zaj\u0119\u0107 dostarczane by\u0142y dzieciom r\u00f3\u017cnorodne bod\u017ace wspomagaj\u0105ce","robots":{"index":"index","follow":"follow","max-snippet":"max-snippet:-1","max-image-preview":"max-image-preview:large","max-video-preview":"max-video-preview:-1"},"canonical":"https:\/\/www.zsk.olsztyn.pl\/przedszkole\/sensoryczny-kogiel-mogiel-grupa-3-4-latkow\/","twitter_misc":{"Napisane przez":"admin","Szacowany czas czytania":"1 minuta"},"schema":{"@context":"https:\/\/schema.org","@graph":[{"@type":"WebSite","@id":"https:\/\/www.zsk.olsztyn.pl\/przedszkole\/#website","url":"https:\/\/www.zsk.olsztyn.pl\/przedszkole\/","name":"Katolicki Zesp\u00f3\u0142 Edukacyjny - Niepubliczne przedszkole","description":"Zapraszamy na stron\u0119 katolickiego niepublicznego przedszkola","potentialAction":[{"@type":"SearchAction","target":{"@type":"EntryPoint","urlTemplate":"https:\/\/www.zsk.olsztyn.pl\/przedszkole\/?s={search_term_string}"},"query-input":"required name=search_term_string"}],"inLanguage":"pl-PL"},{"@type":"ImageObject","@id":"https:\/\/www.zsk.olsztyn.pl\/przedszkole\/sensoryczny-kogiel-mogiel-grupa-3-4-latkow\/#primaryimage","inLanguage":"pl-PL","url":"https:\/\/www.zsk.olsztyn.pl\/przedszkole\/wp-content\/uploads\/2023\/07\/3-atrakcje-dla-dzieci-w-lublinie.jpg","contentUrl":"https:\/\/www.zsk.olsztyn.pl\/przedszkole\/wp-content\/uploads\/2023\/07\/3-atrakcje-dla-dzieci-w-lublinie.jpg","width":1000,"height":667},{"@type":"WebPage","@id":"https:\/\/www.zsk.olsztyn.pl\/przedszkole\/sensoryczny-kogiel-mogiel-grupa-3-4-latkow\/#webpage","url":"https:\/\/www.zsk.olsztyn.pl\/przedszkole\/sensoryczny-kogiel-mogiel-grupa-3-4-latkow\/","name":"SENSORYCZNY KOGEL- MOGEL- grupa 3-4 latk\u00f3w - Katolicki Zesp\u00f3\u0142 Edukacyjny - Niepubliczne przedszkole","isPartOf":{"@id":"https:\/\/www.zsk.olsztyn.pl\/przedszkole\/#website"},"primaryImageOfPage":{"@id":"https:\/\/www.zsk.olsztyn.pl\/przedszkole\/sensoryczny-kogiel-mogiel-grupa-3-4-latkow\/#primaryimage"},"datePublished":"2023-07-24T07:22:33+00:00","dateModified":"2023-07-24T07:24:00+00:00","author":{"@id":"https:\/\/www.zsk.olsztyn.pl\/przedszkole\/#\/schema\/person\/d918f2da4f27cb7ded309fa67f4d415a"},"description":"Trzeci tydzie\u0144 wakacji w grupie 3 i 4-latk\u00f3w dotyczy\u0142 Sensorycznego Kogla-mogla. W czasie zaj\u0119\u0107 dostarczane by\u0142y dzieciom r\u00f3\u017cnorodne bod\u017ace wspomagaj\u0105ce","breadcrumb":{"@id":"https:\/\/www.zsk.olsztyn.pl\/przedszkole\/sensoryczny-kogiel-mogiel-grupa-3-4-latkow\/#breadcrumb"},"inLanguage":"pl-PL","potentialAction":[{"@type":"ReadAction","target":["https:\/\/www.zsk.olsztyn.pl\/przedszkole\/sensoryczny-kogiel-mogiel-grupa-3-4-latkow\/"]}]},{"@type":"BreadcrumbList","@id":"https:\/\/www.zsk.olsztyn.pl\/przedszkole\/sensoryczny-kogiel-mogiel-grupa-3-4-latkow\/#breadcrumb","itemListElement":[{"@type":"ListItem","position":1,"name":"Strona g\u0142\u00f3wna","item":"https:\/\/www.zsk.olsztyn.pl\/przedszkole\/"},{"@type":"ListItem","position":2,"name":"SENSORYCZNY KOGEL- MOGEL- grupa 3-4 latk\u00f3w"}]},{"@type":"Person","@id":"https:\/\/www.zsk.olsztyn.pl\/przedszkole\/#\/schema\/person\/d918f2da4f27cb7ded309fa67f4d415a","name":"admin","image":{"@type":"ImageObject","@id":"https:\/\/www.zsk.olsztyn.pl\/przedszkole\/#personlogo","inLanguage":"pl-PL","url":"https:\/\/secure.gravatar.com\/avatar\/4677eccc26cd593f3306dd9613f7e9c7?s=96&d=mm&r=g","contentUrl":"https:\/\/secure.gravatar.com\/avatar\/4677eccc26cd593f3306dd9613f7e9c7?s=96&d=mm&r=g","caption":"admin"},"url":"https:\/\/www.zsk.olsztyn.pl\/przedszkole\/author\/admin\/"}]}},"_links":{"self":[{"href":"https:\/\/www.zsk.olsztyn.pl\/przedszkole\/wp-json\/wp\/v2\/posts\/18215"}],"collection":[{"href":"https:\/\/www.zsk.olsztyn.pl\/przedszkole\/wp-json\/wp\/v2\/posts"}],"about":[{"href":"https:\/\/www.zsk.olsztyn.pl\/przedszkole\/wp-json\/wp\/v2\/types\/post"}],"author":[{"embeddable":true,"href":"https:\/\/www.zsk.olsztyn.pl\/przedszkole\/wp-json\/wp\/v2\/users\/1"}],"replies":[{"embeddable":true,"href":"https:\/\/www.zsk.olsztyn.pl\/przedszkole\/wp-json\/wp\/v2\/comments?post=18215"}],"version-history":[{"count":3,"href":"https:\/\/www.zsk.olsztyn.pl\/przedszkole\/wp-json\/wp\/v2\/posts\/18215\/revisions"}],"predecessor-version":[{"id":18236,"href":"https:\/\/www.zsk.olsztyn.pl\/przedszkole\/wp-json\/wp\/v2\/posts\/18215\/revisions\/18236"}],"wp:featuredmedia":[{"embeddable":true,"href":"https:\/\/www.zsk.olsztyn.pl\/przedszkole\/wp-json\/wp\/v2\/media\/18233"}],"wp:attachment":[{"href":"https:\/\/www.zsk.olsztyn.pl\/przedszkole\/wp-json\/wp\/v2\/media?parent=18215"}],"wp:term":[{"taxonomy":"category","embeddable":true,"href":"https:\/\/www.zsk.olsztyn.pl\/przedszkole\/wp-json\/wp\/v2\/categories?post=18215"},{"taxonomy":"post_tag","embeddable":true,"href":"https:\/\/www.zsk.olsztyn.pl\/przedszkole\/wp-json\/wp\/v2\/tags?post=18215"}],"curies":[{"name":"wp","href":"https:\/\/api.w.org\/{rel}","templated":true}]}}