{"id":17990,"date":"2023-06-07T11:37:34","date_gmt":"2023-06-07T09:37:34","guid":{"rendered":"https:\/\/www.zsk.olsztyn.pl\/przedszkole\/?p=17990"},"modified":"2023-06-07T11:37:34","modified_gmt":"2023-06-07T09:37:34","slug":"dzien-dziecka-5-latki-2","status":"publish","type":"post","link":"https:\/\/www.zsk.olsztyn.pl\/przedszkole\/dzien-dziecka-5-latki-2\/","title":{"rendered":"DZIE\u0143 DZIECKA- 5 LATKI"},"content":{"rendered":"<p>[vc_row][vc_column][vc_column_text]Dzie\u0144 Dziecka jest jednym z najwa\u017cniejszych dni w naszym kalendarzu przedszkolnym. My, ten dzie\u0144 sp\u0119dzili\u015bmy na sportowo! Po \u015bniadaniu wybrali\u015bmy si\u0119 w odwiedziny do pi\u0142karzy Stomilu Olsztyn.<br \/>\nW czasie pobytu obejrzeli\u015bmy stadion, jego zaplecze oraz trening pierwszej dru\u017cyny. Bawili\u015bmy si\u0119 \u015bwietnie. Po kr\u00f3tkich zawodach sportowych wr\u00f3cili\u015bmy do przedszkola, gdzie czeka\u0142y na nas kolejne niespodzianki \ud83d\ude42 By\u0142 tort, hot-dogi i przepyszne looody!!!<br \/>\n[\/vc_column_text][na_galerie_listing ids=&#8221;17991,17992,17993,17994,17995,17996,17997,17998,17999,18000,18001,18002,18003,18004,18005,18006,18007,18008,18009,18010,18011,18012,18013&#8243;][\/vc_column][\/vc_row]<\/p>\n","protected":false},"excerpt":{"rendered":"<p>[vc_row][vc_column][vc_column_text]Dzie\u0144 Dziecka jest jednym z najwa\u017cniejszych dni w naszym kalendarzu przedszkolnym. My, ten dzie\u0144 sp\u0119dzili\u015bmy na sportowo! Po \u015bniadaniu wybrali\u015bmy si\u0119 w odwiedziny do pi\u0142karzy Stomilu Olsztyn. W czasie pobytu obejrzeli\u015bmy stadion, jego zaplecze oraz trening pierwszej dru\u017cyny. Bawili\u015bmy si\u0119 \u015bwietnie. Po kr\u00f3tkich zawodach sportowych wr\u00f3cili\u015bmy do przedszkola, gdzie czeka\u0142y na nas kolejne niespodzianki \ud83d\ude42<\/p>\n","protected":false},"author":1,"featured_media":18014,"comment_status":"closed","ping_status":"open","sticky":false,"template":"","format":"standard","meta":[],"categories":[223],"tags":[],"yoast_head":"<!-- This site is optimized with the Yoast SEO plugin v18.2 - https:\/\/yoast.com\/wordpress\/plugins\/seo\/ -->\n<title>DZIE\u0143 DZIECKA- 5 LATKI - Katolicki Zesp\u00f3\u0142 Edukacyjny - Niepubliczne przedszkole<\/title>\n<meta name=\"description\" content=\"Dzie\u0144 Dziecka jest jednym z najwa\u017cniejszych dni w naszym kalendarzu przedszkolnym. My, ten dzie\u0144 sp\u0119dzili\u015bmy na sportowo! Po \u015bniadaniu wybrali\u015bmy si\u0119 w\" \/>\n<meta name=\"robots\" content=\"index, follow, max-snippet:-1, max-image-preview:large, max-video-preview:-1\" \/>\n<link rel=\"canonical\" href=\"https:\/\/www.zsk.olsztyn.pl\/przedszkole\/dzien-dziecka-5-latki-2\/\" \/>\n<meta name=\"twitter:label1\" content=\"Napisane przez\" \/>\n\t<meta name=\"twitter:data1\" content=\"admin\" \/>\n\t<meta name=\"twitter:label2\" content=\"Szacowany czas czytania\" \/>\n\t<meta name=\"twitter:data2\" content=\"1 minuta\" \/>\n<script type=\"application\/ld+json\" class=\"yoast-schema-graph\">{\"@context\":\"https:\/\/schema.org\",\"@graph\":[{\"@type\":\"WebSite\",\"@id\":\"https:\/\/www.zsk.olsztyn.pl\/przedszkole\/#website\",\"url\":\"https:\/\/www.zsk.olsztyn.pl\/przedszkole\/\",\"name\":\"Katolicki Zesp\u00f3\u0142 Edukacyjny - Niepubliczne przedszkole\",\"description\":\"Zapraszamy na stron\u0119 katolickiego niepublicznego przedszkola\",\"potentialAction\":[{\"@type\":\"SearchAction\",\"target\":{\"@type\":\"EntryPoint\",\"urlTemplate\":\"https:\/\/www.zsk.olsztyn.pl\/przedszkole\/?s={search_term_string}\"},\"query-input\":\"required name=search_term_string\"}],\"inLanguage\":\"pl-PL\"},{\"@type\":\"ImageObject\",\"@id\":\"https:\/\/www.zsk.olsztyn.pl\/przedszkole\/dzien-dziecka-5-latki-2\/#primaryimage\",\"inLanguage\":\"pl-PL\",\"url\":\"https:\/\/www.zsk.olsztyn.pl\/przedszkole\/wp-content\/uploads\/2023\/06\/dziewczynka_w_koszu.png\",\"contentUrl\":\"https:\/\/www.zsk.olsztyn.pl\/przedszkole\/wp-content\/uploads\/2023\/06\/dziewczynka_w_koszu.png\",\"width\":648,\"height\":531},{\"@type\":\"WebPage\",\"@id\":\"https:\/\/www.zsk.olsztyn.pl\/przedszkole\/dzien-dziecka-5-latki-2\/#webpage\",\"url\":\"https:\/\/www.zsk.olsztyn.pl\/przedszkole\/dzien-dziecka-5-latki-2\/\",\"name\":\"DZIE\u0143 DZIECKA- 5 LATKI - Katolicki Zesp\u00f3\u0142 Edukacyjny - Niepubliczne przedszkole\",\"isPartOf\":{\"@id\":\"https:\/\/www.zsk.olsztyn.pl\/przedszkole\/#website\"},\"primaryImageOfPage\":{\"@id\":\"https:\/\/www.zsk.olsztyn.pl\/przedszkole\/dzien-dziecka-5-latki-2\/#primaryimage\"},\"datePublished\":\"2023-06-07T09:37:34+00:00\",\"dateModified\":\"2023-06-07T09:37:34+00:00\",\"author\":{\"@id\":\"https:\/\/www.zsk.olsztyn.pl\/przedszkole\/#\/schema\/person\/d918f2da4f27cb7ded309fa67f4d415a\"},\"description\":\"Dzie\u0144 Dziecka jest jednym z najwa\u017cniejszych dni w naszym kalendarzu przedszkolnym. My, ten dzie\u0144 sp\u0119dzili\u015bmy na sportowo! Po \u015bniadaniu wybrali\u015bmy si\u0119 w\",\"breadcrumb\":{\"@id\":\"https:\/\/www.zsk.olsztyn.pl\/przedszkole\/dzien-dziecka-5-latki-2\/#breadcrumb\"},\"inLanguage\":\"pl-PL\",\"potentialAction\":[{\"@type\":\"ReadAction\",\"target\":[\"https:\/\/www.zsk.olsztyn.pl\/przedszkole\/dzien-dziecka-5-latki-2\/\"]}]},{\"@type\":\"BreadcrumbList\",\"@id\":\"https:\/\/www.zsk.olsztyn.pl\/przedszkole\/dzien-dziecka-5-latki-2\/#breadcrumb\",\"itemListElement\":[{\"@type\":\"ListItem\",\"position\":1,\"name\":\"Strona g\u0142\u00f3wna\",\"item\":\"https:\/\/www.zsk.olsztyn.pl\/przedszkole\/\"},{\"@type\":\"ListItem\",\"position\":2,\"name\":\"DZIE\u0143 DZIECKA- 5 LATKI\"}]},{\"@type\":\"Person\",\"@id\":\"https:\/\/www.zsk.olsztyn.pl\/przedszkole\/#\/schema\/person\/d918f2da4f27cb7ded309fa67f4d415a\",\"name\":\"admin\",\"image\":{\"@type\":\"ImageObject\",\"@id\":\"https:\/\/www.zsk.olsztyn.pl\/przedszkole\/#personlogo\",\"inLanguage\":\"pl-PL\",\"url\":\"https:\/\/secure.gravatar.com\/avatar\/4677eccc26cd593f3306dd9613f7e9c7?s=96&d=mm&r=g\",\"contentUrl\":\"https:\/\/secure.gravatar.com\/avatar\/4677eccc26cd593f3306dd9613f7e9c7?s=96&d=mm&r=g\",\"caption\":\"admin\"},\"url\":\"https:\/\/www.zsk.olsztyn.pl\/przedszkole\/author\/admin\/\"}]}<\/script>\n<!-- \/ Yoast SEO plugin. -->","yoast_head_json":{"title":"DZIE\u0143 DZIECKA- 5 LATKI - Katolicki Zesp\u00f3\u0142 Edukacyjny - Niepubliczne przedszkole","description":"Dzie\u0144 Dziecka jest jednym z najwa\u017cniejszych dni w naszym kalendarzu przedszkolnym. My, ten dzie\u0144 sp\u0119dzili\u015bmy na sportowo! Po \u015bniadaniu wybrali\u015bmy si\u0119 w","robots":{"index":"index","follow":"follow","max-snippet":"max-snippet:-1","max-image-preview":"max-image-preview:large","max-video-preview":"max-video-preview:-1"},"canonical":"https:\/\/www.zsk.olsztyn.pl\/przedszkole\/dzien-dziecka-5-latki-2\/","twitter_misc":{"Napisane przez":"admin","Szacowany czas czytania":"1 minuta"},"schema":{"@context":"https:\/\/schema.org","@graph":[{"@type":"WebSite","@id":"https:\/\/www.zsk.olsztyn.pl\/przedszkole\/#website","url":"https:\/\/www.zsk.olsztyn.pl\/przedszkole\/","name":"Katolicki Zesp\u00f3\u0142 Edukacyjny - Niepubliczne przedszkole","description":"Zapraszamy na stron\u0119 katolickiego niepublicznego przedszkola","potentialAction":[{"@type":"SearchAction","target":{"@type":"EntryPoint","urlTemplate":"https:\/\/www.zsk.olsztyn.pl\/przedszkole\/?s={search_term_string}"},"query-input":"required name=search_term_string"}],"inLanguage":"pl-PL"},{"@type":"ImageObject","@id":"https:\/\/www.zsk.olsztyn.pl\/przedszkole\/dzien-dziecka-5-latki-2\/#primaryimage","inLanguage":"pl-PL","url":"https:\/\/www.zsk.olsztyn.pl\/przedszkole\/wp-content\/uploads\/2023\/06\/dziewczynka_w_koszu.png","contentUrl":"https:\/\/www.zsk.olsztyn.pl\/przedszkole\/wp-content\/uploads\/2023\/06\/dziewczynka_w_koszu.png","width":648,"height":531},{"@type":"WebPage","@id":"https:\/\/www.zsk.olsztyn.pl\/przedszkole\/dzien-dziecka-5-latki-2\/#webpage","url":"https:\/\/www.zsk.olsztyn.pl\/przedszkole\/dzien-dziecka-5-latki-2\/","name":"DZIE\u0143 DZIECKA- 5 LATKI - Katolicki Zesp\u00f3\u0142 Edukacyjny - Niepubliczne przedszkole","isPartOf":{"@id":"https:\/\/www.zsk.olsztyn.pl\/przedszkole\/#website"},"primaryImageOfPage":{"@id":"https:\/\/www.zsk.olsztyn.pl\/przedszkole\/dzien-dziecka-5-latki-2\/#primaryimage"},"datePublished":"2023-06-07T09:37:34+00:00","dateModified":"2023-06-07T09:37:34+00:00","author":{"@id":"https:\/\/www.zsk.olsztyn.pl\/przedszkole\/#\/schema\/person\/d918f2da4f27cb7ded309fa67f4d415a"},"description":"Dzie\u0144 Dziecka jest jednym z najwa\u017cniejszych dni w naszym kalendarzu przedszkolnym. My, ten dzie\u0144 sp\u0119dzili\u015bmy na sportowo! Po \u015bniadaniu wybrali\u015bmy si\u0119 w","breadcrumb":{"@id":"https:\/\/www.zsk.olsztyn.pl\/przedszkole\/dzien-dziecka-5-latki-2\/#breadcrumb"},"inLanguage":"pl-PL","potentialAction":[{"@type":"ReadAction","target":["https:\/\/www.zsk.olsztyn.pl\/przedszkole\/dzien-dziecka-5-latki-2\/"]}]},{"@type":"BreadcrumbList","@id":"https:\/\/www.zsk.olsztyn.pl\/przedszkole\/dzien-dziecka-5-latki-2\/#breadcrumb","itemListElement":[{"@type":"ListItem","position":1,"name":"Strona g\u0142\u00f3wna","item":"https:\/\/www.zsk.olsztyn.pl\/przedszkole\/"},{"@type":"ListItem","position":2,"name":"DZIE\u0143 DZIECKA- 5 LATKI"}]},{"@type":"Person","@id":"https:\/\/www.zsk.olsztyn.pl\/przedszkole\/#\/schema\/person\/d918f2da4f27cb7ded309fa67f4d415a","name":"admin","image":{"@type":"ImageObject","@id":"https:\/\/www.zsk.olsztyn.pl\/przedszkole\/#personlogo","inLanguage":"pl-PL","url":"https:\/\/secure.gravatar.com\/avatar\/4677eccc26cd593f3306dd9613f7e9c7?s=96&d=mm&r=g","contentUrl":"https:\/\/secure.gravatar.com\/avatar\/4677eccc26cd593f3306dd9613f7e9c7?s=96&d=mm&r=g","caption":"admin"},"url":"https:\/\/www.zsk.olsztyn.pl\/przedszkole\/author\/admin\/"}]}},"_links":{"self":[{"href":"https:\/\/www.zsk.olsztyn.pl\/przedszkole\/wp-json\/wp\/v2\/posts\/17990"}],"collection":[{"href":"https:\/\/www.zsk.olsztyn.pl\/przedszkole\/wp-json\/wp\/v2\/posts"}],"about":[{"href":"https:\/\/www.zsk.olsztyn.pl\/przedszkole\/wp-json\/wp\/v2\/types\/post"}],"author":[{"embeddable":true,"href":"https:\/\/www.zsk.olsztyn.pl\/przedszkole\/wp-json\/wp\/v2\/users\/1"}],"replies":[{"embeddable":true,"href":"https:\/\/www.zsk.olsztyn.pl\/przedszkole\/wp-json\/wp\/v2\/comments?post=17990"}],"version-history":[{"count":1,"href":"https:\/\/www.zsk.olsztyn.pl\/przedszkole\/wp-json\/wp\/v2\/posts\/17990\/revisions"}],"predecessor-version":[{"id":18015,"href":"https:\/\/www.zsk.olsztyn.pl\/przedszkole\/wp-json\/wp\/v2\/posts\/17990\/revisions\/18015"}],"wp:featuredmedia":[{"embeddable":true,"href":"https:\/\/www.zsk.olsztyn.pl\/przedszkole\/wp-json\/wp\/v2\/media\/18014"}],"wp:attachment":[{"href":"https:\/\/www.zsk.olsztyn.pl\/przedszkole\/wp-json\/wp\/v2\/media?parent=17990"}],"wp:term":[{"taxonomy":"category","embeddable":true,"href":"https:\/\/www.zsk.olsztyn.pl\/przedszkole\/wp-json\/wp\/v2\/categories?post=17990"},{"taxonomy":"post_tag","embeddable":true,"href":"https:\/\/www.zsk.olsztyn.pl\/przedszkole\/wp-json\/wp\/v2\/tags?post=17990"}],"curies":[{"name":"wp","href":"https:\/\/api.w.org\/{rel}","templated":true}]}}