{"id":17948,"date":"2023-05-16T10:37:14","date_gmt":"2023-05-16T08:37:14","guid":{"rendered":"https:\/\/www.zsk.olsztyn.pl\/przedszkole\/?p=17948"},"modified":"2023-05-16T10:40:06","modified_gmt":"2023-05-16T08:40:06","slug":"wycieczka-do-strazy-pozarnej-5-latki","status":"publish","type":"post","link":"https:\/\/www.zsk.olsztyn.pl\/przedszkole\/wycieczka-do-strazy-pozarnej-5-latki\/","title":{"rendered":"WYCIECZKA DO STRA\u017bY PO\u017bARNEJ &#8211; 5 latki"},"content":{"rendered":"<p>[vc_row][vc_column][vc_column_text]W ramach projektu edukacyjnego &#8220;Poznajemy zawody&#8221; oraz w zwi\u0105zku z majowym wspomnieniem \u015bw. Floriana, patrona stra\u017cak\u00f3w, grupa 5-latk\u00f3w odwiedzi\u0142a stra\u017cak\u00f3w z Komendy Miejskiej Pa\u0144stwowej Stra\u017cy Po\u017carnej w Olsztynie. Przedszkolaki mia\u0142y okazj\u0119 pozna\u0107 charakter pracy stra\u017caka oraz wys\u0142ucha\u0107 opowie\u015bci o akcjach ratowniczo- ga\u015bniczych. Panowie pokazali dzieciom wozy stra\u017cackie, oraz sprz\u0119t ratowniczy. Dzieci dowiedzia\u0142y si\u0119 jak trudny i odpowiedzialny jest zaw\u00f3d stra\u017caka. Spotkanie by\u0142o okazj\u0105 do kszta\u0142towania szacunku wobec os\u00f3b, kt\u00f3re wykonuj\u0105 niebezpieczne i niezwykle potrzebne dla spo\u0142ecze\u0144stwa zawody. [\/vc_column_text][na_galerie_listing ids=&#8221;17949,17950,17951,17952,17953,17954,17955,17956,17957,17958,17959,17960,17961,17962,17963,17964,17965,17966,17967,17968,17969,17970,17971,17972&#8243;][\/vc_column][\/vc_row]<\/p>\n","protected":false},"excerpt":{"rendered":"<p>[vc_row][vc_column][vc_column_text]W ramach projektu edukacyjnego &#8220;Poznajemy zawody&#8221; oraz w zwi\u0105zku z majowym wspomnieniem \u015bw. Floriana, patrona stra\u017cak\u00f3w, grupa 5-latk\u00f3w odwiedzi\u0142a stra\u017cak\u00f3w z Komendy Miejskiej Pa\u0144stwowej Stra\u017cy Po\u017carnej w Olsztynie. Przedszkolaki mia\u0142y okazj\u0119 pozna\u0107 charakter pracy stra\u017caka oraz wys\u0142ucha\u0107 opowie\u015bci o akcjach ratowniczo- ga\u015bniczych. Panowie pokazali dzieciom wozy stra\u017cackie, oraz sprz\u0119t ratowniczy. Dzieci dowiedzia\u0142y si\u0119 jak trudny<\/p>\n","protected":false},"author":1,"featured_media":17973,"comment_status":"closed","ping_status":"open","sticky":false,"template":"","format":"standard","meta":[],"categories":[223],"tags":[],"yoast_head":"<!-- This site is optimized with the Yoast SEO plugin v18.2 - https:\/\/yoast.com\/wordpress\/plugins\/seo\/ -->\n<title>WYCIECZKA DO STRA\u017bY PO\u017bARNEJ - 5 latki - Katolicki Zesp\u00f3\u0142 Edukacyjny - Niepubliczne przedszkole<\/title>\n<meta name=\"description\" content=\"W ramach projektu edukacyjnego &quot;Poznajemy zawody&quot; oraz w zwi\u0105zku z majowym wspomnieniem \u015bw. Floriana, patrona stra\u017cak\u00f3w, grupa 5-latk\u00f3w odwiedzi\u0142a\" \/>\n<meta name=\"robots\" content=\"index, follow, max-snippet:-1, max-image-preview:large, max-video-preview:-1\" \/>\n<link rel=\"canonical\" href=\"https:\/\/www.zsk.olsztyn.pl\/przedszkole\/wycieczka-do-strazy-pozarnej-5-latki\/\" \/>\n<meta name=\"twitter:label1\" content=\"Napisane przez\" \/>\n\t<meta name=\"twitter:data1\" content=\"admin\" \/>\n\t<meta name=\"twitter:label2\" content=\"Szacowany czas czytania\" \/>\n\t<meta name=\"twitter:data2\" content=\"1 minuta\" \/>\n<script type=\"application\/ld+json\" class=\"yoast-schema-graph\">{\"@context\":\"https:\/\/schema.org\",\"@graph\":[{\"@type\":\"WebSite\",\"@id\":\"https:\/\/www.zsk.olsztyn.pl\/przedszkole\/#website\",\"url\":\"https:\/\/www.zsk.olsztyn.pl\/przedszkole\/\",\"name\":\"Katolicki Zesp\u00f3\u0142 Edukacyjny - Niepubliczne przedszkole\",\"description\":\"Zapraszamy na stron\u0119 katolickiego niepublicznego przedszkola\",\"potentialAction\":[{\"@type\":\"SearchAction\",\"target\":{\"@type\":\"EntryPoint\",\"urlTemplate\":\"https:\/\/www.zsk.olsztyn.pl\/przedszkole\/?s={search_term_string}\"},\"query-input\":\"required name=search_term_string\"}],\"inLanguage\":\"pl-PL\"},{\"@type\":\"ImageObject\",\"@id\":\"https:\/\/www.zsk.olsztyn.pl\/przedszkole\/wycieczka-do-strazy-pozarnej-5-latki\/#primaryimage\",\"inLanguage\":\"pl-PL\",\"url\":\"https:\/\/www.zsk.olsztyn.pl\/przedszkole\/wp-content\/uploads\/2023\/05\/maxresdefault.jpg\",\"contentUrl\":\"https:\/\/www.zsk.olsztyn.pl\/przedszkole\/wp-content\/uploads\/2023\/05\/maxresdefault.jpg\",\"width\":1280,\"height\":720},{\"@type\":\"WebPage\",\"@id\":\"https:\/\/www.zsk.olsztyn.pl\/przedszkole\/wycieczka-do-strazy-pozarnej-5-latki\/#webpage\",\"url\":\"https:\/\/www.zsk.olsztyn.pl\/przedszkole\/wycieczka-do-strazy-pozarnej-5-latki\/\",\"name\":\"WYCIECZKA DO STRA\u017bY PO\u017bARNEJ - 5 latki - Katolicki Zesp\u00f3\u0142 Edukacyjny - Niepubliczne przedszkole\",\"isPartOf\":{\"@id\":\"https:\/\/www.zsk.olsztyn.pl\/przedszkole\/#website\"},\"primaryImageOfPage\":{\"@id\":\"https:\/\/www.zsk.olsztyn.pl\/przedszkole\/wycieczka-do-strazy-pozarnej-5-latki\/#primaryimage\"},\"datePublished\":\"2023-05-16T08:37:14+00:00\",\"dateModified\":\"2023-05-16T08:40:06+00:00\",\"author\":{\"@id\":\"https:\/\/www.zsk.olsztyn.pl\/przedszkole\/#\/schema\/person\/d918f2da4f27cb7ded309fa67f4d415a\"},\"description\":\"W ramach projektu edukacyjnego \\\"Poznajemy zawody\\\" oraz w zwi\u0105zku z majowym wspomnieniem \u015bw. Floriana, patrona stra\u017cak\u00f3w, grupa 5-latk\u00f3w odwiedzi\u0142a\",\"breadcrumb\":{\"@id\":\"https:\/\/www.zsk.olsztyn.pl\/przedszkole\/wycieczka-do-strazy-pozarnej-5-latki\/#breadcrumb\"},\"inLanguage\":\"pl-PL\",\"potentialAction\":[{\"@type\":\"ReadAction\",\"target\":[\"https:\/\/www.zsk.olsztyn.pl\/przedszkole\/wycieczka-do-strazy-pozarnej-5-latki\/\"]}]},{\"@type\":\"BreadcrumbList\",\"@id\":\"https:\/\/www.zsk.olsztyn.pl\/przedszkole\/wycieczka-do-strazy-pozarnej-5-latki\/#breadcrumb\",\"itemListElement\":[{\"@type\":\"ListItem\",\"position\":1,\"name\":\"Strona g\u0142\u00f3wna\",\"item\":\"https:\/\/www.zsk.olsztyn.pl\/przedszkole\/\"},{\"@type\":\"ListItem\",\"position\":2,\"name\":\"WYCIECZKA DO STRA\u017bY PO\u017bARNEJ &#8211; 5 latki\"}]},{\"@type\":\"Person\",\"@id\":\"https:\/\/www.zsk.olsztyn.pl\/przedszkole\/#\/schema\/person\/d918f2da4f27cb7ded309fa67f4d415a\",\"name\":\"admin\",\"image\":{\"@type\":\"ImageObject\",\"@id\":\"https:\/\/www.zsk.olsztyn.pl\/przedszkole\/#personlogo\",\"inLanguage\":\"pl-PL\",\"url\":\"https:\/\/secure.gravatar.com\/avatar\/4677eccc26cd593f3306dd9613f7e9c7?s=96&d=mm&r=g\",\"contentUrl\":\"https:\/\/secure.gravatar.com\/avatar\/4677eccc26cd593f3306dd9613f7e9c7?s=96&d=mm&r=g\",\"caption\":\"admin\"},\"url\":\"https:\/\/www.zsk.olsztyn.pl\/przedszkole\/author\/admin\/\"}]}<\/script>\n<!-- \/ Yoast SEO plugin. -->","yoast_head_json":{"title":"WYCIECZKA DO STRA\u017bY PO\u017bARNEJ - 5 latki - Katolicki Zesp\u00f3\u0142 Edukacyjny - Niepubliczne przedszkole","description":"W ramach projektu edukacyjnego \"Poznajemy zawody\" oraz w zwi\u0105zku z majowym wspomnieniem \u015bw. Floriana, patrona stra\u017cak\u00f3w, grupa 5-latk\u00f3w odwiedzi\u0142a","robots":{"index":"index","follow":"follow","max-snippet":"max-snippet:-1","max-image-preview":"max-image-preview:large","max-video-preview":"max-video-preview:-1"},"canonical":"https:\/\/www.zsk.olsztyn.pl\/przedszkole\/wycieczka-do-strazy-pozarnej-5-latki\/","twitter_misc":{"Napisane przez":"admin","Szacowany czas czytania":"1 minuta"},"schema":{"@context":"https:\/\/schema.org","@graph":[{"@type":"WebSite","@id":"https:\/\/www.zsk.olsztyn.pl\/przedszkole\/#website","url":"https:\/\/www.zsk.olsztyn.pl\/przedszkole\/","name":"Katolicki Zesp\u00f3\u0142 Edukacyjny - Niepubliczne przedszkole","description":"Zapraszamy na stron\u0119 katolickiego niepublicznego przedszkola","potentialAction":[{"@type":"SearchAction","target":{"@type":"EntryPoint","urlTemplate":"https:\/\/www.zsk.olsztyn.pl\/przedszkole\/?s={search_term_string}"},"query-input":"required name=search_term_string"}],"inLanguage":"pl-PL"},{"@type":"ImageObject","@id":"https:\/\/www.zsk.olsztyn.pl\/przedszkole\/wycieczka-do-strazy-pozarnej-5-latki\/#primaryimage","inLanguage":"pl-PL","url":"https:\/\/www.zsk.olsztyn.pl\/przedszkole\/wp-content\/uploads\/2023\/05\/maxresdefault.jpg","contentUrl":"https:\/\/www.zsk.olsztyn.pl\/przedszkole\/wp-content\/uploads\/2023\/05\/maxresdefault.jpg","width":1280,"height":720},{"@type":"WebPage","@id":"https:\/\/www.zsk.olsztyn.pl\/przedszkole\/wycieczka-do-strazy-pozarnej-5-latki\/#webpage","url":"https:\/\/www.zsk.olsztyn.pl\/przedszkole\/wycieczka-do-strazy-pozarnej-5-latki\/","name":"WYCIECZKA DO STRA\u017bY PO\u017bARNEJ - 5 latki - Katolicki Zesp\u00f3\u0142 Edukacyjny - Niepubliczne przedszkole","isPartOf":{"@id":"https:\/\/www.zsk.olsztyn.pl\/przedszkole\/#website"},"primaryImageOfPage":{"@id":"https:\/\/www.zsk.olsztyn.pl\/przedszkole\/wycieczka-do-strazy-pozarnej-5-latki\/#primaryimage"},"datePublished":"2023-05-16T08:37:14+00:00","dateModified":"2023-05-16T08:40:06+00:00","author":{"@id":"https:\/\/www.zsk.olsztyn.pl\/przedszkole\/#\/schema\/person\/d918f2da4f27cb7ded309fa67f4d415a"},"description":"W ramach projektu edukacyjnego \"Poznajemy zawody\" oraz w zwi\u0105zku z majowym wspomnieniem \u015bw. Floriana, patrona stra\u017cak\u00f3w, grupa 5-latk\u00f3w odwiedzi\u0142a","breadcrumb":{"@id":"https:\/\/www.zsk.olsztyn.pl\/przedszkole\/wycieczka-do-strazy-pozarnej-5-latki\/#breadcrumb"},"inLanguage":"pl-PL","potentialAction":[{"@type":"ReadAction","target":["https:\/\/www.zsk.olsztyn.pl\/przedszkole\/wycieczka-do-strazy-pozarnej-5-latki\/"]}]},{"@type":"BreadcrumbList","@id":"https:\/\/www.zsk.olsztyn.pl\/przedszkole\/wycieczka-do-strazy-pozarnej-5-latki\/#breadcrumb","itemListElement":[{"@type":"ListItem","position":1,"name":"Strona g\u0142\u00f3wna","item":"https:\/\/www.zsk.olsztyn.pl\/przedszkole\/"},{"@type":"ListItem","position":2,"name":"WYCIECZKA DO STRA\u017bY PO\u017bARNEJ &#8211; 5 latki"}]},{"@type":"Person","@id":"https:\/\/www.zsk.olsztyn.pl\/przedszkole\/#\/schema\/person\/d918f2da4f27cb7ded309fa67f4d415a","name":"admin","image":{"@type":"ImageObject","@id":"https:\/\/www.zsk.olsztyn.pl\/przedszkole\/#personlogo","inLanguage":"pl-PL","url":"https:\/\/secure.gravatar.com\/avatar\/4677eccc26cd593f3306dd9613f7e9c7?s=96&d=mm&r=g","contentUrl":"https:\/\/secure.gravatar.com\/avatar\/4677eccc26cd593f3306dd9613f7e9c7?s=96&d=mm&r=g","caption":"admin"},"url":"https:\/\/www.zsk.olsztyn.pl\/przedszkole\/author\/admin\/"}]}},"_links":{"self":[{"href":"https:\/\/www.zsk.olsztyn.pl\/przedszkole\/wp-json\/wp\/v2\/posts\/17948"}],"collection":[{"href":"https:\/\/www.zsk.olsztyn.pl\/przedszkole\/wp-json\/wp\/v2\/posts"}],"about":[{"href":"https:\/\/www.zsk.olsztyn.pl\/przedszkole\/wp-json\/wp\/v2\/types\/post"}],"author":[{"embeddable":true,"href":"https:\/\/www.zsk.olsztyn.pl\/przedszkole\/wp-json\/wp\/v2\/users\/1"}],"replies":[{"embeddable":true,"href":"https:\/\/www.zsk.olsztyn.pl\/przedszkole\/wp-json\/wp\/v2\/comments?post=17948"}],"version-history":[{"count":1,"href":"https:\/\/www.zsk.olsztyn.pl\/przedszkole\/wp-json\/wp\/v2\/posts\/17948\/revisions"}],"predecessor-version":[{"id":17974,"href":"https:\/\/www.zsk.olsztyn.pl\/przedszkole\/wp-json\/wp\/v2\/posts\/17948\/revisions\/17974"}],"wp:featuredmedia":[{"embeddable":true,"href":"https:\/\/www.zsk.olsztyn.pl\/przedszkole\/wp-json\/wp\/v2\/media\/17973"}],"wp:attachment":[{"href":"https:\/\/www.zsk.olsztyn.pl\/przedszkole\/wp-json\/wp\/v2\/media?parent=17948"}],"wp:term":[{"taxonomy":"category","embeddable":true,"href":"https:\/\/www.zsk.olsztyn.pl\/przedszkole\/wp-json\/wp\/v2\/categories?post=17948"},{"taxonomy":"post_tag","embeddable":true,"href":"https:\/\/www.zsk.olsztyn.pl\/przedszkole\/wp-json\/wp\/v2\/tags?post=17948"}],"curies":[{"name":"wp","href":"https:\/\/api.w.org\/{rel}","templated":true}]}}