{"id":17938,"date":"2023-05-16T07:58:02","date_gmt":"2023-05-16T05:58:02","guid":{"rendered":"https:\/\/www.zsk.olsztyn.pl\/przedszkole\/?p=17938"},"modified":"2023-05-17T20:40:34","modified_gmt":"2023-05-17T18:40:34","slug":"festyn-rodzinny-zaproszenie","status":"publish","type":"post","link":"https:\/\/www.zsk.olsztyn.pl\/przedszkole\/festyn-rodzinny-zaproszenie\/","title":{"rendered":"FESTYN RODZINNY- ZAPROSZENIE"},"content":{"rendered":"<p>[vc_row][vc_column][vc_column_text]<\/p>\n<p style=\"text-align: center; color: #006600;\"><strong>NIEPUBLICZNE PRZEDSZKOLE IM. \u015aWI\u0118TEJ RODZINY W OLSZTYNIE<\/strong><\/p>\n<h2 style=\"color: #800000; text-align: center;\">ZAPRASZA DZIECI I RODZIC\u00d3W NA FESTYN RODZINNY<\/h2>\n<p>[\/vc_column_text][vc_column_text el_class=&#8221;cent&#8221;]<strong style=\"color: #660066; font-size: 26px;\">\u201e JAK \u00a0KOPERNIK \u00a0RUSZY\u0141 \u00a0ZIEMI\u0118\u201d<\/strong><\/p>\n<p style=\"color: #006600; font-size: 21px; font-weight: bold;\">kt\u00f3ry odb\u0119dzie si\u0119<br \/>\n<u>27 maja 2023r.<\/u><br \/>\n<u>w godzinach 10.00- 13.00<\/u><br \/>\nboisko przy parafii pw. Chrystusa Odkupiciela Cz\u0142owieka<br \/>\nKard. St. Wyszy\u0144skiego 11<\/p>\n<p>[\/vc_column_text][vc_column_text]<strong>W programie:<\/strong><\/p>\n<ol>\n<li><strong>Wyst\u0119py muzyczne w wykonaniu dzieci przedszkolnych<\/strong><\/li>\n<li><strong>Pokazy taneczne dzieci z przedszkola: taniec wsp\u00f3\u0142czesny, taniec ludowy<\/strong><\/li>\n<li><strong>Zabawy sportowo integracyjne dla dzieci i rodzic\u00f3w<\/strong><\/li>\n<li><strong>Atrakcje:<\/strong><\/li>\n<\/ol>\n<ul style=\"list-style: inside;\">\n<li><strong>dmuchana zje\u017cd\u017calnia &#8211; robot<\/strong><\/li>\n<li><strong>stoisko kreatywno-plastyczne<\/strong><\/li>\n<li><strong><em style=\"color: #336600;\">stoiska z UWM Centrum Popularyzacji Nauki i Innowacji KORTOSFERA <\/em><\/strong>\n<ul>\n<li>&#8211; zaj\u0119cia pokazowe z chemii,<\/li>\n<li>&#8211; zaj\u0119cia \u2013 pracownia mikroskopowa,<\/li>\n<li>&#8211; pokaz z fizyki \u2013 teleskop s\u0142oneczny,<\/li>\n<\/ul>\n<\/li>\n<li><strong><em style=\"color: #336600;\">stoiska z Centrum Edukacyjnego \u201ePlaneta Anuka\u201d<\/em><\/strong>\n<ul>\n<li>&#8211; pokaz \u2013 \u00a0mobilne planetarium,<\/li>\n<li>&#8211; wirtualny spacer po stacji kosmicznej \u2013 \u00a0stanowisko gogle VR,<\/li>\n<li>&#8211; stanowisko \u2013 warsztaty astronomiczne<\/li>\n<\/ul>\n<\/li>\n<li><strong>stoisko &#8211; malowanie twarzy<\/strong><\/li>\n<li><strong>ba\u0144ki mydlane<\/strong><\/li>\n<li><strong>strefa maluszka<\/strong><\/li>\n<li><strong>wystawa prac plastycznych wykonanych przez dzieci z Niepublicznego Przedszkola im. \u015awi\u0119tej Rodziny w Olsztynie<\/strong><\/li>\n<li><strong>stoisko z ciastami, kaw\u0105, herbat\u0105\u2026<\/strong><\/li>\n<li><strong>grill<\/strong><\/li>\n<\/ul>\n<p><strong style=\"text-align: center; width: 100%; font-size: 16px; margin-top: 25px; display: block;\">ZAPRASZAMY DO UDZIA\u0141U<\/strong>[\/vc_column_text][vc_row_inner][vc_column_inner width=&#8221;2\/6&#8243;][vc_single_image image=&#8221;17979&#8243; img_size=&#8221;full&#8221; alignment=&#8221;center&#8221;][\/vc_column_inner][vc_column_inner width=&#8221;1\/6&#8243;][vc_single_image image=&#8221;17983&#8243; img_size=&#8221;full&#8221; alignment=&#8221;center&#8221;][\/vc_column_inner][vc_column_inner width=&#8221;1\/6&#8243;][vc_single_image image=&#8221;17980&#8243; img_size=&#8221;full&#8221; alignment=&#8221;center&#8221;][\/vc_column_inner][vc_column_inner width=&#8221;2\/6&#8243;][vc_single_image image=&#8221;17986&#8243; img_size=&#8221;full&#8221;][\/vc_column_inner][\/vc_row_inner][\/vc_column][\/vc_row]<\/p>\n","protected":false},"excerpt":{"rendered":"<p>[vc_row][vc_column][vc_column_text] NIEPUBLICZNE PRZEDSZKOLE IM. \u015aWI\u0118TEJ RODZINY W OLSZTYNIE ZAPRASZA DZIECI I RODZIC\u00d3W NA FESTYN RODZINNY [\/vc_column_text][vc_column_text el_class=&#8221;cent&#8221;]\u201e JAK \u00a0KOPERNIK \u00a0RUSZY\u0141 \u00a0ZIEMI\u0118\u201d kt\u00f3ry odb\u0119dzie si\u0119 27 maja 2023r. w godzinach 10.00- 13.00 boisko przy parafii pw. Chrystusa Odkupiciela Cz\u0142owieka Kard. St. Wyszy\u0144skiego 11 [\/vc_column_text][vc_column_text]W programie: Wyst\u0119py muzyczne w wykonaniu dzieci przedszkolnych Pokazy taneczne dzieci z przedszkola:<\/p>\n","protected":false},"author":1,"featured_media":17943,"comment_status":"closed","ping_status":"open","sticky":false,"template":"","format":"standard","meta":[],"categories":[4],"tags":[],"yoast_head":"<!-- This site is optimized with the Yoast SEO plugin v18.2 - https:\/\/yoast.com\/wordpress\/plugins\/seo\/ -->\n<title>FESTYN RODZINNY- ZAPROSZENIE - Katolicki Zesp\u00f3\u0142 Edukacyjny - Niepubliczne przedszkole<\/title>\n<meta name=\"description\" content=\"NIEPUBLICZNE PRZEDSZKOLE IM. \u015aWI\u0118TEJ RODZINY W OLSZTYNIE ZAPRASZA DZIECI I RODZIC\u00d3W NA FESTYN RODZINNY \u201e JAK \u00a0KOPERNIK \u00a0RUSZY\u0141 \u00a0ZIEMI\u0118\u201d kt\u00f3ry odb\u0119dzie si\u0119\" \/>\n<meta name=\"robots\" content=\"index, follow, max-snippet:-1, max-image-preview:large, max-video-preview:-1\" \/>\n<link rel=\"canonical\" href=\"https:\/\/www.zsk.olsztyn.pl\/przedszkole\/festyn-rodzinny-zaproszenie\/\" \/>\n<meta name=\"twitter:label1\" content=\"Napisane przez\" \/>\n\t<meta name=\"twitter:data1\" content=\"admin\" \/>\n\t<meta name=\"twitter:label2\" content=\"Szacowany czas czytania\" \/>\n\t<meta name=\"twitter:data2\" content=\"1 minuta\" \/>\n<script type=\"application\/ld+json\" class=\"yoast-schema-graph\">{\"@context\":\"https:\/\/schema.org\",\"@graph\":[{\"@type\":\"WebSite\",\"@id\":\"https:\/\/www.zsk.olsztyn.pl\/przedszkole\/#website\",\"url\":\"https:\/\/www.zsk.olsztyn.pl\/przedszkole\/\",\"name\":\"Katolicki Zesp\u00f3\u0142 Edukacyjny - Niepubliczne przedszkole\",\"description\":\"Zapraszamy na stron\u0119 katolickiego niepublicznego przedszkola\",\"potentialAction\":[{\"@type\":\"SearchAction\",\"target\":{\"@type\":\"EntryPoint\",\"urlTemplate\":\"https:\/\/www.zsk.olsztyn.pl\/przedszkole\/?s={search_term_string}\"},\"query-input\":\"required name=search_term_string\"}],\"inLanguage\":\"pl-PL\"},{\"@type\":\"ImageObject\",\"@id\":\"https:\/\/www.zsk.olsztyn.pl\/przedszkole\/festyn-rodzinny-zaproszenie\/#primaryimage\",\"inLanguage\":\"pl-PL\",\"url\":\"https:\/\/www.zsk.olsztyn.pl\/przedszkole\/wp-content\/uploads\/2023\/05\/csm_festyn_4f3b30caef.jpg\",\"contentUrl\":\"https:\/\/www.zsk.olsztyn.pl\/przedszkole\/wp-content\/uploads\/2023\/05\/csm_festyn_4f3b30caef.jpg\",\"width\":1196,\"height\":896},{\"@type\":\"WebPage\",\"@id\":\"https:\/\/www.zsk.olsztyn.pl\/przedszkole\/festyn-rodzinny-zaproszenie\/#webpage\",\"url\":\"https:\/\/www.zsk.olsztyn.pl\/przedszkole\/festyn-rodzinny-zaproszenie\/\",\"name\":\"FESTYN RODZINNY- ZAPROSZENIE - Katolicki Zesp\u00f3\u0142 Edukacyjny - Niepubliczne przedszkole\",\"isPartOf\":{\"@id\":\"https:\/\/www.zsk.olsztyn.pl\/przedszkole\/#website\"},\"primaryImageOfPage\":{\"@id\":\"https:\/\/www.zsk.olsztyn.pl\/przedszkole\/festyn-rodzinny-zaproszenie\/#primaryimage\"},\"datePublished\":\"2023-05-16T05:58:02+00:00\",\"dateModified\":\"2023-05-17T18:40:34+00:00\",\"author\":{\"@id\":\"https:\/\/www.zsk.olsztyn.pl\/przedszkole\/#\/schema\/person\/d918f2da4f27cb7ded309fa67f4d415a\"},\"description\":\"NIEPUBLICZNE PRZEDSZKOLE IM. \u015aWI\u0118TEJ RODZINY W OLSZTYNIE ZAPRASZA DZIECI I RODZIC\u00d3W NA FESTYN RODZINNY \u201e JAK \u00a0KOPERNIK \u00a0RUSZY\u0141 \u00a0ZIEMI\u0118\u201d kt\u00f3ry odb\u0119dzie si\u0119\",\"breadcrumb\":{\"@id\":\"https:\/\/www.zsk.olsztyn.pl\/przedszkole\/festyn-rodzinny-zaproszenie\/#breadcrumb\"},\"inLanguage\":\"pl-PL\",\"potentialAction\":[{\"@type\":\"ReadAction\",\"target\":[\"https:\/\/www.zsk.olsztyn.pl\/przedszkole\/festyn-rodzinny-zaproszenie\/\"]}]},{\"@type\":\"BreadcrumbList\",\"@id\":\"https:\/\/www.zsk.olsztyn.pl\/przedszkole\/festyn-rodzinny-zaproszenie\/#breadcrumb\",\"itemListElement\":[{\"@type\":\"ListItem\",\"position\":1,\"name\":\"Strona g\u0142\u00f3wna\",\"item\":\"https:\/\/www.zsk.olsztyn.pl\/przedszkole\/\"},{\"@type\":\"ListItem\",\"position\":2,\"name\":\"FESTYN RODZINNY- ZAPROSZENIE\"}]},{\"@type\":\"Person\",\"@id\":\"https:\/\/www.zsk.olsztyn.pl\/przedszkole\/#\/schema\/person\/d918f2da4f27cb7ded309fa67f4d415a\",\"name\":\"admin\",\"image\":{\"@type\":\"ImageObject\",\"@id\":\"https:\/\/www.zsk.olsztyn.pl\/przedszkole\/#personlogo\",\"inLanguage\":\"pl-PL\",\"url\":\"https:\/\/secure.gravatar.com\/avatar\/4677eccc26cd593f3306dd9613f7e9c7?s=96&d=mm&r=g\",\"contentUrl\":\"https:\/\/secure.gravatar.com\/avatar\/4677eccc26cd593f3306dd9613f7e9c7?s=96&d=mm&r=g\",\"caption\":\"admin\"},\"url\":\"https:\/\/www.zsk.olsztyn.pl\/przedszkole\/author\/admin\/\"}]}<\/script>\n<!-- \/ Yoast SEO plugin. -->","yoast_head_json":{"title":"FESTYN RODZINNY- ZAPROSZENIE - Katolicki Zesp\u00f3\u0142 Edukacyjny - Niepubliczne przedszkole","description":"NIEPUBLICZNE PRZEDSZKOLE IM. \u015aWI\u0118TEJ RODZINY W OLSZTYNIE ZAPRASZA DZIECI I RODZIC\u00d3W NA FESTYN RODZINNY \u201e JAK \u00a0KOPERNIK \u00a0RUSZY\u0141 \u00a0ZIEMI\u0118\u201d kt\u00f3ry odb\u0119dzie si\u0119","robots":{"index":"index","follow":"follow","max-snippet":"max-snippet:-1","max-image-preview":"max-image-preview:large","max-video-preview":"max-video-preview:-1"},"canonical":"https:\/\/www.zsk.olsztyn.pl\/przedszkole\/festyn-rodzinny-zaproszenie\/","twitter_misc":{"Napisane przez":"admin","Szacowany czas czytania":"1 minuta"},"schema":{"@context":"https:\/\/schema.org","@graph":[{"@type":"WebSite","@id":"https:\/\/www.zsk.olsztyn.pl\/przedszkole\/#website","url":"https:\/\/www.zsk.olsztyn.pl\/przedszkole\/","name":"Katolicki Zesp\u00f3\u0142 Edukacyjny - Niepubliczne przedszkole","description":"Zapraszamy na stron\u0119 katolickiego niepublicznego przedszkola","potentialAction":[{"@type":"SearchAction","target":{"@type":"EntryPoint","urlTemplate":"https:\/\/www.zsk.olsztyn.pl\/przedszkole\/?s={search_term_string}"},"query-input":"required name=search_term_string"}],"inLanguage":"pl-PL"},{"@type":"ImageObject","@id":"https:\/\/www.zsk.olsztyn.pl\/przedszkole\/festyn-rodzinny-zaproszenie\/#primaryimage","inLanguage":"pl-PL","url":"https:\/\/www.zsk.olsztyn.pl\/przedszkole\/wp-content\/uploads\/2023\/05\/csm_festyn_4f3b30caef.jpg","contentUrl":"https:\/\/www.zsk.olsztyn.pl\/przedszkole\/wp-content\/uploads\/2023\/05\/csm_festyn_4f3b30caef.jpg","width":1196,"height":896},{"@type":"WebPage","@id":"https:\/\/www.zsk.olsztyn.pl\/przedszkole\/festyn-rodzinny-zaproszenie\/#webpage","url":"https:\/\/www.zsk.olsztyn.pl\/przedszkole\/festyn-rodzinny-zaproszenie\/","name":"FESTYN RODZINNY- ZAPROSZENIE - Katolicki Zesp\u00f3\u0142 Edukacyjny - Niepubliczne przedszkole","isPartOf":{"@id":"https:\/\/www.zsk.olsztyn.pl\/przedszkole\/#website"},"primaryImageOfPage":{"@id":"https:\/\/www.zsk.olsztyn.pl\/przedszkole\/festyn-rodzinny-zaproszenie\/#primaryimage"},"datePublished":"2023-05-16T05:58:02+00:00","dateModified":"2023-05-17T18:40:34+00:00","author":{"@id":"https:\/\/www.zsk.olsztyn.pl\/przedszkole\/#\/schema\/person\/d918f2da4f27cb7ded309fa67f4d415a"},"description":"NIEPUBLICZNE PRZEDSZKOLE IM. \u015aWI\u0118TEJ RODZINY W OLSZTYNIE ZAPRASZA DZIECI I RODZIC\u00d3W NA FESTYN RODZINNY \u201e JAK \u00a0KOPERNIK \u00a0RUSZY\u0141 \u00a0ZIEMI\u0118\u201d kt\u00f3ry odb\u0119dzie si\u0119","breadcrumb":{"@id":"https:\/\/www.zsk.olsztyn.pl\/przedszkole\/festyn-rodzinny-zaproszenie\/#breadcrumb"},"inLanguage":"pl-PL","potentialAction":[{"@type":"ReadAction","target":["https:\/\/www.zsk.olsztyn.pl\/przedszkole\/festyn-rodzinny-zaproszenie\/"]}]},{"@type":"BreadcrumbList","@id":"https:\/\/www.zsk.olsztyn.pl\/przedszkole\/festyn-rodzinny-zaproszenie\/#breadcrumb","itemListElement":[{"@type":"ListItem","position":1,"name":"Strona g\u0142\u00f3wna","item":"https:\/\/www.zsk.olsztyn.pl\/przedszkole\/"},{"@type":"ListItem","position":2,"name":"FESTYN RODZINNY- ZAPROSZENIE"}]},{"@type":"Person","@id":"https:\/\/www.zsk.olsztyn.pl\/przedszkole\/#\/schema\/person\/d918f2da4f27cb7ded309fa67f4d415a","name":"admin","image":{"@type":"ImageObject","@id":"https:\/\/www.zsk.olsztyn.pl\/przedszkole\/#personlogo","inLanguage":"pl-PL","url":"https:\/\/secure.gravatar.com\/avatar\/4677eccc26cd593f3306dd9613f7e9c7?s=96&d=mm&r=g","contentUrl":"https:\/\/secure.gravatar.com\/avatar\/4677eccc26cd593f3306dd9613f7e9c7?s=96&d=mm&r=g","caption":"admin"},"url":"https:\/\/www.zsk.olsztyn.pl\/przedszkole\/author\/admin\/"}]}},"_links":{"self":[{"href":"https:\/\/www.zsk.olsztyn.pl\/przedszkole\/wp-json\/wp\/v2\/posts\/17938"}],"collection":[{"href":"https:\/\/www.zsk.olsztyn.pl\/przedszkole\/wp-json\/wp\/v2\/posts"}],"about":[{"href":"https:\/\/www.zsk.olsztyn.pl\/przedszkole\/wp-json\/wp\/v2\/types\/post"}],"author":[{"embeddable":true,"href":"https:\/\/www.zsk.olsztyn.pl\/przedszkole\/wp-json\/wp\/v2\/users\/1"}],"replies":[{"embeddable":true,"href":"https:\/\/www.zsk.olsztyn.pl\/przedszkole\/wp-json\/wp\/v2\/comments?post=17938"}],"version-history":[{"count":11,"href":"https:\/\/www.zsk.olsztyn.pl\/przedszkole\/wp-json\/wp\/v2\/posts\/17938\/revisions"}],"predecessor-version":[{"id":17987,"href":"https:\/\/www.zsk.olsztyn.pl\/przedszkole\/wp-json\/wp\/v2\/posts\/17938\/revisions\/17987"}],"wp:featuredmedia":[{"embeddable":true,"href":"https:\/\/www.zsk.olsztyn.pl\/przedszkole\/wp-json\/wp\/v2\/media\/17943"}],"wp:attachment":[{"href":"https:\/\/www.zsk.olsztyn.pl\/przedszkole\/wp-json\/wp\/v2\/media?parent=17938"}],"wp:term":[{"taxonomy":"category","embeddable":true,"href":"https:\/\/www.zsk.olsztyn.pl\/przedszkole\/wp-json\/wp\/v2\/categories?post=17938"},{"taxonomy":"post_tag","embeddable":true,"href":"https:\/\/www.zsk.olsztyn.pl\/przedszkole\/wp-json\/wp\/v2\/tags?post=17938"}],"curies":[{"name":"wp","href":"https:\/\/api.w.org\/{rel}","templated":true}]}}