{"id":17887,"date":"2023-04-26T08:17:34","date_gmt":"2023-04-26T06:17:34","guid":{"rendered":"https:\/\/www.zsk.olsztyn.pl\/przedszkole\/?p=17887"},"modified":"2023-04-26T08:17:34","modified_gmt":"2023-04-26T06:17:34","slug":"tydzien-ekologiczny-5-latki-3","status":"publish","type":"post","link":"https:\/\/www.zsk.olsztyn.pl\/przedszkole\/tydzien-ekologiczny-5-latki-3\/","title":{"rendered":"TYDZIE\u0143 EKOLOGICZNY- 5 LATKI"},"content":{"rendered":"<p>[vc_row][vc_column][vc_column_text]W naszym przedszkolu odby\u0142 si\u0119 tydzie\u0144 ekologiczny, podczas kt\u00f3rego przybli\u017cyli\u015bmy dzieciom \u015bwiat przyrody, kszta\u0142towali\u015bmy opieku\u0144czy stosunek do ro\u015blin i zwierz\u0105t oraz pomagali\u015bmy zrozumie\u0107 rol\u0119 cz\u0142owieka w przyrodzie. Tydzie\u0144 rozpocz\u0119li\u015bmy od pogadanki na temat zanieczyszczenia \u015brodowiska (wody, powietrza, las\u00f3w) oraz poznali\u015bmy zasady dbania o najbli\u017csze otoczenie. Dzieci pozna\u0142y tajniki segregacji \u015bmieci i dowiedzia\u0142y si\u0119 co to jest recykling. Uczestnicz\u0105c w akcji sadzenia lasu, przedszkolaki mia\u0142y okazj\u0119 porozmawia\u0107 z le\u015bnikami na temat mieszka\u0144c\u00f3w lasu, a dzi\u0119ki prezentowanym rekwizytom utrwali\u0107 wygl\u0105d i nazwy wybranych zwierz\u0105t. Ka\u017cdy przedszkolak wie, jak wa\u017cny jest las i jak istotnym budulcem jest drewno, dlatego, jako przyjaciele przyrody, wsp\u00f3lnymi si\u0142ami posadzili\u015bmy nasz kawa\u0142ek d\u0119bowego lasu. [\/vc_column_text][na_galerie_listing ids=&#8221;17888,17889,17890,17891,17892,17893,17894,17895,17896,17897,17898,17899,17900,17901,17902,17903,17904,17905,17906,17907,17908,17909,17910,17911,17912,17913,17914,17915,17916&#8243;][\/vc_column][\/vc_row]<\/p>\n","protected":false},"excerpt":{"rendered":"<p>[vc_row][vc_column][vc_column_text]W naszym przedszkolu odby\u0142 si\u0119 tydzie\u0144 ekologiczny, podczas kt\u00f3rego przybli\u017cyli\u015bmy dzieciom \u015bwiat przyrody, kszta\u0142towali\u015bmy opieku\u0144czy stosunek do ro\u015blin i zwierz\u0105t oraz pomagali\u015bmy zrozumie\u0107 rol\u0119 cz\u0142owieka w przyrodzie. Tydzie\u0144 rozpocz\u0119li\u015bmy od pogadanki na temat zanieczyszczenia \u015brodowiska (wody, powietrza, las\u00f3w) oraz poznali\u015bmy zasady dbania o najbli\u017csze otoczenie. Dzieci pozna\u0142y tajniki segregacji \u015bmieci i dowiedzia\u0142y si\u0119 co to<\/p>\n","protected":false},"author":1,"featured_media":17917,"comment_status":"closed","ping_status":"open","sticky":false,"template":"","format":"standard","meta":[],"categories":[223],"tags":[],"yoast_head":"<!-- This site is optimized with the Yoast SEO plugin v18.2 - https:\/\/yoast.com\/wordpress\/plugins\/seo\/ -->\n<title>TYDZIE\u0143 EKOLOGICZNY- 5 LATKI - Katolicki Zesp\u00f3\u0142 Edukacyjny - Niepubliczne przedszkole<\/title>\n<meta name=\"description\" content=\"W naszym przedszkolu odby\u0142 si\u0119 tydzie\u0144 ekologiczny, podczas kt\u00f3rego przybli\u017cyli\u015bmy dzieciom \u015bwiat przyrody, kszta\u0142towali\u015bmy opieku\u0144czy stosunek do ro\u015blin\" \/>\n<meta name=\"robots\" content=\"index, follow, max-snippet:-1, max-image-preview:large, max-video-preview:-1\" \/>\n<link rel=\"canonical\" href=\"https:\/\/www.zsk.olsztyn.pl\/przedszkole\/tydzien-ekologiczny-5-latki-3\/\" \/>\n<meta name=\"twitter:label1\" content=\"Napisane przez\" \/>\n\t<meta name=\"twitter:data1\" content=\"admin\" \/>\n\t<meta name=\"twitter:label2\" content=\"Szacowany czas czytania\" \/>\n\t<meta name=\"twitter:data2\" content=\"1 minuta\" \/>\n<script type=\"application\/ld+json\" class=\"yoast-schema-graph\">{\"@context\":\"https:\/\/schema.org\",\"@graph\":[{\"@type\":\"WebSite\",\"@id\":\"https:\/\/www.zsk.olsztyn.pl\/przedszkole\/#website\",\"url\":\"https:\/\/www.zsk.olsztyn.pl\/przedszkole\/\",\"name\":\"Katolicki Zesp\u00f3\u0142 Edukacyjny - Niepubliczne przedszkole\",\"description\":\"Zapraszamy na stron\u0119 katolickiego niepublicznego przedszkola\",\"potentialAction\":[{\"@type\":\"SearchAction\",\"target\":{\"@type\":\"EntryPoint\",\"urlTemplate\":\"https:\/\/www.zsk.olsztyn.pl\/przedszkole\/?s={search_term_string}\"},\"query-input\":\"required name=search_term_string\"}],\"inLanguage\":\"pl-PL\"},{\"@type\":\"ImageObject\",\"@id\":\"https:\/\/www.zsk.olsztyn.pl\/przedszkole\/tydzien-ekologiczny-5-latki-3\/#primaryimage\",\"inLanguage\":\"pl-PL\",\"url\":\"https:\/\/www.zsk.olsztyn.pl\/przedszkole\/wp-content\/uploads\/2023\/04\/40951-1024x936-1.jpg\",\"contentUrl\":\"https:\/\/www.zsk.olsztyn.pl\/przedszkole\/wp-content\/uploads\/2023\/04\/40951-1024x936-1.jpg\",\"width\":1024,\"height\":936},{\"@type\":\"WebPage\",\"@id\":\"https:\/\/www.zsk.olsztyn.pl\/przedszkole\/tydzien-ekologiczny-5-latki-3\/#webpage\",\"url\":\"https:\/\/www.zsk.olsztyn.pl\/przedszkole\/tydzien-ekologiczny-5-latki-3\/\",\"name\":\"TYDZIE\u0143 EKOLOGICZNY- 5 LATKI - Katolicki Zesp\u00f3\u0142 Edukacyjny - Niepubliczne przedszkole\",\"isPartOf\":{\"@id\":\"https:\/\/www.zsk.olsztyn.pl\/przedszkole\/#website\"},\"primaryImageOfPage\":{\"@id\":\"https:\/\/www.zsk.olsztyn.pl\/przedszkole\/tydzien-ekologiczny-5-latki-3\/#primaryimage\"},\"datePublished\":\"2023-04-26T06:17:34+00:00\",\"dateModified\":\"2023-04-26T06:17:34+00:00\",\"author\":{\"@id\":\"https:\/\/www.zsk.olsztyn.pl\/przedszkole\/#\/schema\/person\/d918f2da4f27cb7ded309fa67f4d415a\"},\"description\":\"W naszym przedszkolu odby\u0142 si\u0119 tydzie\u0144 ekologiczny, podczas kt\u00f3rego przybli\u017cyli\u015bmy dzieciom \u015bwiat przyrody, kszta\u0142towali\u015bmy opieku\u0144czy stosunek do ro\u015blin\",\"breadcrumb\":{\"@id\":\"https:\/\/www.zsk.olsztyn.pl\/przedszkole\/tydzien-ekologiczny-5-latki-3\/#breadcrumb\"},\"inLanguage\":\"pl-PL\",\"potentialAction\":[{\"@type\":\"ReadAction\",\"target\":[\"https:\/\/www.zsk.olsztyn.pl\/przedszkole\/tydzien-ekologiczny-5-latki-3\/\"]}]},{\"@type\":\"BreadcrumbList\",\"@id\":\"https:\/\/www.zsk.olsztyn.pl\/przedszkole\/tydzien-ekologiczny-5-latki-3\/#breadcrumb\",\"itemListElement\":[{\"@type\":\"ListItem\",\"position\":1,\"name\":\"Strona g\u0142\u00f3wna\",\"item\":\"https:\/\/www.zsk.olsztyn.pl\/przedszkole\/\"},{\"@type\":\"ListItem\",\"position\":2,\"name\":\"TYDZIE\u0143 EKOLOGICZNY- 5 LATKI\"}]},{\"@type\":\"Person\",\"@id\":\"https:\/\/www.zsk.olsztyn.pl\/przedszkole\/#\/schema\/person\/d918f2da4f27cb7ded309fa67f4d415a\",\"name\":\"admin\",\"image\":{\"@type\":\"ImageObject\",\"@id\":\"https:\/\/www.zsk.olsztyn.pl\/przedszkole\/#personlogo\",\"inLanguage\":\"pl-PL\",\"url\":\"https:\/\/secure.gravatar.com\/avatar\/4677eccc26cd593f3306dd9613f7e9c7?s=96&d=mm&r=g\",\"contentUrl\":\"https:\/\/secure.gravatar.com\/avatar\/4677eccc26cd593f3306dd9613f7e9c7?s=96&d=mm&r=g\",\"caption\":\"admin\"},\"url\":\"https:\/\/www.zsk.olsztyn.pl\/przedszkole\/author\/admin\/\"}]}<\/script>\n<!-- \/ Yoast SEO plugin. -->","yoast_head_json":{"title":"TYDZIE\u0143 EKOLOGICZNY- 5 LATKI - Katolicki Zesp\u00f3\u0142 Edukacyjny - Niepubliczne przedszkole","description":"W naszym przedszkolu odby\u0142 si\u0119 tydzie\u0144 ekologiczny, podczas kt\u00f3rego przybli\u017cyli\u015bmy dzieciom \u015bwiat przyrody, kszta\u0142towali\u015bmy opieku\u0144czy stosunek do ro\u015blin","robots":{"index":"index","follow":"follow","max-snippet":"max-snippet:-1","max-image-preview":"max-image-preview:large","max-video-preview":"max-video-preview:-1"},"canonical":"https:\/\/www.zsk.olsztyn.pl\/przedszkole\/tydzien-ekologiczny-5-latki-3\/","twitter_misc":{"Napisane przez":"admin","Szacowany czas czytania":"1 minuta"},"schema":{"@context":"https:\/\/schema.org","@graph":[{"@type":"WebSite","@id":"https:\/\/www.zsk.olsztyn.pl\/przedszkole\/#website","url":"https:\/\/www.zsk.olsztyn.pl\/przedszkole\/","name":"Katolicki Zesp\u00f3\u0142 Edukacyjny - Niepubliczne przedszkole","description":"Zapraszamy na stron\u0119 katolickiego niepublicznego przedszkola","potentialAction":[{"@type":"SearchAction","target":{"@type":"EntryPoint","urlTemplate":"https:\/\/www.zsk.olsztyn.pl\/przedszkole\/?s={search_term_string}"},"query-input":"required name=search_term_string"}],"inLanguage":"pl-PL"},{"@type":"ImageObject","@id":"https:\/\/www.zsk.olsztyn.pl\/przedszkole\/tydzien-ekologiczny-5-latki-3\/#primaryimage","inLanguage":"pl-PL","url":"https:\/\/www.zsk.olsztyn.pl\/przedszkole\/wp-content\/uploads\/2023\/04\/40951-1024x936-1.jpg","contentUrl":"https:\/\/www.zsk.olsztyn.pl\/przedszkole\/wp-content\/uploads\/2023\/04\/40951-1024x936-1.jpg","width":1024,"height":936},{"@type":"WebPage","@id":"https:\/\/www.zsk.olsztyn.pl\/przedszkole\/tydzien-ekologiczny-5-latki-3\/#webpage","url":"https:\/\/www.zsk.olsztyn.pl\/przedszkole\/tydzien-ekologiczny-5-latki-3\/","name":"TYDZIE\u0143 EKOLOGICZNY- 5 LATKI - Katolicki Zesp\u00f3\u0142 Edukacyjny - Niepubliczne przedszkole","isPartOf":{"@id":"https:\/\/www.zsk.olsztyn.pl\/przedszkole\/#website"},"primaryImageOfPage":{"@id":"https:\/\/www.zsk.olsztyn.pl\/przedszkole\/tydzien-ekologiczny-5-latki-3\/#primaryimage"},"datePublished":"2023-04-26T06:17:34+00:00","dateModified":"2023-04-26T06:17:34+00:00","author":{"@id":"https:\/\/www.zsk.olsztyn.pl\/przedszkole\/#\/schema\/person\/d918f2da4f27cb7ded309fa67f4d415a"},"description":"W naszym przedszkolu odby\u0142 si\u0119 tydzie\u0144 ekologiczny, podczas kt\u00f3rego przybli\u017cyli\u015bmy dzieciom \u015bwiat przyrody, kszta\u0142towali\u015bmy opieku\u0144czy stosunek do ro\u015blin","breadcrumb":{"@id":"https:\/\/www.zsk.olsztyn.pl\/przedszkole\/tydzien-ekologiczny-5-latki-3\/#breadcrumb"},"inLanguage":"pl-PL","potentialAction":[{"@type":"ReadAction","target":["https:\/\/www.zsk.olsztyn.pl\/przedszkole\/tydzien-ekologiczny-5-latki-3\/"]}]},{"@type":"BreadcrumbList","@id":"https:\/\/www.zsk.olsztyn.pl\/przedszkole\/tydzien-ekologiczny-5-latki-3\/#breadcrumb","itemListElement":[{"@type":"ListItem","position":1,"name":"Strona g\u0142\u00f3wna","item":"https:\/\/www.zsk.olsztyn.pl\/przedszkole\/"},{"@type":"ListItem","position":2,"name":"TYDZIE\u0143 EKOLOGICZNY- 5 LATKI"}]},{"@type":"Person","@id":"https:\/\/www.zsk.olsztyn.pl\/przedszkole\/#\/schema\/person\/d918f2da4f27cb7ded309fa67f4d415a","name":"admin","image":{"@type":"ImageObject","@id":"https:\/\/www.zsk.olsztyn.pl\/przedszkole\/#personlogo","inLanguage":"pl-PL","url":"https:\/\/secure.gravatar.com\/avatar\/4677eccc26cd593f3306dd9613f7e9c7?s=96&d=mm&r=g","contentUrl":"https:\/\/secure.gravatar.com\/avatar\/4677eccc26cd593f3306dd9613f7e9c7?s=96&d=mm&r=g","caption":"admin"},"url":"https:\/\/www.zsk.olsztyn.pl\/przedszkole\/author\/admin\/"}]}},"_links":{"self":[{"href":"https:\/\/www.zsk.olsztyn.pl\/przedszkole\/wp-json\/wp\/v2\/posts\/17887"}],"collection":[{"href":"https:\/\/www.zsk.olsztyn.pl\/przedszkole\/wp-json\/wp\/v2\/posts"}],"about":[{"href":"https:\/\/www.zsk.olsztyn.pl\/przedszkole\/wp-json\/wp\/v2\/types\/post"}],"author":[{"embeddable":true,"href":"https:\/\/www.zsk.olsztyn.pl\/przedszkole\/wp-json\/wp\/v2\/users\/1"}],"replies":[{"embeddable":true,"href":"https:\/\/www.zsk.olsztyn.pl\/przedszkole\/wp-json\/wp\/v2\/comments?post=17887"}],"version-history":[{"count":1,"href":"https:\/\/www.zsk.olsztyn.pl\/przedszkole\/wp-json\/wp\/v2\/posts\/17887\/revisions"}],"predecessor-version":[{"id":17918,"href":"https:\/\/www.zsk.olsztyn.pl\/przedszkole\/wp-json\/wp\/v2\/posts\/17887\/revisions\/17918"}],"wp:featuredmedia":[{"embeddable":true,"href":"https:\/\/www.zsk.olsztyn.pl\/przedszkole\/wp-json\/wp\/v2\/media\/17917"}],"wp:attachment":[{"href":"https:\/\/www.zsk.olsztyn.pl\/przedszkole\/wp-json\/wp\/v2\/media?parent=17887"}],"wp:term":[{"taxonomy":"category","embeddable":true,"href":"https:\/\/www.zsk.olsztyn.pl\/przedszkole\/wp-json\/wp\/v2\/categories?post=17887"},{"taxonomy":"post_tag","embeddable":true,"href":"https:\/\/www.zsk.olsztyn.pl\/przedszkole\/wp-json\/wp\/v2\/tags?post=17887"}],"curies":[{"name":"wp","href":"https:\/\/api.w.org\/{rel}","templated":true}]}}