{"id":17389,"date":"2023-03-10T10:24:08","date_gmt":"2023-03-10T08:24:08","guid":{"rendered":"https:\/\/www.zsk.olsztyn.pl\/przedszkole\/?p=17389"},"modified":"2023-03-10T10:27:10","modified_gmt":"2023-03-10T08:27:10","slug":"17389-2","status":"publish","type":"post","link":"https:\/\/www.zsk.olsztyn.pl\/przedszkole\/17389-2\/","title":{"rendered":"DZIE\u0143 KOBIET"},"content":{"rendered":"<p>[vc_row][vc_column][vc_column_text] 8 marca dzieci z grupy 3 &#8211; latk\u00f3w \u015bwi\u0119towa\u0142y Dzie\u0144 Kobiet. Ten wyj\u0105tkowy dzie\u0144 zacz\u0105\u0142 si\u0119 od wsp\u00f3lnej zabawy i ta\u0144c\u00f3w, potem ch\u0142opcy wr\u0119czyli przygotowane przez sobie upominki dla dziewczynek. Nie zabrak\u0142o r\u00f3wnie\u017c sesji zdj\u0119ciowej i radosnej atmosfery. Dla wszystkich dziewczynek sk\u0142adamy najlepsze \u017cyczenia! :)[\/vc_column_text][na_galerie_listing ids=&#8221;17390,17391,17392,17393,17394,17395&#8243;][\/vc_column][\/vc_row]<\/p>\n","protected":false},"excerpt":{"rendered":"<p>[vc_row][vc_column][vc_column_text] 8 marca dzieci z grupy 3 &#8211; latk\u00f3w \u015bwi\u0119towa\u0142y Dzie\u0144 Kobiet. Ten wyj\u0105tkowy dzie\u0144 zacz\u0105\u0142 si\u0119 od wsp\u00f3lnej zabawy i ta\u0144c\u00f3w, potem ch\u0142opcy wr\u0119czyli przygotowane przez sobie upominki dla dziewczynek. Nie zabrak\u0142o r\u00f3wnie\u017c sesji zdj\u0119ciowej i radosnej atmosfery. Dla wszystkich dziewczynek sk\u0142adamy najlepsze \u017cyczenia! :)[\/vc_column_text][na_galerie_listing ids=&#8221;17390,17391,17392,17393,17394,17395&#8243;][\/vc_column][\/vc_row]<\/p>\n","protected":false},"author":1,"featured_media":17399,"comment_status":"closed","ping_status":"open","sticky":false,"template":"","format":"standard","meta":[],"categories":[221,1],"tags":[],"yoast_head":"<!-- This site is optimized with the Yoast SEO plugin v18.2 - https:\/\/yoast.com\/wordpress\/plugins\/seo\/ -->\n<title>DZIE\u0143 KOBIET - Katolicki Zesp\u00f3\u0142 Edukacyjny - Niepubliczne przedszkole<\/title>\n<meta name=\"description\" content=\"8 marca dzieci z grupy 3 - latk\u00f3w \u015bwi\u0119towa\u0142y Dzie\u0144 Kobiet. Ten wyj\u0105tkowy dzie\u0144 zacz\u0105\u0142 si\u0119 od wsp\u00f3lnej zabawy i ta\u0144c\u00f3w, potem ch\u0142opcy wr\u0119czyli przygotowane\" \/>\n<meta name=\"robots\" content=\"index, follow, max-snippet:-1, max-image-preview:large, max-video-preview:-1\" \/>\n<link rel=\"canonical\" href=\"https:\/\/www.zsk.olsztyn.pl\/przedszkole\/17389-2\/\" \/>\n<meta name=\"twitter:label1\" content=\"Napisane przez\" \/>\n\t<meta name=\"twitter:data1\" content=\"admin\" \/>\n\t<meta name=\"twitter:label2\" content=\"Szacowany czas czytania\" \/>\n\t<meta name=\"twitter:data2\" content=\"1 minuta\" \/>\n<script type=\"application\/ld+json\" class=\"yoast-schema-graph\">{\"@context\":\"https:\/\/schema.org\",\"@graph\":[{\"@type\":\"WebSite\",\"@id\":\"https:\/\/www.zsk.olsztyn.pl\/przedszkole\/#website\",\"url\":\"https:\/\/www.zsk.olsztyn.pl\/przedszkole\/\",\"name\":\"Katolicki Zesp\u00f3\u0142 Edukacyjny - Niepubliczne przedszkole\",\"description\":\"Zapraszamy na stron\u0119 katolickiego niepublicznego przedszkola\",\"potentialAction\":[{\"@type\":\"SearchAction\",\"target\":{\"@type\":\"EntryPoint\",\"urlTemplate\":\"https:\/\/www.zsk.olsztyn.pl\/przedszkole\/?s={search_term_string}\"},\"query-input\":\"required name=search_term_string\"}],\"inLanguage\":\"pl-PL\"},{\"@type\":\"ImageObject\",\"@id\":\"https:\/\/www.zsk.olsztyn.pl\/przedszkole\/17389-2\/#primaryimage\",\"inLanguage\":\"pl-PL\",\"url\":\"https:\/\/www.zsk.olsztyn.pl\/przedszkole\/wp-content\/uploads\/2023\/03\/images.png\",\"contentUrl\":\"https:\/\/www.zsk.olsztyn.pl\/przedszkole\/wp-content\/uploads\/2023\/03\/images.png\",\"width\":235,\"height\":214},{\"@type\":\"WebPage\",\"@id\":\"https:\/\/www.zsk.olsztyn.pl\/przedszkole\/17389-2\/#webpage\",\"url\":\"https:\/\/www.zsk.olsztyn.pl\/przedszkole\/17389-2\/\",\"name\":\"DZIE\u0143 KOBIET - Katolicki Zesp\u00f3\u0142 Edukacyjny - Niepubliczne przedszkole\",\"isPartOf\":{\"@id\":\"https:\/\/www.zsk.olsztyn.pl\/przedszkole\/#website\"},\"primaryImageOfPage\":{\"@id\":\"https:\/\/www.zsk.olsztyn.pl\/przedszkole\/17389-2\/#primaryimage\"},\"datePublished\":\"2023-03-10T08:24:08+00:00\",\"dateModified\":\"2023-03-10T08:27:10+00:00\",\"author\":{\"@id\":\"https:\/\/www.zsk.olsztyn.pl\/przedszkole\/#\/schema\/person\/d918f2da4f27cb7ded309fa67f4d415a\"},\"description\":\"8 marca dzieci z grupy 3 - latk\u00f3w \u015bwi\u0119towa\u0142y Dzie\u0144 Kobiet. Ten wyj\u0105tkowy dzie\u0144 zacz\u0105\u0142 si\u0119 od wsp\u00f3lnej zabawy i ta\u0144c\u00f3w, potem ch\u0142opcy wr\u0119czyli przygotowane\",\"breadcrumb\":{\"@id\":\"https:\/\/www.zsk.olsztyn.pl\/przedszkole\/17389-2\/#breadcrumb\"},\"inLanguage\":\"pl-PL\",\"potentialAction\":[{\"@type\":\"ReadAction\",\"target\":[\"https:\/\/www.zsk.olsztyn.pl\/przedszkole\/17389-2\/\"]}]},{\"@type\":\"BreadcrumbList\",\"@id\":\"https:\/\/www.zsk.olsztyn.pl\/przedszkole\/17389-2\/#breadcrumb\",\"itemListElement\":[{\"@type\":\"ListItem\",\"position\":1,\"name\":\"Strona g\u0142\u00f3wna\",\"item\":\"https:\/\/www.zsk.olsztyn.pl\/przedszkole\/\"},{\"@type\":\"ListItem\",\"position\":2,\"name\":\"DZIE\u0143 KOBIET\"}]},{\"@type\":\"Person\",\"@id\":\"https:\/\/www.zsk.olsztyn.pl\/przedszkole\/#\/schema\/person\/d918f2da4f27cb7ded309fa67f4d415a\",\"name\":\"admin\",\"image\":{\"@type\":\"ImageObject\",\"@id\":\"https:\/\/www.zsk.olsztyn.pl\/przedszkole\/#personlogo\",\"inLanguage\":\"pl-PL\",\"url\":\"https:\/\/secure.gravatar.com\/avatar\/4677eccc26cd593f3306dd9613f7e9c7?s=96&d=mm&r=g\",\"contentUrl\":\"https:\/\/secure.gravatar.com\/avatar\/4677eccc26cd593f3306dd9613f7e9c7?s=96&d=mm&r=g\",\"caption\":\"admin\"},\"url\":\"https:\/\/www.zsk.olsztyn.pl\/przedszkole\/author\/admin\/\"}]}<\/script>\n<!-- \/ Yoast SEO plugin. -->","yoast_head_json":{"title":"DZIE\u0143 KOBIET - Katolicki Zesp\u00f3\u0142 Edukacyjny - Niepubliczne przedszkole","description":"8 marca dzieci z grupy 3 - latk\u00f3w \u015bwi\u0119towa\u0142y Dzie\u0144 Kobiet. Ten wyj\u0105tkowy dzie\u0144 zacz\u0105\u0142 si\u0119 od wsp\u00f3lnej zabawy i ta\u0144c\u00f3w, potem ch\u0142opcy wr\u0119czyli przygotowane","robots":{"index":"index","follow":"follow","max-snippet":"max-snippet:-1","max-image-preview":"max-image-preview:large","max-video-preview":"max-video-preview:-1"},"canonical":"https:\/\/www.zsk.olsztyn.pl\/przedszkole\/17389-2\/","twitter_misc":{"Napisane przez":"admin","Szacowany czas czytania":"1 minuta"},"schema":{"@context":"https:\/\/schema.org","@graph":[{"@type":"WebSite","@id":"https:\/\/www.zsk.olsztyn.pl\/przedszkole\/#website","url":"https:\/\/www.zsk.olsztyn.pl\/przedszkole\/","name":"Katolicki Zesp\u00f3\u0142 Edukacyjny - Niepubliczne przedszkole","description":"Zapraszamy na stron\u0119 katolickiego niepublicznego przedszkola","potentialAction":[{"@type":"SearchAction","target":{"@type":"EntryPoint","urlTemplate":"https:\/\/www.zsk.olsztyn.pl\/przedszkole\/?s={search_term_string}"},"query-input":"required name=search_term_string"}],"inLanguage":"pl-PL"},{"@type":"ImageObject","@id":"https:\/\/www.zsk.olsztyn.pl\/przedszkole\/17389-2\/#primaryimage","inLanguage":"pl-PL","url":"https:\/\/www.zsk.olsztyn.pl\/przedszkole\/wp-content\/uploads\/2023\/03\/images.png","contentUrl":"https:\/\/www.zsk.olsztyn.pl\/przedszkole\/wp-content\/uploads\/2023\/03\/images.png","width":235,"height":214},{"@type":"WebPage","@id":"https:\/\/www.zsk.olsztyn.pl\/przedszkole\/17389-2\/#webpage","url":"https:\/\/www.zsk.olsztyn.pl\/przedszkole\/17389-2\/","name":"DZIE\u0143 KOBIET - Katolicki Zesp\u00f3\u0142 Edukacyjny - Niepubliczne przedszkole","isPartOf":{"@id":"https:\/\/www.zsk.olsztyn.pl\/przedszkole\/#website"},"primaryImageOfPage":{"@id":"https:\/\/www.zsk.olsztyn.pl\/przedszkole\/17389-2\/#primaryimage"},"datePublished":"2023-03-10T08:24:08+00:00","dateModified":"2023-03-10T08:27:10+00:00","author":{"@id":"https:\/\/www.zsk.olsztyn.pl\/przedszkole\/#\/schema\/person\/d918f2da4f27cb7ded309fa67f4d415a"},"description":"8 marca dzieci z grupy 3 - latk\u00f3w \u015bwi\u0119towa\u0142y Dzie\u0144 Kobiet. Ten wyj\u0105tkowy dzie\u0144 zacz\u0105\u0142 si\u0119 od wsp\u00f3lnej zabawy i ta\u0144c\u00f3w, potem ch\u0142opcy wr\u0119czyli przygotowane","breadcrumb":{"@id":"https:\/\/www.zsk.olsztyn.pl\/przedszkole\/17389-2\/#breadcrumb"},"inLanguage":"pl-PL","potentialAction":[{"@type":"ReadAction","target":["https:\/\/www.zsk.olsztyn.pl\/przedszkole\/17389-2\/"]}]},{"@type":"BreadcrumbList","@id":"https:\/\/www.zsk.olsztyn.pl\/przedszkole\/17389-2\/#breadcrumb","itemListElement":[{"@type":"ListItem","position":1,"name":"Strona g\u0142\u00f3wna","item":"https:\/\/www.zsk.olsztyn.pl\/przedszkole\/"},{"@type":"ListItem","position":2,"name":"DZIE\u0143 KOBIET"}]},{"@type":"Person","@id":"https:\/\/www.zsk.olsztyn.pl\/przedszkole\/#\/schema\/person\/d918f2da4f27cb7ded309fa67f4d415a","name":"admin","image":{"@type":"ImageObject","@id":"https:\/\/www.zsk.olsztyn.pl\/przedszkole\/#personlogo","inLanguage":"pl-PL","url":"https:\/\/secure.gravatar.com\/avatar\/4677eccc26cd593f3306dd9613f7e9c7?s=96&d=mm&r=g","contentUrl":"https:\/\/secure.gravatar.com\/avatar\/4677eccc26cd593f3306dd9613f7e9c7?s=96&d=mm&r=g","caption":"admin"},"url":"https:\/\/www.zsk.olsztyn.pl\/przedszkole\/author\/admin\/"}]}},"_links":{"self":[{"href":"https:\/\/www.zsk.olsztyn.pl\/przedszkole\/wp-json\/wp\/v2\/posts\/17389"}],"collection":[{"href":"https:\/\/www.zsk.olsztyn.pl\/przedszkole\/wp-json\/wp\/v2\/posts"}],"about":[{"href":"https:\/\/www.zsk.olsztyn.pl\/przedszkole\/wp-json\/wp\/v2\/types\/post"}],"author":[{"embeddable":true,"href":"https:\/\/www.zsk.olsztyn.pl\/przedszkole\/wp-json\/wp\/v2\/users\/1"}],"replies":[{"embeddable":true,"href":"https:\/\/www.zsk.olsztyn.pl\/przedszkole\/wp-json\/wp\/v2\/comments?post=17389"}],"version-history":[{"count":2,"href":"https:\/\/www.zsk.olsztyn.pl\/przedszkole\/wp-json\/wp\/v2\/posts\/17389\/revisions"}],"predecessor-version":[{"id":17398,"href":"https:\/\/www.zsk.olsztyn.pl\/przedszkole\/wp-json\/wp\/v2\/posts\/17389\/revisions\/17398"}],"wp:featuredmedia":[{"embeddable":true,"href":"https:\/\/www.zsk.olsztyn.pl\/przedszkole\/wp-json\/wp\/v2\/media\/17399"}],"wp:attachment":[{"href":"https:\/\/www.zsk.olsztyn.pl\/przedszkole\/wp-json\/wp\/v2\/media?parent=17389"}],"wp:term":[{"taxonomy":"category","embeddable":true,"href":"https:\/\/www.zsk.olsztyn.pl\/przedszkole\/wp-json\/wp\/v2\/categories?post=17389"},{"taxonomy":"post_tag","embeddable":true,"href":"https:\/\/www.zsk.olsztyn.pl\/przedszkole\/wp-json\/wp\/v2\/tags?post=17389"}],"curies":[{"name":"wp","href":"https:\/\/api.w.org\/{rel}","templated":true}]}}