{"id":17229,"date":"2023-02-13T09:01:43","date_gmt":"2023-02-13T07:01:43","guid":{"rendered":"https:\/\/www.zsk.olsztyn.pl\/przedszkole\/?p=17229"},"modified":"2023-02-13T10:20:38","modified_gmt":"2023-02-13T08:20:38","slug":"bal-karnawalowy-grupa-4-latkow","status":"publish","type":"post","link":"https:\/\/www.zsk.olsztyn.pl\/przedszkole\/bal-karnawalowy-grupa-4-latkow\/","title":{"rendered":"BAL KARNAWA\u0141OWY- GRUPA 4 LATK\u00d3W"},"content":{"rendered":"<p>[vc_row][vc_column][vc_column_text]Czas karnawa\u0142u, to tak\u017ce bale i zabawy dla przedszkolak\u00f3w. 8 lutego odby\u0142 si\u0119 bal w naszym przedszkolu. W grupie 4-latk\u00f3w pod has\u0142em &#8220;Cyrkowy zawr\u00f3t g\u0142owy&#8221;. Wystr\u00f3j sali wprowadzi\u0142 w radosny nastr\u00f3j oraz zach\u0119ca\u0142 wszystkich do weso\u0142ej zabawy. Wsp\u00f3lna zabawa przynios\u0142a wiele rado\u015bci naszym przedszkolakom, to by\u0142o g\u0142\u00f3wnym celem tego balu. Dzieci \u015bwietnie bawi\u0142y si\u0119 w rytm muzyki porywaj\u0105cej do ta\u0144ca oraz bra\u0142y udzia\u0142 w najr\u00f3\u017cniejszych konkursach. Na koniec zabawy dzieci mia\u0142y zorganizowany pocz\u0119stunek. [\/vc_column_text][na_galerie_listing ids=&#8221;17251,17252,17253,17254,17255,17256,17257,17259,17260,17261,17262,17263,17264,17265,17266,17267,17268,17269,17270,17271,17272&#8243;][\/vc_column][\/vc_row]<\/p>\n","protected":false},"excerpt":{"rendered":"<p>[vc_row][vc_column][vc_column_text]Czas karnawa\u0142u, to tak\u017ce bale i zabawy dla przedszkolak\u00f3w. 8 lutego odby\u0142 si\u0119 bal w naszym przedszkolu. W grupie 4-latk\u00f3w pod has\u0142em &#8220;Cyrkowy zawr\u00f3t g\u0142owy&#8221;. Wystr\u00f3j sali wprowadzi\u0142 w radosny nastr\u00f3j oraz zach\u0119ca\u0142 wszystkich do weso\u0142ej zabawy. Wsp\u00f3lna zabawa przynios\u0142a wiele rado\u015bci naszym przedszkolakom, to by\u0142o g\u0142\u00f3wnym celem tego balu. Dzieci \u015bwietnie bawi\u0142y si\u0119 w<\/p>\n","protected":false},"author":1,"featured_media":17312,"comment_status":"closed","ping_status":"open","sticky":false,"template":"","format":"standard","meta":[],"categories":[222,1],"tags":[],"yoast_head":"<!-- This site is optimized with the Yoast SEO plugin v18.2 - https:\/\/yoast.com\/wordpress\/plugins\/seo\/ -->\n<title>BAL KARNAWA\u0141OWY- GRUPA 4 LATK\u00d3W - Katolicki Zesp\u00f3\u0142 Edukacyjny - Niepubliczne przedszkole<\/title>\n<meta name=\"description\" content=\"Czas karnawa\u0142u, to tak\u017ce bale i zabawy dla przedszkolak\u00f3w. 8 lutego odby\u0142 si\u0119 bal w naszym przedszkolu. W grupie 4-latk\u00f3w pod has\u0142em &quot;Cyrkowy zawr\u00f3t\" \/>\n<meta name=\"robots\" content=\"index, follow, max-snippet:-1, max-image-preview:large, max-video-preview:-1\" \/>\n<link rel=\"canonical\" href=\"https:\/\/www.zsk.olsztyn.pl\/przedszkole\/bal-karnawalowy-grupa-4-latkow\/\" \/>\n<meta name=\"twitter:label1\" content=\"Napisane przez\" \/>\n\t<meta name=\"twitter:data1\" content=\"admin\" \/>\n\t<meta name=\"twitter:label2\" content=\"Szacowany czas czytania\" \/>\n\t<meta name=\"twitter:data2\" content=\"1 minuta\" \/>\n<script type=\"application\/ld+json\" class=\"yoast-schema-graph\">{\"@context\":\"https:\/\/schema.org\",\"@graph\":[{\"@type\":\"WebSite\",\"@id\":\"https:\/\/www.zsk.olsztyn.pl\/przedszkole\/#website\",\"url\":\"https:\/\/www.zsk.olsztyn.pl\/przedszkole\/\",\"name\":\"Katolicki Zesp\u00f3\u0142 Edukacyjny - Niepubliczne przedszkole\",\"description\":\"Zapraszamy na stron\u0119 katolickiego niepublicznego przedszkola\",\"potentialAction\":[{\"@type\":\"SearchAction\",\"target\":{\"@type\":\"EntryPoint\",\"urlTemplate\":\"https:\/\/www.zsk.olsztyn.pl\/przedszkole\/?s={search_term_string}\"},\"query-input\":\"required name=search_term_string\"}],\"inLanguage\":\"pl-PL\"},{\"@type\":\"ImageObject\",\"@id\":\"https:\/\/www.zsk.olsztyn.pl\/przedszkole\/bal-karnawalowy-grupa-4-latkow\/#primaryimage\",\"inLanguage\":\"pl-PL\",\"url\":\"https:\/\/www.zsk.olsztyn.pl\/przedszkole\/wp-content\/uploads\/2023\/02\/bal.jpg\",\"contentUrl\":\"https:\/\/www.zsk.olsztyn.pl\/przedszkole\/wp-content\/uploads\/2023\/02\/bal.jpg\",\"width\":500,\"height\":426},{\"@type\":\"WebPage\",\"@id\":\"https:\/\/www.zsk.olsztyn.pl\/przedszkole\/bal-karnawalowy-grupa-4-latkow\/#webpage\",\"url\":\"https:\/\/www.zsk.olsztyn.pl\/przedszkole\/bal-karnawalowy-grupa-4-latkow\/\",\"name\":\"BAL KARNAWA\u0141OWY- GRUPA 4 LATK\u00d3W - Katolicki Zesp\u00f3\u0142 Edukacyjny - Niepubliczne przedszkole\",\"isPartOf\":{\"@id\":\"https:\/\/www.zsk.olsztyn.pl\/przedszkole\/#website\"},\"primaryImageOfPage\":{\"@id\":\"https:\/\/www.zsk.olsztyn.pl\/przedszkole\/bal-karnawalowy-grupa-4-latkow\/#primaryimage\"},\"datePublished\":\"2023-02-13T07:01:43+00:00\",\"dateModified\":\"2023-02-13T08:20:38+00:00\",\"author\":{\"@id\":\"https:\/\/www.zsk.olsztyn.pl\/przedszkole\/#\/schema\/person\/d918f2da4f27cb7ded309fa67f4d415a\"},\"description\":\"Czas karnawa\u0142u, to tak\u017ce bale i zabawy dla przedszkolak\u00f3w. 8 lutego odby\u0142 si\u0119 bal w naszym przedszkolu. W grupie 4-latk\u00f3w pod has\u0142em \\\"Cyrkowy zawr\u00f3t\",\"breadcrumb\":{\"@id\":\"https:\/\/www.zsk.olsztyn.pl\/przedszkole\/bal-karnawalowy-grupa-4-latkow\/#breadcrumb\"},\"inLanguage\":\"pl-PL\",\"potentialAction\":[{\"@type\":\"ReadAction\",\"target\":[\"https:\/\/www.zsk.olsztyn.pl\/przedszkole\/bal-karnawalowy-grupa-4-latkow\/\"]}]},{\"@type\":\"BreadcrumbList\",\"@id\":\"https:\/\/www.zsk.olsztyn.pl\/przedszkole\/bal-karnawalowy-grupa-4-latkow\/#breadcrumb\",\"itemListElement\":[{\"@type\":\"ListItem\",\"position\":1,\"name\":\"Strona g\u0142\u00f3wna\",\"item\":\"https:\/\/www.zsk.olsztyn.pl\/przedszkole\/\"},{\"@type\":\"ListItem\",\"position\":2,\"name\":\"BAL KARNAWA\u0141OWY- GRUPA 4 LATK\u00d3W\"}]},{\"@type\":\"Person\",\"@id\":\"https:\/\/www.zsk.olsztyn.pl\/przedszkole\/#\/schema\/person\/d918f2da4f27cb7ded309fa67f4d415a\",\"name\":\"admin\",\"image\":{\"@type\":\"ImageObject\",\"@id\":\"https:\/\/www.zsk.olsztyn.pl\/przedszkole\/#personlogo\",\"inLanguage\":\"pl-PL\",\"url\":\"https:\/\/secure.gravatar.com\/avatar\/4677eccc26cd593f3306dd9613f7e9c7?s=96&d=mm&r=g\",\"contentUrl\":\"https:\/\/secure.gravatar.com\/avatar\/4677eccc26cd593f3306dd9613f7e9c7?s=96&d=mm&r=g\",\"caption\":\"admin\"},\"url\":\"https:\/\/www.zsk.olsztyn.pl\/przedszkole\/author\/admin\/\"}]}<\/script>\n<!-- \/ Yoast SEO plugin. -->","yoast_head_json":{"title":"BAL KARNAWA\u0141OWY- GRUPA 4 LATK\u00d3W - Katolicki Zesp\u00f3\u0142 Edukacyjny - Niepubliczne przedszkole","description":"Czas karnawa\u0142u, to tak\u017ce bale i zabawy dla przedszkolak\u00f3w. 8 lutego odby\u0142 si\u0119 bal w naszym przedszkolu. W grupie 4-latk\u00f3w pod has\u0142em \"Cyrkowy zawr\u00f3t","robots":{"index":"index","follow":"follow","max-snippet":"max-snippet:-1","max-image-preview":"max-image-preview:large","max-video-preview":"max-video-preview:-1"},"canonical":"https:\/\/www.zsk.olsztyn.pl\/przedszkole\/bal-karnawalowy-grupa-4-latkow\/","twitter_misc":{"Napisane przez":"admin","Szacowany czas czytania":"1 minuta"},"schema":{"@context":"https:\/\/schema.org","@graph":[{"@type":"WebSite","@id":"https:\/\/www.zsk.olsztyn.pl\/przedszkole\/#website","url":"https:\/\/www.zsk.olsztyn.pl\/przedszkole\/","name":"Katolicki Zesp\u00f3\u0142 Edukacyjny - Niepubliczne przedszkole","description":"Zapraszamy na stron\u0119 katolickiego niepublicznego przedszkola","potentialAction":[{"@type":"SearchAction","target":{"@type":"EntryPoint","urlTemplate":"https:\/\/www.zsk.olsztyn.pl\/przedszkole\/?s={search_term_string}"},"query-input":"required name=search_term_string"}],"inLanguage":"pl-PL"},{"@type":"ImageObject","@id":"https:\/\/www.zsk.olsztyn.pl\/przedszkole\/bal-karnawalowy-grupa-4-latkow\/#primaryimage","inLanguage":"pl-PL","url":"https:\/\/www.zsk.olsztyn.pl\/przedszkole\/wp-content\/uploads\/2023\/02\/bal.jpg","contentUrl":"https:\/\/www.zsk.olsztyn.pl\/przedszkole\/wp-content\/uploads\/2023\/02\/bal.jpg","width":500,"height":426},{"@type":"WebPage","@id":"https:\/\/www.zsk.olsztyn.pl\/przedszkole\/bal-karnawalowy-grupa-4-latkow\/#webpage","url":"https:\/\/www.zsk.olsztyn.pl\/przedszkole\/bal-karnawalowy-grupa-4-latkow\/","name":"BAL KARNAWA\u0141OWY- GRUPA 4 LATK\u00d3W - Katolicki Zesp\u00f3\u0142 Edukacyjny - Niepubliczne przedszkole","isPartOf":{"@id":"https:\/\/www.zsk.olsztyn.pl\/przedszkole\/#website"},"primaryImageOfPage":{"@id":"https:\/\/www.zsk.olsztyn.pl\/przedszkole\/bal-karnawalowy-grupa-4-latkow\/#primaryimage"},"datePublished":"2023-02-13T07:01:43+00:00","dateModified":"2023-02-13T08:20:38+00:00","author":{"@id":"https:\/\/www.zsk.olsztyn.pl\/przedszkole\/#\/schema\/person\/d918f2da4f27cb7ded309fa67f4d415a"},"description":"Czas karnawa\u0142u, to tak\u017ce bale i zabawy dla przedszkolak\u00f3w. 8 lutego odby\u0142 si\u0119 bal w naszym przedszkolu. W grupie 4-latk\u00f3w pod has\u0142em \"Cyrkowy zawr\u00f3t","breadcrumb":{"@id":"https:\/\/www.zsk.olsztyn.pl\/przedszkole\/bal-karnawalowy-grupa-4-latkow\/#breadcrumb"},"inLanguage":"pl-PL","potentialAction":[{"@type":"ReadAction","target":["https:\/\/www.zsk.olsztyn.pl\/przedszkole\/bal-karnawalowy-grupa-4-latkow\/"]}]},{"@type":"BreadcrumbList","@id":"https:\/\/www.zsk.olsztyn.pl\/przedszkole\/bal-karnawalowy-grupa-4-latkow\/#breadcrumb","itemListElement":[{"@type":"ListItem","position":1,"name":"Strona g\u0142\u00f3wna","item":"https:\/\/www.zsk.olsztyn.pl\/przedszkole\/"},{"@type":"ListItem","position":2,"name":"BAL KARNAWA\u0141OWY- GRUPA 4 LATK\u00d3W"}]},{"@type":"Person","@id":"https:\/\/www.zsk.olsztyn.pl\/przedszkole\/#\/schema\/person\/d918f2da4f27cb7ded309fa67f4d415a","name":"admin","image":{"@type":"ImageObject","@id":"https:\/\/www.zsk.olsztyn.pl\/przedszkole\/#personlogo","inLanguage":"pl-PL","url":"https:\/\/secure.gravatar.com\/avatar\/4677eccc26cd593f3306dd9613f7e9c7?s=96&d=mm&r=g","contentUrl":"https:\/\/secure.gravatar.com\/avatar\/4677eccc26cd593f3306dd9613f7e9c7?s=96&d=mm&r=g","caption":"admin"},"url":"https:\/\/www.zsk.olsztyn.pl\/przedszkole\/author\/admin\/"}]}},"_links":{"self":[{"href":"https:\/\/www.zsk.olsztyn.pl\/przedszkole\/wp-json\/wp\/v2\/posts\/17229"}],"collection":[{"href":"https:\/\/www.zsk.olsztyn.pl\/przedszkole\/wp-json\/wp\/v2\/posts"}],"about":[{"href":"https:\/\/www.zsk.olsztyn.pl\/przedszkole\/wp-json\/wp\/v2\/types\/post"}],"author":[{"embeddable":true,"href":"https:\/\/www.zsk.olsztyn.pl\/przedszkole\/wp-json\/wp\/v2\/users\/1"}],"replies":[{"embeddable":true,"href":"https:\/\/www.zsk.olsztyn.pl\/przedszkole\/wp-json\/wp\/v2\/comments?post=17229"}],"version-history":[{"count":3,"href":"https:\/\/www.zsk.olsztyn.pl\/przedszkole\/wp-json\/wp\/v2\/posts\/17229\/revisions"}],"predecessor-version":[{"id":17273,"href":"https:\/\/www.zsk.olsztyn.pl\/przedszkole\/wp-json\/wp\/v2\/posts\/17229\/revisions\/17273"}],"wp:featuredmedia":[{"embeddable":true,"href":"https:\/\/www.zsk.olsztyn.pl\/przedszkole\/wp-json\/wp\/v2\/media\/17312"}],"wp:attachment":[{"href":"https:\/\/www.zsk.olsztyn.pl\/przedszkole\/wp-json\/wp\/v2\/media?parent=17229"}],"wp:term":[{"taxonomy":"category","embeddable":true,"href":"https:\/\/www.zsk.olsztyn.pl\/przedszkole\/wp-json\/wp\/v2\/categories?post=17229"},{"taxonomy":"post_tag","embeddable":true,"href":"https:\/\/www.zsk.olsztyn.pl\/przedszkole\/wp-json\/wp\/v2\/tags?post=17229"}],"curies":[{"name":"wp","href":"https:\/\/api.w.org\/{rel}","templated":true}]}}