{"id":17215,"date":"2023-02-10T10:12:39","date_gmt":"2023-02-10T08:12:39","guid":{"rendered":"https:\/\/www.zsk.olsztyn.pl\/przedszkole\/?p=17215"},"modified":"2023-02-10T10:13:21","modified_gmt":"2023-02-10T08:13:21","slug":"bal-karnawalowy-grupa-3-latkow","status":"publish","type":"post","link":"https:\/\/www.zsk.olsztyn.pl\/przedszkole\/bal-karnawalowy-grupa-3-latkow\/","title":{"rendered":"BAL KARNAWA\u0141OWY- GRUPA 3 LATK\u00d3W"},"content":{"rendered":"<p>[vc_row][vc_column][vc_column_text]W \u015brod\u0119 8 lutego 2023r. w naszym przedszkolu odby\u0142 si\u0119 bal karnawa\u0142owy pt. &#8220;Cyrkowy zawr\u00f3t g\u0142owy&#8221;. Wszystkie 3 &#8211; latki przysz\u0142y na bal w bardzo ciekawych i kolorowych strojach, niczym z cyrku! Tego dnia towarzyszy\u0142y nam weso\u0142e nastroje, ta\u0144ce i niezliczone zabawy, nie zabrak\u0142o r\u00f3wnie\u017c cyrkowych sztuczek a sale wype\u0142niona by\u0142a muzyk\u0105 i \u015bmiechem dzieci.[\/vc_column_text][na_galerie_listing ids=&#8221;17216,17217,17218,17219,17220,17221,17222,17223,17224,17225&#8243;][\/vc_column][\/vc_row]<\/p>\n","protected":false},"excerpt":{"rendered":"<p>[vc_row][vc_column][vc_column_text]W \u015brod\u0119 8 lutego 2023r. w naszym przedszkolu odby\u0142 si\u0119 bal karnawa\u0142owy pt. &#8220;Cyrkowy zawr\u00f3t g\u0142owy&#8221;. Wszystkie 3 &#8211; latki przysz\u0142y na bal w bardzo ciekawych i kolorowych strojach, niczym z cyrku! Tego dnia towarzyszy\u0142y nam weso\u0142e nastroje, ta\u0144ce i niezliczone zabawy, nie zabrak\u0142o r\u00f3wnie\u017c cyrkowych sztuczek a sale wype\u0142niona by\u0142a muzyk\u0105 i \u015bmiechem dzieci.[\/vc_column_text][na_galerie_listing<\/p>\n","protected":false},"author":1,"featured_media":17226,"comment_status":"closed","ping_status":"open","sticky":false,"template":"","format":"standard","meta":[],"categories":[221],"tags":[],"yoast_head":"<!-- This site is optimized with the Yoast SEO plugin v18.2 - https:\/\/yoast.com\/wordpress\/plugins\/seo\/ -->\n<title>BAL KARNAWA\u0141OWY- GRUPA 3 LATK\u00d3W - Katolicki Zesp\u00f3\u0142 Edukacyjny - Niepubliczne przedszkole<\/title>\n<meta name=\"description\" content=\"W \u015brod\u0119 8 lutego 2023r. w naszym przedszkolu odby\u0142 si\u0119 bal karnawa\u0142owy pt. &quot;Cyrkowy zawr\u00f3t g\u0142owy&quot;. Wszystkie 3 - latki przysz\u0142y na bal w bardzo ciekawych\" \/>\n<meta name=\"robots\" content=\"index, follow, max-snippet:-1, max-image-preview:large, max-video-preview:-1\" \/>\n<link rel=\"canonical\" href=\"https:\/\/www.zsk.olsztyn.pl\/przedszkole\/bal-karnawalowy-grupa-3-latkow\/\" \/>\n<meta name=\"twitter:label1\" content=\"Napisane przez\" \/>\n\t<meta name=\"twitter:data1\" content=\"admin\" \/>\n<script type=\"application\/ld+json\" class=\"yoast-schema-graph\">{\"@context\":\"https:\/\/schema.org\",\"@graph\":[{\"@type\":\"WebSite\",\"@id\":\"https:\/\/www.zsk.olsztyn.pl\/przedszkole\/#website\",\"url\":\"https:\/\/www.zsk.olsztyn.pl\/przedszkole\/\",\"name\":\"Katolicki Zesp\u00f3\u0142 Edukacyjny - Niepubliczne przedszkole\",\"description\":\"Zapraszamy na stron\u0119 katolickiego niepublicznego przedszkola\",\"potentialAction\":[{\"@type\":\"SearchAction\",\"target\":{\"@type\":\"EntryPoint\",\"urlTemplate\":\"https:\/\/www.zsk.olsztyn.pl\/przedszkole\/?s={search_term_string}\"},\"query-input\":\"required name=search_term_string\"}],\"inLanguage\":\"pl-PL\"},{\"@type\":\"ImageObject\",\"@id\":\"https:\/\/www.zsk.olsztyn.pl\/przedszkole\/bal-karnawalowy-grupa-3-latkow\/#primaryimage\",\"inLanguage\":\"pl-PL\",\"url\":\"https:\/\/www.zsk.olsztyn.pl\/przedszkole\/wp-content\/uploads\/2023\/02\/Bal-karnawalowy.png\",\"contentUrl\":\"https:\/\/www.zsk.olsztyn.pl\/przedszkole\/wp-content\/uploads\/2023\/02\/Bal-karnawalowy.png\",\"width\":647,\"height\":452},{\"@type\":\"WebPage\",\"@id\":\"https:\/\/www.zsk.olsztyn.pl\/przedszkole\/bal-karnawalowy-grupa-3-latkow\/#webpage\",\"url\":\"https:\/\/www.zsk.olsztyn.pl\/przedszkole\/bal-karnawalowy-grupa-3-latkow\/\",\"name\":\"BAL KARNAWA\u0141OWY- GRUPA 3 LATK\u00d3W - Katolicki Zesp\u00f3\u0142 Edukacyjny - Niepubliczne przedszkole\",\"isPartOf\":{\"@id\":\"https:\/\/www.zsk.olsztyn.pl\/przedszkole\/#website\"},\"primaryImageOfPage\":{\"@id\":\"https:\/\/www.zsk.olsztyn.pl\/przedszkole\/bal-karnawalowy-grupa-3-latkow\/#primaryimage\"},\"datePublished\":\"2023-02-10T08:12:39+00:00\",\"dateModified\":\"2023-02-10T08:13:21+00:00\",\"author\":{\"@id\":\"https:\/\/www.zsk.olsztyn.pl\/przedszkole\/#\/schema\/person\/d918f2da4f27cb7ded309fa67f4d415a\"},\"description\":\"W \u015brod\u0119 8 lutego 2023r. w naszym przedszkolu odby\u0142 si\u0119 bal karnawa\u0142owy pt. \\\"Cyrkowy zawr\u00f3t g\u0142owy\\\". Wszystkie 3 - latki przysz\u0142y na bal w bardzo ciekawych\",\"breadcrumb\":{\"@id\":\"https:\/\/www.zsk.olsztyn.pl\/przedszkole\/bal-karnawalowy-grupa-3-latkow\/#breadcrumb\"},\"inLanguage\":\"pl-PL\",\"potentialAction\":[{\"@type\":\"ReadAction\",\"target\":[\"https:\/\/www.zsk.olsztyn.pl\/przedszkole\/bal-karnawalowy-grupa-3-latkow\/\"]}]},{\"@type\":\"BreadcrumbList\",\"@id\":\"https:\/\/www.zsk.olsztyn.pl\/przedszkole\/bal-karnawalowy-grupa-3-latkow\/#breadcrumb\",\"itemListElement\":[{\"@type\":\"ListItem\",\"position\":1,\"name\":\"Strona g\u0142\u00f3wna\",\"item\":\"https:\/\/www.zsk.olsztyn.pl\/przedszkole\/\"},{\"@type\":\"ListItem\",\"position\":2,\"name\":\"BAL KARNAWA\u0141OWY- GRUPA 3 LATK\u00d3W\"}]},{\"@type\":\"Person\",\"@id\":\"https:\/\/www.zsk.olsztyn.pl\/przedszkole\/#\/schema\/person\/d918f2da4f27cb7ded309fa67f4d415a\",\"name\":\"admin\",\"image\":{\"@type\":\"ImageObject\",\"@id\":\"https:\/\/www.zsk.olsztyn.pl\/przedszkole\/#personlogo\",\"inLanguage\":\"pl-PL\",\"url\":\"https:\/\/secure.gravatar.com\/avatar\/4677eccc26cd593f3306dd9613f7e9c7?s=96&d=mm&r=g\",\"contentUrl\":\"https:\/\/secure.gravatar.com\/avatar\/4677eccc26cd593f3306dd9613f7e9c7?s=96&d=mm&r=g\",\"caption\":\"admin\"},\"url\":\"https:\/\/www.zsk.olsztyn.pl\/przedszkole\/author\/admin\/\"}]}<\/script>\n<!-- \/ Yoast SEO plugin. -->","yoast_head_json":{"title":"BAL KARNAWA\u0141OWY- GRUPA 3 LATK\u00d3W - Katolicki Zesp\u00f3\u0142 Edukacyjny - Niepubliczne przedszkole","description":"W \u015brod\u0119 8 lutego 2023r. w naszym przedszkolu odby\u0142 si\u0119 bal karnawa\u0142owy pt. \"Cyrkowy zawr\u00f3t g\u0142owy\". Wszystkie 3 - latki przysz\u0142y na bal w bardzo ciekawych","robots":{"index":"index","follow":"follow","max-snippet":"max-snippet:-1","max-image-preview":"max-image-preview:large","max-video-preview":"max-video-preview:-1"},"canonical":"https:\/\/www.zsk.olsztyn.pl\/przedszkole\/bal-karnawalowy-grupa-3-latkow\/","twitter_misc":{"Napisane przez":"admin"},"schema":{"@context":"https:\/\/schema.org","@graph":[{"@type":"WebSite","@id":"https:\/\/www.zsk.olsztyn.pl\/przedszkole\/#website","url":"https:\/\/www.zsk.olsztyn.pl\/przedszkole\/","name":"Katolicki Zesp\u00f3\u0142 Edukacyjny - Niepubliczne przedszkole","description":"Zapraszamy na stron\u0119 katolickiego niepublicznego przedszkola","potentialAction":[{"@type":"SearchAction","target":{"@type":"EntryPoint","urlTemplate":"https:\/\/www.zsk.olsztyn.pl\/przedszkole\/?s={search_term_string}"},"query-input":"required name=search_term_string"}],"inLanguage":"pl-PL"},{"@type":"ImageObject","@id":"https:\/\/www.zsk.olsztyn.pl\/przedszkole\/bal-karnawalowy-grupa-3-latkow\/#primaryimage","inLanguage":"pl-PL","url":"https:\/\/www.zsk.olsztyn.pl\/przedszkole\/wp-content\/uploads\/2023\/02\/Bal-karnawalowy.png","contentUrl":"https:\/\/www.zsk.olsztyn.pl\/przedszkole\/wp-content\/uploads\/2023\/02\/Bal-karnawalowy.png","width":647,"height":452},{"@type":"WebPage","@id":"https:\/\/www.zsk.olsztyn.pl\/przedszkole\/bal-karnawalowy-grupa-3-latkow\/#webpage","url":"https:\/\/www.zsk.olsztyn.pl\/przedszkole\/bal-karnawalowy-grupa-3-latkow\/","name":"BAL KARNAWA\u0141OWY- GRUPA 3 LATK\u00d3W - Katolicki Zesp\u00f3\u0142 Edukacyjny - Niepubliczne przedszkole","isPartOf":{"@id":"https:\/\/www.zsk.olsztyn.pl\/przedszkole\/#website"},"primaryImageOfPage":{"@id":"https:\/\/www.zsk.olsztyn.pl\/przedszkole\/bal-karnawalowy-grupa-3-latkow\/#primaryimage"},"datePublished":"2023-02-10T08:12:39+00:00","dateModified":"2023-02-10T08:13:21+00:00","author":{"@id":"https:\/\/www.zsk.olsztyn.pl\/przedszkole\/#\/schema\/person\/d918f2da4f27cb7ded309fa67f4d415a"},"description":"W \u015brod\u0119 8 lutego 2023r. w naszym przedszkolu odby\u0142 si\u0119 bal karnawa\u0142owy pt. \"Cyrkowy zawr\u00f3t g\u0142owy\". Wszystkie 3 - latki przysz\u0142y na bal w bardzo ciekawych","breadcrumb":{"@id":"https:\/\/www.zsk.olsztyn.pl\/przedszkole\/bal-karnawalowy-grupa-3-latkow\/#breadcrumb"},"inLanguage":"pl-PL","potentialAction":[{"@type":"ReadAction","target":["https:\/\/www.zsk.olsztyn.pl\/przedszkole\/bal-karnawalowy-grupa-3-latkow\/"]}]},{"@type":"BreadcrumbList","@id":"https:\/\/www.zsk.olsztyn.pl\/przedszkole\/bal-karnawalowy-grupa-3-latkow\/#breadcrumb","itemListElement":[{"@type":"ListItem","position":1,"name":"Strona g\u0142\u00f3wna","item":"https:\/\/www.zsk.olsztyn.pl\/przedszkole\/"},{"@type":"ListItem","position":2,"name":"BAL KARNAWA\u0141OWY- GRUPA 3 LATK\u00d3W"}]},{"@type":"Person","@id":"https:\/\/www.zsk.olsztyn.pl\/przedszkole\/#\/schema\/person\/d918f2da4f27cb7ded309fa67f4d415a","name":"admin","image":{"@type":"ImageObject","@id":"https:\/\/www.zsk.olsztyn.pl\/przedszkole\/#personlogo","inLanguage":"pl-PL","url":"https:\/\/secure.gravatar.com\/avatar\/4677eccc26cd593f3306dd9613f7e9c7?s=96&d=mm&r=g","contentUrl":"https:\/\/secure.gravatar.com\/avatar\/4677eccc26cd593f3306dd9613f7e9c7?s=96&d=mm&r=g","caption":"admin"},"url":"https:\/\/www.zsk.olsztyn.pl\/przedszkole\/author\/admin\/"}]}},"_links":{"self":[{"href":"https:\/\/www.zsk.olsztyn.pl\/przedszkole\/wp-json\/wp\/v2\/posts\/17215"}],"collection":[{"href":"https:\/\/www.zsk.olsztyn.pl\/przedszkole\/wp-json\/wp\/v2\/posts"}],"about":[{"href":"https:\/\/www.zsk.olsztyn.pl\/przedszkole\/wp-json\/wp\/v2\/types\/post"}],"author":[{"embeddable":true,"href":"https:\/\/www.zsk.olsztyn.pl\/przedszkole\/wp-json\/wp\/v2\/users\/1"}],"replies":[{"embeddable":true,"href":"https:\/\/www.zsk.olsztyn.pl\/przedszkole\/wp-json\/wp\/v2\/comments?post=17215"}],"version-history":[{"count":1,"href":"https:\/\/www.zsk.olsztyn.pl\/przedszkole\/wp-json\/wp\/v2\/posts\/17215\/revisions"}],"predecessor-version":[{"id":17227,"href":"https:\/\/www.zsk.olsztyn.pl\/przedszkole\/wp-json\/wp\/v2\/posts\/17215\/revisions\/17227"}],"wp:featuredmedia":[{"embeddable":true,"href":"https:\/\/www.zsk.olsztyn.pl\/przedszkole\/wp-json\/wp\/v2\/media\/17226"}],"wp:attachment":[{"href":"https:\/\/www.zsk.olsztyn.pl\/przedszkole\/wp-json\/wp\/v2\/media?parent=17215"}],"wp:term":[{"taxonomy":"category","embeddable":true,"href":"https:\/\/www.zsk.olsztyn.pl\/przedszkole\/wp-json\/wp\/v2\/categories?post=17215"},{"taxonomy":"post_tag","embeddable":true,"href":"https:\/\/www.zsk.olsztyn.pl\/przedszkole\/wp-json\/wp\/v2\/tags?post=17215"}],"curies":[{"name":"wp","href":"https:\/\/api.w.org\/{rel}","templated":true}]}}