{"id":17127,"date":"2023-02-06T11:50:25","date_gmt":"2023-02-06T09:50:25","guid":{"rendered":"https:\/\/www.zsk.olsztyn.pl\/przedszkole\/?p=17127"},"modified":"2023-02-06T11:50:25","modified_gmt":"2023-02-06T09:50:25","slug":"kosmiczna-podroz","status":"publish","type":"post","link":"https:\/\/www.zsk.olsztyn.pl\/przedszkole\/kosmiczna-podroz\/","title":{"rendered":"KOSMICZNA PODR\u00d3\u017b"},"content":{"rendered":"<p>[vc_row][vc_column][vc_column_text]W drugim tygodniu ferii 5- i 6-latki wybra\u0142y si\u0119 w kosmiczn\u0105 podr\u00f3\u017c. Spotkali\u015bmy si\u0119 z naukowcem, panem Marcinem Hajdukiem, kt\u00f3ry opowiedzia\u0142 nam o planetach i gwiazdach, a tak\u017ce zaprezentowa\u0142 r\u00f3\u017cne urz\u0105dzenia, s\u0142u\u017c\u0105ce m.in. do obserwacji nieba. Mieli\u015bmy okazj\u0119 popatrze\u0107 przez prawdziwy teleskop, zobaczy\u0107 na w\u0142asne oczy, jak powstaje t\u0119cza oraz za\u0142o\u017cy\u0107 specjalne ,,naukowe\u201d okulary. W ci\u0105gu tygodnia poznali\u015bmy uk\u0142ad s\u0142oneczny, dowiedzieli\u015bmy si\u0119, kto zaprojektowa\u0142 \u0142aziki, kt\u00f3re wyl\u0105dowa\u0142y na Ksi\u0119\u017cycu i wykonywali\u015bmy r\u00f3\u017cne kosmiczne cuda z papieru i innych materia\u0142\u00f3w. Odwiedzili\u015bmy te\u017c Olszty\u0144skie Planetarium. Obejrzeli\u015bmy tam bajk\u0119 pt.: ,,Zaczarowana rafa\u201d, kt\u00f3ra zainspirowa\u0142a nas do rozmowy na temat tego, jak powinni\u015bmy dba\u0107 o nasz\u0105 Planet\u0119, kt\u00f3r\u0105 mamy tylko jedn\u0105.[\/vc_column_text][na_galerie_listing ids=&#8221;17128,17129,17130,17131,17132,17133,17134,17135,17136,17137,17138,17139,17140,17141,17142,17143,17144,17145,17146,17147,17148&#8243;][\/vc_column][\/vc_row]<\/p>\n","protected":false},"excerpt":{"rendered":"<p>[vc_row][vc_column][vc_column_text]W drugim tygodniu ferii 5- i 6-latki wybra\u0142y si\u0119 w kosmiczn\u0105 podr\u00f3\u017c. Spotkali\u015bmy si\u0119 z naukowcem, panem Marcinem Hajdukiem, kt\u00f3ry opowiedzia\u0142 nam o planetach i gwiazdach, a tak\u017ce zaprezentowa\u0142 r\u00f3\u017cne urz\u0105dzenia, s\u0142u\u017c\u0105ce m.in. do obserwacji nieba. Mieli\u015bmy okazj\u0119 popatrze\u0107 przez prawdziwy teleskop, zobaczy\u0107 na w\u0142asne oczy, jak powstaje t\u0119cza oraz za\u0142o\u017cy\u0107 specjalne ,,naukowe\u201d okulary. W<\/p>\n","protected":false},"author":1,"featured_media":17150,"comment_status":"closed","ping_status":"open","sticky":false,"template":"","format":"standard","meta":[],"categories":[223,224],"tags":[],"yoast_head":"<!-- This site is optimized with the Yoast SEO plugin v18.2 - https:\/\/yoast.com\/wordpress\/plugins\/seo\/ -->\n<title>KOSMICZNA PODR\u00d3\u017b - Katolicki Zesp\u00f3\u0142 Edukacyjny - Niepubliczne przedszkole<\/title>\n<meta name=\"description\" content=\"W drugim tygodniu ferii 5- i 6-latki wybra\u0142y si\u0119 w kosmiczn\u0105 podr\u00f3\u017c. Spotkali\u015bmy si\u0119 z naukowcem, panem Marcinem Hajdukiem, kt\u00f3ry opowiedzia\u0142 nam o\" \/>\n<meta name=\"robots\" content=\"index, follow, max-snippet:-1, max-image-preview:large, max-video-preview:-1\" \/>\n<link rel=\"canonical\" href=\"https:\/\/www.zsk.olsztyn.pl\/przedszkole\/kosmiczna-podroz\/\" \/>\n<meta name=\"twitter:label1\" content=\"Napisane przez\" \/>\n\t<meta name=\"twitter:data1\" content=\"admin\" \/>\n\t<meta name=\"twitter:label2\" content=\"Szacowany czas czytania\" \/>\n\t<meta name=\"twitter:data2\" content=\"1 minuta\" \/>\n<script type=\"application\/ld+json\" class=\"yoast-schema-graph\">{\"@context\":\"https:\/\/schema.org\",\"@graph\":[{\"@type\":\"WebSite\",\"@id\":\"https:\/\/www.zsk.olsztyn.pl\/przedszkole\/#website\",\"url\":\"https:\/\/www.zsk.olsztyn.pl\/przedszkole\/\",\"name\":\"Katolicki Zesp\u00f3\u0142 Edukacyjny - Niepubliczne przedszkole\",\"description\":\"Zapraszamy na stron\u0119 katolickiego niepublicznego przedszkola\",\"potentialAction\":[{\"@type\":\"SearchAction\",\"target\":{\"@type\":\"EntryPoint\",\"urlTemplate\":\"https:\/\/www.zsk.olsztyn.pl\/przedszkole\/?s={search_term_string}\"},\"query-input\":\"required name=search_term_string\"}],\"inLanguage\":\"pl-PL\"},{\"@type\":\"ImageObject\",\"@id\":\"https:\/\/www.zsk.olsztyn.pl\/przedszkole\/kosmiczna-podroz\/#primaryimage\",\"inLanguage\":\"pl-PL\",\"url\":\"https:\/\/www.zsk.olsztyn.pl\/przedszkole\/wp-content\/uploads\/2023\/02\/viaje-espacial-ninos_249251-116.jpg\",\"contentUrl\":\"https:\/\/www.zsk.olsztyn.pl\/przedszkole\/wp-content\/uploads\/2023\/02\/viaje-espacial-ninos_249251-116.jpg\",\"width\":900,\"height\":601},{\"@type\":\"WebPage\",\"@id\":\"https:\/\/www.zsk.olsztyn.pl\/przedszkole\/kosmiczna-podroz\/#webpage\",\"url\":\"https:\/\/www.zsk.olsztyn.pl\/przedszkole\/kosmiczna-podroz\/\",\"name\":\"KOSMICZNA PODR\u00d3\u017b - Katolicki Zesp\u00f3\u0142 Edukacyjny - Niepubliczne przedszkole\",\"isPartOf\":{\"@id\":\"https:\/\/www.zsk.olsztyn.pl\/przedszkole\/#website\"},\"primaryImageOfPage\":{\"@id\":\"https:\/\/www.zsk.olsztyn.pl\/przedszkole\/kosmiczna-podroz\/#primaryimage\"},\"datePublished\":\"2023-02-06T09:50:25+00:00\",\"dateModified\":\"2023-02-06T09:50:25+00:00\",\"author\":{\"@id\":\"https:\/\/www.zsk.olsztyn.pl\/przedszkole\/#\/schema\/person\/d918f2da4f27cb7ded309fa67f4d415a\"},\"description\":\"W drugim tygodniu ferii 5- i 6-latki wybra\u0142y si\u0119 w kosmiczn\u0105 podr\u00f3\u017c. Spotkali\u015bmy si\u0119 z naukowcem, panem Marcinem Hajdukiem, kt\u00f3ry opowiedzia\u0142 nam o\",\"breadcrumb\":{\"@id\":\"https:\/\/www.zsk.olsztyn.pl\/przedszkole\/kosmiczna-podroz\/#breadcrumb\"},\"inLanguage\":\"pl-PL\",\"potentialAction\":[{\"@type\":\"ReadAction\",\"target\":[\"https:\/\/www.zsk.olsztyn.pl\/przedszkole\/kosmiczna-podroz\/\"]}]},{\"@type\":\"BreadcrumbList\",\"@id\":\"https:\/\/www.zsk.olsztyn.pl\/przedszkole\/kosmiczna-podroz\/#breadcrumb\",\"itemListElement\":[{\"@type\":\"ListItem\",\"position\":1,\"name\":\"Strona g\u0142\u00f3wna\",\"item\":\"https:\/\/www.zsk.olsztyn.pl\/przedszkole\/\"},{\"@type\":\"ListItem\",\"position\":2,\"name\":\"KOSMICZNA PODR\u00d3\u017b\"}]},{\"@type\":\"Person\",\"@id\":\"https:\/\/www.zsk.olsztyn.pl\/przedszkole\/#\/schema\/person\/d918f2da4f27cb7ded309fa67f4d415a\",\"name\":\"admin\",\"image\":{\"@type\":\"ImageObject\",\"@id\":\"https:\/\/www.zsk.olsztyn.pl\/przedszkole\/#personlogo\",\"inLanguage\":\"pl-PL\",\"url\":\"https:\/\/secure.gravatar.com\/avatar\/4677eccc26cd593f3306dd9613f7e9c7?s=96&d=mm&r=g\",\"contentUrl\":\"https:\/\/secure.gravatar.com\/avatar\/4677eccc26cd593f3306dd9613f7e9c7?s=96&d=mm&r=g\",\"caption\":\"admin\"},\"url\":\"https:\/\/www.zsk.olsztyn.pl\/przedszkole\/author\/admin\/\"}]}<\/script>\n<!-- \/ Yoast SEO plugin. -->","yoast_head_json":{"title":"KOSMICZNA PODR\u00d3\u017b - Katolicki Zesp\u00f3\u0142 Edukacyjny - Niepubliczne przedszkole","description":"W drugim tygodniu ferii 5- i 6-latki wybra\u0142y si\u0119 w kosmiczn\u0105 podr\u00f3\u017c. Spotkali\u015bmy si\u0119 z naukowcem, panem Marcinem Hajdukiem, kt\u00f3ry opowiedzia\u0142 nam o","robots":{"index":"index","follow":"follow","max-snippet":"max-snippet:-1","max-image-preview":"max-image-preview:large","max-video-preview":"max-video-preview:-1"},"canonical":"https:\/\/www.zsk.olsztyn.pl\/przedszkole\/kosmiczna-podroz\/","twitter_misc":{"Napisane przez":"admin","Szacowany czas czytania":"1 minuta"},"schema":{"@context":"https:\/\/schema.org","@graph":[{"@type":"WebSite","@id":"https:\/\/www.zsk.olsztyn.pl\/przedszkole\/#website","url":"https:\/\/www.zsk.olsztyn.pl\/przedszkole\/","name":"Katolicki Zesp\u00f3\u0142 Edukacyjny - Niepubliczne przedszkole","description":"Zapraszamy na stron\u0119 katolickiego niepublicznego przedszkola","potentialAction":[{"@type":"SearchAction","target":{"@type":"EntryPoint","urlTemplate":"https:\/\/www.zsk.olsztyn.pl\/przedszkole\/?s={search_term_string}"},"query-input":"required name=search_term_string"}],"inLanguage":"pl-PL"},{"@type":"ImageObject","@id":"https:\/\/www.zsk.olsztyn.pl\/przedszkole\/kosmiczna-podroz\/#primaryimage","inLanguage":"pl-PL","url":"https:\/\/www.zsk.olsztyn.pl\/przedszkole\/wp-content\/uploads\/2023\/02\/viaje-espacial-ninos_249251-116.jpg","contentUrl":"https:\/\/www.zsk.olsztyn.pl\/przedszkole\/wp-content\/uploads\/2023\/02\/viaje-espacial-ninos_249251-116.jpg","width":900,"height":601},{"@type":"WebPage","@id":"https:\/\/www.zsk.olsztyn.pl\/przedszkole\/kosmiczna-podroz\/#webpage","url":"https:\/\/www.zsk.olsztyn.pl\/przedszkole\/kosmiczna-podroz\/","name":"KOSMICZNA PODR\u00d3\u017b - Katolicki Zesp\u00f3\u0142 Edukacyjny - Niepubliczne przedszkole","isPartOf":{"@id":"https:\/\/www.zsk.olsztyn.pl\/przedszkole\/#website"},"primaryImageOfPage":{"@id":"https:\/\/www.zsk.olsztyn.pl\/przedszkole\/kosmiczna-podroz\/#primaryimage"},"datePublished":"2023-02-06T09:50:25+00:00","dateModified":"2023-02-06T09:50:25+00:00","author":{"@id":"https:\/\/www.zsk.olsztyn.pl\/przedszkole\/#\/schema\/person\/d918f2da4f27cb7ded309fa67f4d415a"},"description":"W drugim tygodniu ferii 5- i 6-latki wybra\u0142y si\u0119 w kosmiczn\u0105 podr\u00f3\u017c. Spotkali\u015bmy si\u0119 z naukowcem, panem Marcinem Hajdukiem, kt\u00f3ry opowiedzia\u0142 nam o","breadcrumb":{"@id":"https:\/\/www.zsk.olsztyn.pl\/przedszkole\/kosmiczna-podroz\/#breadcrumb"},"inLanguage":"pl-PL","potentialAction":[{"@type":"ReadAction","target":["https:\/\/www.zsk.olsztyn.pl\/przedszkole\/kosmiczna-podroz\/"]}]},{"@type":"BreadcrumbList","@id":"https:\/\/www.zsk.olsztyn.pl\/przedszkole\/kosmiczna-podroz\/#breadcrumb","itemListElement":[{"@type":"ListItem","position":1,"name":"Strona g\u0142\u00f3wna","item":"https:\/\/www.zsk.olsztyn.pl\/przedszkole\/"},{"@type":"ListItem","position":2,"name":"KOSMICZNA PODR\u00d3\u017b"}]},{"@type":"Person","@id":"https:\/\/www.zsk.olsztyn.pl\/przedszkole\/#\/schema\/person\/d918f2da4f27cb7ded309fa67f4d415a","name":"admin","image":{"@type":"ImageObject","@id":"https:\/\/www.zsk.olsztyn.pl\/przedszkole\/#personlogo","inLanguage":"pl-PL","url":"https:\/\/secure.gravatar.com\/avatar\/4677eccc26cd593f3306dd9613f7e9c7?s=96&d=mm&r=g","contentUrl":"https:\/\/secure.gravatar.com\/avatar\/4677eccc26cd593f3306dd9613f7e9c7?s=96&d=mm&r=g","caption":"admin"},"url":"https:\/\/www.zsk.olsztyn.pl\/przedszkole\/author\/admin\/"}]}},"_links":{"self":[{"href":"https:\/\/www.zsk.olsztyn.pl\/przedszkole\/wp-json\/wp\/v2\/posts\/17127"}],"collection":[{"href":"https:\/\/www.zsk.olsztyn.pl\/przedszkole\/wp-json\/wp\/v2\/posts"}],"about":[{"href":"https:\/\/www.zsk.olsztyn.pl\/przedszkole\/wp-json\/wp\/v2\/types\/post"}],"author":[{"embeddable":true,"href":"https:\/\/www.zsk.olsztyn.pl\/przedszkole\/wp-json\/wp\/v2\/users\/1"}],"replies":[{"embeddable":true,"href":"https:\/\/www.zsk.olsztyn.pl\/przedszkole\/wp-json\/wp\/v2\/comments?post=17127"}],"version-history":[{"count":1,"href":"https:\/\/www.zsk.olsztyn.pl\/przedszkole\/wp-json\/wp\/v2\/posts\/17127\/revisions"}],"predecessor-version":[{"id":17151,"href":"https:\/\/www.zsk.olsztyn.pl\/przedszkole\/wp-json\/wp\/v2\/posts\/17127\/revisions\/17151"}],"wp:featuredmedia":[{"embeddable":true,"href":"https:\/\/www.zsk.olsztyn.pl\/przedszkole\/wp-json\/wp\/v2\/media\/17150"}],"wp:attachment":[{"href":"https:\/\/www.zsk.olsztyn.pl\/przedszkole\/wp-json\/wp\/v2\/media?parent=17127"}],"wp:term":[{"taxonomy":"category","embeddable":true,"href":"https:\/\/www.zsk.olsztyn.pl\/przedszkole\/wp-json\/wp\/v2\/categories?post=17127"},{"taxonomy":"post_tag","embeddable":true,"href":"https:\/\/www.zsk.olsztyn.pl\/przedszkole\/wp-json\/wp\/v2\/tags?post=17127"}],"curies":[{"name":"wp","href":"https:\/\/api.w.org\/{rel}","templated":true}]}}