{"id":16545,"date":"2022-12-13T14:29:05","date_gmt":"2022-12-13T12:29:05","guid":{"rendered":"https:\/\/www.zsk.olsztyn.pl\/przedszkole\/?p=16545"},"modified":"2022-12-15T10:27:15","modified_gmt":"2022-12-15T08:27:15","slug":"warsztaty-kulinarne-3-latki-2","status":"publish","type":"post","link":"https:\/\/www.zsk.olsztyn.pl\/przedszkole\/warsztaty-kulinarne-3-latki-2\/","title":{"rendered":"WARSZTATY KULINARNE &#8211; \u015aWI\u0104TWCZNE PIERNICZKI- 3 LATKI"},"content":{"rendered":"<p>[vc_row][vc_column][vc_column_text]<\/p>\n<p style=\"text-align: center;\">\u015awi\u0119ta tu\u017c tu\u017c, wi\u0119c w naszym przedszkolu nadszed\u0142 czas na pieczenie i dekorowanie \u015bwi\u0105tecznych pierniczk\u00f3w. Najpierw dzieci pozna\u0142y sk\u0142adniki i spos\u00f3b wykonania ciasta, a nast\u0119pnie po dok\u0142adnym umyciu r\u0105k, ochoczo zabra\u0142y si\u0119 do pracy. Przedszkolakom towarzyszyli Babcie i Dziadkowie. By\u0142a to okazja, \u017ceby wsp\u00f3lnie sp\u0119dzi\u0107 czas w mi\u0142ej atmosferze.<br \/>\nWspania\u0142y zapach unosi\u0142 si\u0119 w ca\u0142ym przedszkolu i wprawi\u0142 wszystkich w \u015bwi\u0105teczny nastr\u00f3j.<br \/>\n<strong><em>WYDARZENIE ZOSTA\u0141O SFINANSOWANE Z PROJEKTU \u201eWok\u00f3\u0142 \u015awiat Bo\u017cego Narodzenia\u201d<\/em><\/strong><br \/>\n<strong><em>w ramach programu<\/em><\/strong><br \/>\n<strong><em>\u201eMI\u0118DZYPOKOLENIOWE CENTRA EDUKACYJNE \u2013 WSPARCIE INTEGRACJI MI\u0118DZYPOKOLENIOWEJ\u201d<\/em><\/strong><br \/>\n<strong><em>ustanowionego przez Ministra Edukacji i Nauki<\/em><\/strong><\/p>\n<p>[\/vc_column_text][na_galerie_listing ids=&#8221;16588,16589,16590,16591,16592,16593,16594,16595,16596,16597,16598,16599,16600,16601,16602,16603,16604,16605,16606,16607&#8243;][\/vc_column][\/vc_row]<\/p>\n","protected":false},"excerpt":{"rendered":"<p>[vc_row][vc_column][vc_column_text] \u015awi\u0119ta tu\u017c tu\u017c, wi\u0119c w naszym przedszkolu nadszed\u0142 czas na pieczenie i dekorowanie \u015bwi\u0105tecznych pierniczk\u00f3w. Najpierw dzieci pozna\u0142y sk\u0142adniki i spos\u00f3b wykonania ciasta, a nast\u0119pnie po dok\u0142adnym umyciu r\u0105k, ochoczo zabra\u0142y si\u0119 do pracy. Przedszkolakom towarzyszyli Babcie i Dziadkowie. By\u0142a to okazja, \u017ceby wsp\u00f3lnie sp\u0119dzi\u0107 czas w mi\u0142ej atmosferze. Wspania\u0142y zapach unosi\u0142 si\u0119 w<\/p>\n","protected":false},"author":1,"featured_media":16586,"comment_status":"closed","ping_status":"open","sticky":false,"template":"","format":"standard","meta":[],"categories":[181,4,237],"tags":[],"yoast_head":"<!-- This site is optimized with the Yoast SEO plugin v18.2 - https:\/\/yoast.com\/wordpress\/plugins\/seo\/ -->\n<title>WARSZTATY KULINARNE - \u015aWI\u0104TWCZNE PIERNICZKI- 3 LATKI - Katolicki Zesp\u00f3\u0142 Edukacyjny - Niepubliczne przedszkole<\/title>\n<meta name=\"description\" content=\"\u015awi\u0119ta tu\u017c tu\u017c, wi\u0119c w naszym przedszkolu nadszed\u0142 czas na pieczenie i dekorowanie \u015bwi\u0105tecznych pierniczk\u00f3w. Najpierw dzieci pozna\u0142y sk\u0142adniki i spos\u00f3b\" \/>\n<meta name=\"robots\" content=\"index, follow, max-snippet:-1, max-image-preview:large, max-video-preview:-1\" \/>\n<link rel=\"canonical\" href=\"https:\/\/www.zsk.olsztyn.pl\/przedszkole\/warsztaty-kulinarne-3-latki-2\/\" \/>\n<meta name=\"twitter:label1\" content=\"Napisane przez\" \/>\n\t<meta name=\"twitter:data1\" content=\"admin\" \/>\n\t<meta name=\"twitter:label2\" content=\"Szacowany czas czytania\" \/>\n\t<meta name=\"twitter:data2\" content=\"1 minuta\" \/>\n<script type=\"application\/ld+json\" class=\"yoast-schema-graph\">{\"@context\":\"https:\/\/schema.org\",\"@graph\":[{\"@type\":\"WebSite\",\"@id\":\"https:\/\/www.zsk.olsztyn.pl\/przedszkole\/#website\",\"url\":\"https:\/\/www.zsk.olsztyn.pl\/przedszkole\/\",\"name\":\"Katolicki Zesp\u00f3\u0142 Edukacyjny - Niepubliczne przedszkole\",\"description\":\"Zapraszamy na stron\u0119 katolickiego niepublicznego przedszkola\",\"potentialAction\":[{\"@type\":\"SearchAction\",\"target\":{\"@type\":\"EntryPoint\",\"urlTemplate\":\"https:\/\/www.zsk.olsztyn.pl\/przedszkole\/?s={search_term_string}\"},\"query-input\":\"required name=search_term_string\"}],\"inLanguage\":\"pl-PL\"},{\"@type\":\"ImageObject\",\"@id\":\"https:\/\/www.zsk.olsztyn.pl\/przedszkole\/warsztaty-kulinarne-3-latki-2\/#primaryimage\",\"inLanguage\":\"pl-PL\",\"url\":\"https:\/\/www.zsk.olsztyn.pl\/przedszkole\/wp-content\/uploads\/2022\/12\/pobrane-1.jpg\",\"contentUrl\":\"https:\/\/www.zsk.olsztyn.pl\/przedszkole\/wp-content\/uploads\/2022\/12\/pobrane-1.jpg\",\"width\":259,\"height\":194},{\"@type\":\"WebPage\",\"@id\":\"https:\/\/www.zsk.olsztyn.pl\/przedszkole\/warsztaty-kulinarne-3-latki-2\/#webpage\",\"url\":\"https:\/\/www.zsk.olsztyn.pl\/przedszkole\/warsztaty-kulinarne-3-latki-2\/\",\"name\":\"WARSZTATY KULINARNE - \u015aWI\u0104TWCZNE PIERNICZKI- 3 LATKI - Katolicki Zesp\u00f3\u0142 Edukacyjny - Niepubliczne przedszkole\",\"isPartOf\":{\"@id\":\"https:\/\/www.zsk.olsztyn.pl\/przedszkole\/#website\"},\"primaryImageOfPage\":{\"@id\":\"https:\/\/www.zsk.olsztyn.pl\/przedszkole\/warsztaty-kulinarne-3-latki-2\/#primaryimage\"},\"datePublished\":\"2022-12-13T12:29:05+00:00\",\"dateModified\":\"2022-12-15T08:27:15+00:00\",\"author\":{\"@id\":\"https:\/\/www.zsk.olsztyn.pl\/przedszkole\/#\/schema\/person\/d918f2da4f27cb7ded309fa67f4d415a\"},\"description\":\"\u015awi\u0119ta tu\u017c tu\u017c, wi\u0119c w naszym przedszkolu nadszed\u0142 czas na pieczenie i dekorowanie \u015bwi\u0105tecznych pierniczk\u00f3w. Najpierw dzieci pozna\u0142y sk\u0142adniki i spos\u00f3b\",\"breadcrumb\":{\"@id\":\"https:\/\/www.zsk.olsztyn.pl\/przedszkole\/warsztaty-kulinarne-3-latki-2\/#breadcrumb\"},\"inLanguage\":\"pl-PL\",\"potentialAction\":[{\"@type\":\"ReadAction\",\"target\":[\"https:\/\/www.zsk.olsztyn.pl\/przedszkole\/warsztaty-kulinarne-3-latki-2\/\"]}]},{\"@type\":\"BreadcrumbList\",\"@id\":\"https:\/\/www.zsk.olsztyn.pl\/przedszkole\/warsztaty-kulinarne-3-latki-2\/#breadcrumb\",\"itemListElement\":[{\"@type\":\"ListItem\",\"position\":1,\"name\":\"Strona g\u0142\u00f3wna\",\"item\":\"https:\/\/www.zsk.olsztyn.pl\/przedszkole\/\"},{\"@type\":\"ListItem\",\"position\":2,\"name\":\"WARSZTATY KULINARNE &#8211; \u015aWI\u0104TWCZNE PIERNICZKI- 3 LATKI\"}]},{\"@type\":\"Person\",\"@id\":\"https:\/\/www.zsk.olsztyn.pl\/przedszkole\/#\/schema\/person\/d918f2da4f27cb7ded309fa67f4d415a\",\"name\":\"admin\",\"image\":{\"@type\":\"ImageObject\",\"@id\":\"https:\/\/www.zsk.olsztyn.pl\/przedszkole\/#personlogo\",\"inLanguage\":\"pl-PL\",\"url\":\"https:\/\/secure.gravatar.com\/avatar\/4677eccc26cd593f3306dd9613f7e9c7?s=96&d=mm&r=g\",\"contentUrl\":\"https:\/\/secure.gravatar.com\/avatar\/4677eccc26cd593f3306dd9613f7e9c7?s=96&d=mm&r=g\",\"caption\":\"admin\"},\"url\":\"https:\/\/www.zsk.olsztyn.pl\/przedszkole\/author\/admin\/\"}]}<\/script>\n<!-- \/ Yoast SEO plugin. -->","yoast_head_json":{"title":"WARSZTATY KULINARNE - \u015aWI\u0104TWCZNE PIERNICZKI- 3 LATKI - Katolicki Zesp\u00f3\u0142 Edukacyjny - Niepubliczne przedszkole","description":"\u015awi\u0119ta tu\u017c tu\u017c, wi\u0119c w naszym przedszkolu nadszed\u0142 czas na pieczenie i dekorowanie \u015bwi\u0105tecznych pierniczk\u00f3w. Najpierw dzieci pozna\u0142y sk\u0142adniki i spos\u00f3b","robots":{"index":"index","follow":"follow","max-snippet":"max-snippet:-1","max-image-preview":"max-image-preview:large","max-video-preview":"max-video-preview:-1"},"canonical":"https:\/\/www.zsk.olsztyn.pl\/przedszkole\/warsztaty-kulinarne-3-latki-2\/","twitter_misc":{"Napisane przez":"admin","Szacowany czas czytania":"1 minuta"},"schema":{"@context":"https:\/\/schema.org","@graph":[{"@type":"WebSite","@id":"https:\/\/www.zsk.olsztyn.pl\/przedszkole\/#website","url":"https:\/\/www.zsk.olsztyn.pl\/przedszkole\/","name":"Katolicki Zesp\u00f3\u0142 Edukacyjny - Niepubliczne przedszkole","description":"Zapraszamy na stron\u0119 katolickiego niepublicznego przedszkola","potentialAction":[{"@type":"SearchAction","target":{"@type":"EntryPoint","urlTemplate":"https:\/\/www.zsk.olsztyn.pl\/przedszkole\/?s={search_term_string}"},"query-input":"required name=search_term_string"}],"inLanguage":"pl-PL"},{"@type":"ImageObject","@id":"https:\/\/www.zsk.olsztyn.pl\/przedszkole\/warsztaty-kulinarne-3-latki-2\/#primaryimage","inLanguage":"pl-PL","url":"https:\/\/www.zsk.olsztyn.pl\/przedszkole\/wp-content\/uploads\/2022\/12\/pobrane-1.jpg","contentUrl":"https:\/\/www.zsk.olsztyn.pl\/przedszkole\/wp-content\/uploads\/2022\/12\/pobrane-1.jpg","width":259,"height":194},{"@type":"WebPage","@id":"https:\/\/www.zsk.olsztyn.pl\/przedszkole\/warsztaty-kulinarne-3-latki-2\/#webpage","url":"https:\/\/www.zsk.olsztyn.pl\/przedszkole\/warsztaty-kulinarne-3-latki-2\/","name":"WARSZTATY KULINARNE - \u015aWI\u0104TWCZNE PIERNICZKI- 3 LATKI - Katolicki Zesp\u00f3\u0142 Edukacyjny - Niepubliczne przedszkole","isPartOf":{"@id":"https:\/\/www.zsk.olsztyn.pl\/przedszkole\/#website"},"primaryImageOfPage":{"@id":"https:\/\/www.zsk.olsztyn.pl\/przedszkole\/warsztaty-kulinarne-3-latki-2\/#primaryimage"},"datePublished":"2022-12-13T12:29:05+00:00","dateModified":"2022-12-15T08:27:15+00:00","author":{"@id":"https:\/\/www.zsk.olsztyn.pl\/przedszkole\/#\/schema\/person\/d918f2da4f27cb7ded309fa67f4d415a"},"description":"\u015awi\u0119ta tu\u017c tu\u017c, wi\u0119c w naszym przedszkolu nadszed\u0142 czas na pieczenie i dekorowanie \u015bwi\u0105tecznych pierniczk\u00f3w. Najpierw dzieci pozna\u0142y sk\u0142adniki i spos\u00f3b","breadcrumb":{"@id":"https:\/\/www.zsk.olsztyn.pl\/przedszkole\/warsztaty-kulinarne-3-latki-2\/#breadcrumb"},"inLanguage":"pl-PL","potentialAction":[{"@type":"ReadAction","target":["https:\/\/www.zsk.olsztyn.pl\/przedszkole\/warsztaty-kulinarne-3-latki-2\/"]}]},{"@type":"BreadcrumbList","@id":"https:\/\/www.zsk.olsztyn.pl\/przedszkole\/warsztaty-kulinarne-3-latki-2\/#breadcrumb","itemListElement":[{"@type":"ListItem","position":1,"name":"Strona g\u0142\u00f3wna","item":"https:\/\/www.zsk.olsztyn.pl\/przedszkole\/"},{"@type":"ListItem","position":2,"name":"WARSZTATY KULINARNE &#8211; \u015aWI\u0104TWCZNE PIERNICZKI- 3 LATKI"}]},{"@type":"Person","@id":"https:\/\/www.zsk.olsztyn.pl\/przedszkole\/#\/schema\/person\/d918f2da4f27cb7ded309fa67f4d415a","name":"admin","image":{"@type":"ImageObject","@id":"https:\/\/www.zsk.olsztyn.pl\/przedszkole\/#personlogo","inLanguage":"pl-PL","url":"https:\/\/secure.gravatar.com\/avatar\/4677eccc26cd593f3306dd9613f7e9c7?s=96&d=mm&r=g","contentUrl":"https:\/\/secure.gravatar.com\/avatar\/4677eccc26cd593f3306dd9613f7e9c7?s=96&d=mm&r=g","caption":"admin"},"url":"https:\/\/www.zsk.olsztyn.pl\/przedszkole\/author\/admin\/"}]}},"_links":{"self":[{"href":"https:\/\/www.zsk.olsztyn.pl\/przedszkole\/wp-json\/wp\/v2\/posts\/16545"}],"collection":[{"href":"https:\/\/www.zsk.olsztyn.pl\/przedszkole\/wp-json\/wp\/v2\/posts"}],"about":[{"href":"https:\/\/www.zsk.olsztyn.pl\/przedszkole\/wp-json\/wp\/v2\/types\/post"}],"author":[{"embeddable":true,"href":"https:\/\/www.zsk.olsztyn.pl\/przedszkole\/wp-json\/wp\/v2\/users\/1"}],"replies":[{"embeddable":true,"href":"https:\/\/www.zsk.olsztyn.pl\/przedszkole\/wp-json\/wp\/v2\/comments?post=16545"}],"version-history":[{"count":6,"href":"https:\/\/www.zsk.olsztyn.pl\/przedszkole\/wp-json\/wp\/v2\/posts\/16545\/revisions"}],"predecessor-version":[{"id":16657,"href":"https:\/\/www.zsk.olsztyn.pl\/przedszkole\/wp-json\/wp\/v2\/posts\/16545\/revisions\/16657"}],"wp:featuredmedia":[{"embeddable":true,"href":"https:\/\/www.zsk.olsztyn.pl\/przedszkole\/wp-json\/wp\/v2\/media\/16586"}],"wp:attachment":[{"href":"https:\/\/www.zsk.olsztyn.pl\/przedszkole\/wp-json\/wp\/v2\/media?parent=16545"}],"wp:term":[{"taxonomy":"category","embeddable":true,"href":"https:\/\/www.zsk.olsztyn.pl\/przedszkole\/wp-json\/wp\/v2\/categories?post=16545"},{"taxonomy":"post_tag","embeddable":true,"href":"https:\/\/www.zsk.olsztyn.pl\/przedszkole\/wp-json\/wp\/v2\/tags?post=16545"}],"curies":[{"name":"wp","href":"https:\/\/api.w.org\/{rel}","templated":true}]}}