{"id":16487,"date":"2022-11-15T09:05:48","date_gmt":"2022-11-15T07:05:48","guid":{"rendered":"https:\/\/www.zsk.olsztyn.pl\/przedszkole\/?p=16487"},"modified":"2022-11-15T09:05:48","modified_gmt":"2022-11-15T07:05:48","slug":"jestem-polka-i-polakiem","status":"publish","type":"post","link":"https:\/\/www.zsk.olsztyn.pl\/przedszkole\/jestem-polka-i-polakiem\/","title":{"rendered":"JESTEM POLK\u0104 I POLAKIEM"},"content":{"rendered":"<p>[vc_row][vc_column][vc_column_text]10 listopada bie\u017c\u0105cego roku w naszym przedszkolu odby\u0142a si\u0119 uroczysto\u015b\u0107 upami\u0119tniaj\u0105ca 104 rocznic\u0119 Odzyskania Niepodleg\u0142o\u015bci przez Polsk\u0119. Z tej okazji dzieci z wszystkich grup oraz pracownicy przedszkola zebrali si\u0119, aby uroczy\u015bcie \u015bwi\u0119towa\u0107 ten wyj\u0105tkowy dla Polak\u00f3w czas. Punktualnie o godzinie 11.11 w\u0142\u0105czyli\u015bmy si\u0119 do akcji MEN &#8220;Szko\u0142a do hymnu&#8221; \u015bpiewaj\u0105c hymn pa\u0144stwowy &#8220;Mazurek D\u0105browskiego&#8221;. Nast\u0119pnie obejrzeli\u015bmy program artystyczny w wykonaniu grupy 6-latk\u00f3w nawi\u0105zuj\u0105cy do wydarze\u0144 historycznych z 1918 roku. Od\u015bwi\u0119tne stroje (kotyliony, bia\u0142o- czerwone wianuszki, wojskowe mundury) oraz pi\u0119kna kolorystyka sprawi\u0142a, ze w tym dniu towarzyszy\u0142a nam niesamowita atmosfera. A dla naszych rodzic\u00f3w nagrali\u015bmy kr\u00f3tki filmik do piosenki &#8220;Jeste\u015bmy Polk\u0105 i Polakiem&#8221; &#8211; Niezwyk\u0142e Lekcje Rytmiki.<br \/>\n[\/vc_column_text][na_galerie_listing ids=&#8221;16488,16489,16490,16491,16492,16493,16494,16495,16496&#8243;][\/vc_column][\/vc_row]<\/p>\n","protected":false},"excerpt":{"rendered":"<p>[vc_row][vc_column][vc_column_text]10 listopada bie\u017c\u0105cego roku w naszym przedszkolu odby\u0142a si\u0119 uroczysto\u015b\u0107 upami\u0119tniaj\u0105ca 104 rocznic\u0119 Odzyskania Niepodleg\u0142o\u015bci przez Polsk\u0119. Z tej okazji dzieci z wszystkich grup oraz pracownicy przedszkola zebrali si\u0119, aby uroczy\u015bcie \u015bwi\u0119towa\u0107 ten wyj\u0105tkowy dla Polak\u00f3w czas. Punktualnie o godzinie 11.11 w\u0142\u0105czyli\u015bmy si\u0119 do akcji MEN &#8220;Szko\u0142a do hymnu&#8221; \u015bpiewaj\u0105c hymn pa\u0144stwowy &#8220;Mazurek D\u0105browskiego&#8221;. Nast\u0119pnie<\/p>\n","protected":false},"author":1,"featured_media":16497,"comment_status":"closed","ping_status":"open","sticky":false,"template":"","format":"standard","meta":[],"categories":[223],"tags":[],"yoast_head":"<!-- This site is optimized with the Yoast SEO plugin v18.2 - https:\/\/yoast.com\/wordpress\/plugins\/seo\/ -->\n<title>JESTEM POLK\u0104 I POLAKIEM - Katolicki Zesp\u00f3\u0142 Edukacyjny - Niepubliczne przedszkole<\/title>\n<meta name=\"description\" content=\"10 listopada bie\u017c\u0105cego roku w naszym przedszkolu odby\u0142a si\u0119 uroczysto\u015b\u0107 upami\u0119tniaj\u0105ca 104 rocznic\u0119 Odzyskania Niepodleg\u0142o\u015bci przez Polsk\u0119. Z tej okazji\" \/>\n<meta name=\"robots\" content=\"index, follow, max-snippet:-1, max-image-preview:large, max-video-preview:-1\" \/>\n<link rel=\"canonical\" href=\"https:\/\/www.zsk.olsztyn.pl\/przedszkole\/jestem-polka-i-polakiem\/\" \/>\n<meta name=\"twitter:label1\" content=\"Napisane przez\" \/>\n\t<meta name=\"twitter:data1\" content=\"admin\" \/>\n\t<meta name=\"twitter:label2\" content=\"Szacowany czas czytania\" \/>\n\t<meta name=\"twitter:data2\" content=\"1 minuta\" \/>\n<script type=\"application\/ld+json\" class=\"yoast-schema-graph\">{\"@context\":\"https:\/\/schema.org\",\"@graph\":[{\"@type\":\"WebSite\",\"@id\":\"https:\/\/www.zsk.olsztyn.pl\/przedszkole\/#website\",\"url\":\"https:\/\/www.zsk.olsztyn.pl\/przedszkole\/\",\"name\":\"Katolicki Zesp\u00f3\u0142 Edukacyjny - Niepubliczne przedszkole\",\"description\":\"Zapraszamy na stron\u0119 katolickiego niepublicznego przedszkola\",\"potentialAction\":[{\"@type\":\"SearchAction\",\"target\":{\"@type\":\"EntryPoint\",\"urlTemplate\":\"https:\/\/www.zsk.olsztyn.pl\/przedszkole\/?s={search_term_string}\"},\"query-input\":\"required name=search_term_string\"}],\"inLanguage\":\"pl-PL\"},{\"@type\":\"ImageObject\",\"@id\":\"https:\/\/www.zsk.olsztyn.pl\/przedszkole\/jestem-polka-i-polakiem\/#primaryimage\",\"inLanguage\":\"pl-PL\",\"url\":\"https:\/\/www.zsk.olsztyn.pl\/przedszkole\/wp-content\/uploads\/2022\/11\/4925-2928.jpg\",\"contentUrl\":\"https:\/\/www.zsk.olsztyn.pl\/przedszkole\/wp-content\/uploads\/2022\/11\/4925-2928.jpg\",\"width\":1000,\"height\":604},{\"@type\":\"WebPage\",\"@id\":\"https:\/\/www.zsk.olsztyn.pl\/przedszkole\/jestem-polka-i-polakiem\/#webpage\",\"url\":\"https:\/\/www.zsk.olsztyn.pl\/przedszkole\/jestem-polka-i-polakiem\/\",\"name\":\"JESTEM POLK\u0104 I POLAKIEM - Katolicki Zesp\u00f3\u0142 Edukacyjny - Niepubliczne przedszkole\",\"isPartOf\":{\"@id\":\"https:\/\/www.zsk.olsztyn.pl\/przedszkole\/#website\"},\"primaryImageOfPage\":{\"@id\":\"https:\/\/www.zsk.olsztyn.pl\/przedszkole\/jestem-polka-i-polakiem\/#primaryimage\"},\"datePublished\":\"2022-11-15T07:05:48+00:00\",\"dateModified\":\"2022-11-15T07:05:48+00:00\",\"author\":{\"@id\":\"https:\/\/www.zsk.olsztyn.pl\/przedszkole\/#\/schema\/person\/d918f2da4f27cb7ded309fa67f4d415a\"},\"description\":\"10 listopada bie\u017c\u0105cego roku w naszym przedszkolu odby\u0142a si\u0119 uroczysto\u015b\u0107 upami\u0119tniaj\u0105ca 104 rocznic\u0119 Odzyskania Niepodleg\u0142o\u015bci przez Polsk\u0119. Z tej okazji\",\"breadcrumb\":{\"@id\":\"https:\/\/www.zsk.olsztyn.pl\/przedszkole\/jestem-polka-i-polakiem\/#breadcrumb\"},\"inLanguage\":\"pl-PL\",\"potentialAction\":[{\"@type\":\"ReadAction\",\"target\":[\"https:\/\/www.zsk.olsztyn.pl\/przedszkole\/jestem-polka-i-polakiem\/\"]}]},{\"@type\":\"BreadcrumbList\",\"@id\":\"https:\/\/www.zsk.olsztyn.pl\/przedszkole\/jestem-polka-i-polakiem\/#breadcrumb\",\"itemListElement\":[{\"@type\":\"ListItem\",\"position\":1,\"name\":\"Strona g\u0142\u00f3wna\",\"item\":\"https:\/\/www.zsk.olsztyn.pl\/przedszkole\/\"},{\"@type\":\"ListItem\",\"position\":2,\"name\":\"JESTEM POLK\u0104 I POLAKIEM\"}]},{\"@type\":\"Person\",\"@id\":\"https:\/\/www.zsk.olsztyn.pl\/przedszkole\/#\/schema\/person\/d918f2da4f27cb7ded309fa67f4d415a\",\"name\":\"admin\",\"image\":{\"@type\":\"ImageObject\",\"@id\":\"https:\/\/www.zsk.olsztyn.pl\/przedszkole\/#personlogo\",\"inLanguage\":\"pl-PL\",\"url\":\"https:\/\/secure.gravatar.com\/avatar\/4677eccc26cd593f3306dd9613f7e9c7?s=96&d=mm&r=g\",\"contentUrl\":\"https:\/\/secure.gravatar.com\/avatar\/4677eccc26cd593f3306dd9613f7e9c7?s=96&d=mm&r=g\",\"caption\":\"admin\"},\"url\":\"https:\/\/www.zsk.olsztyn.pl\/przedszkole\/author\/admin\/\"}]}<\/script>\n<!-- \/ Yoast SEO plugin. -->","yoast_head_json":{"title":"JESTEM POLK\u0104 I POLAKIEM - Katolicki Zesp\u00f3\u0142 Edukacyjny - Niepubliczne przedszkole","description":"10 listopada bie\u017c\u0105cego roku w naszym przedszkolu odby\u0142a si\u0119 uroczysto\u015b\u0107 upami\u0119tniaj\u0105ca 104 rocznic\u0119 Odzyskania Niepodleg\u0142o\u015bci przez Polsk\u0119. Z tej okazji","robots":{"index":"index","follow":"follow","max-snippet":"max-snippet:-1","max-image-preview":"max-image-preview:large","max-video-preview":"max-video-preview:-1"},"canonical":"https:\/\/www.zsk.olsztyn.pl\/przedszkole\/jestem-polka-i-polakiem\/","twitter_misc":{"Napisane przez":"admin","Szacowany czas czytania":"1 minuta"},"schema":{"@context":"https:\/\/schema.org","@graph":[{"@type":"WebSite","@id":"https:\/\/www.zsk.olsztyn.pl\/przedszkole\/#website","url":"https:\/\/www.zsk.olsztyn.pl\/przedszkole\/","name":"Katolicki Zesp\u00f3\u0142 Edukacyjny - Niepubliczne przedszkole","description":"Zapraszamy na stron\u0119 katolickiego niepublicznego przedszkola","potentialAction":[{"@type":"SearchAction","target":{"@type":"EntryPoint","urlTemplate":"https:\/\/www.zsk.olsztyn.pl\/przedszkole\/?s={search_term_string}"},"query-input":"required name=search_term_string"}],"inLanguage":"pl-PL"},{"@type":"ImageObject","@id":"https:\/\/www.zsk.olsztyn.pl\/przedszkole\/jestem-polka-i-polakiem\/#primaryimage","inLanguage":"pl-PL","url":"https:\/\/www.zsk.olsztyn.pl\/przedszkole\/wp-content\/uploads\/2022\/11\/4925-2928.jpg","contentUrl":"https:\/\/www.zsk.olsztyn.pl\/przedszkole\/wp-content\/uploads\/2022\/11\/4925-2928.jpg","width":1000,"height":604},{"@type":"WebPage","@id":"https:\/\/www.zsk.olsztyn.pl\/przedszkole\/jestem-polka-i-polakiem\/#webpage","url":"https:\/\/www.zsk.olsztyn.pl\/przedszkole\/jestem-polka-i-polakiem\/","name":"JESTEM POLK\u0104 I POLAKIEM - Katolicki Zesp\u00f3\u0142 Edukacyjny - Niepubliczne przedszkole","isPartOf":{"@id":"https:\/\/www.zsk.olsztyn.pl\/przedszkole\/#website"},"primaryImageOfPage":{"@id":"https:\/\/www.zsk.olsztyn.pl\/przedszkole\/jestem-polka-i-polakiem\/#primaryimage"},"datePublished":"2022-11-15T07:05:48+00:00","dateModified":"2022-11-15T07:05:48+00:00","author":{"@id":"https:\/\/www.zsk.olsztyn.pl\/przedszkole\/#\/schema\/person\/d918f2da4f27cb7ded309fa67f4d415a"},"description":"10 listopada bie\u017c\u0105cego roku w naszym przedszkolu odby\u0142a si\u0119 uroczysto\u015b\u0107 upami\u0119tniaj\u0105ca 104 rocznic\u0119 Odzyskania Niepodleg\u0142o\u015bci przez Polsk\u0119. Z tej okazji","breadcrumb":{"@id":"https:\/\/www.zsk.olsztyn.pl\/przedszkole\/jestem-polka-i-polakiem\/#breadcrumb"},"inLanguage":"pl-PL","potentialAction":[{"@type":"ReadAction","target":["https:\/\/www.zsk.olsztyn.pl\/przedszkole\/jestem-polka-i-polakiem\/"]}]},{"@type":"BreadcrumbList","@id":"https:\/\/www.zsk.olsztyn.pl\/przedszkole\/jestem-polka-i-polakiem\/#breadcrumb","itemListElement":[{"@type":"ListItem","position":1,"name":"Strona g\u0142\u00f3wna","item":"https:\/\/www.zsk.olsztyn.pl\/przedszkole\/"},{"@type":"ListItem","position":2,"name":"JESTEM POLK\u0104 I POLAKIEM"}]},{"@type":"Person","@id":"https:\/\/www.zsk.olsztyn.pl\/przedszkole\/#\/schema\/person\/d918f2da4f27cb7ded309fa67f4d415a","name":"admin","image":{"@type":"ImageObject","@id":"https:\/\/www.zsk.olsztyn.pl\/przedszkole\/#personlogo","inLanguage":"pl-PL","url":"https:\/\/secure.gravatar.com\/avatar\/4677eccc26cd593f3306dd9613f7e9c7?s=96&d=mm&r=g","contentUrl":"https:\/\/secure.gravatar.com\/avatar\/4677eccc26cd593f3306dd9613f7e9c7?s=96&d=mm&r=g","caption":"admin"},"url":"https:\/\/www.zsk.olsztyn.pl\/przedszkole\/author\/admin\/"}]}},"_links":{"self":[{"href":"https:\/\/www.zsk.olsztyn.pl\/przedszkole\/wp-json\/wp\/v2\/posts\/16487"}],"collection":[{"href":"https:\/\/www.zsk.olsztyn.pl\/przedszkole\/wp-json\/wp\/v2\/posts"}],"about":[{"href":"https:\/\/www.zsk.olsztyn.pl\/przedszkole\/wp-json\/wp\/v2\/types\/post"}],"author":[{"embeddable":true,"href":"https:\/\/www.zsk.olsztyn.pl\/przedszkole\/wp-json\/wp\/v2\/users\/1"}],"replies":[{"embeddable":true,"href":"https:\/\/www.zsk.olsztyn.pl\/przedszkole\/wp-json\/wp\/v2\/comments?post=16487"}],"version-history":[{"count":1,"href":"https:\/\/www.zsk.olsztyn.pl\/przedszkole\/wp-json\/wp\/v2\/posts\/16487\/revisions"}],"predecessor-version":[{"id":16498,"href":"https:\/\/www.zsk.olsztyn.pl\/przedszkole\/wp-json\/wp\/v2\/posts\/16487\/revisions\/16498"}],"wp:featuredmedia":[{"embeddable":true,"href":"https:\/\/www.zsk.olsztyn.pl\/przedszkole\/wp-json\/wp\/v2\/media\/16497"}],"wp:attachment":[{"href":"https:\/\/www.zsk.olsztyn.pl\/przedszkole\/wp-json\/wp\/v2\/media?parent=16487"}],"wp:term":[{"taxonomy":"category","embeddable":true,"href":"https:\/\/www.zsk.olsztyn.pl\/przedszkole\/wp-json\/wp\/v2\/categories?post=16487"},{"taxonomy":"post_tag","embeddable":true,"href":"https:\/\/www.zsk.olsztyn.pl\/przedszkole\/wp-json\/wp\/v2\/tags?post=16487"}],"curies":[{"name":"wp","href":"https:\/\/api.w.org\/{rel}","templated":true}]}}