{"id":16472,"date":"2022-11-10T08:27:13","date_gmt":"2022-11-10T06:27:13","guid":{"rendered":"https:\/\/www.zsk.olsztyn.pl\/przedszkole\/?p=16472"},"modified":"2022-11-10T08:27:45","modified_gmt":"2022-11-10T06:27:45","slug":"oasowanie-na-przedszkolaka","status":"publish","type":"post","link":"https:\/\/www.zsk.olsztyn.pl\/przedszkole\/oasowanie-na-przedszkolaka\/","title":{"rendered":"PASOWANIE NA PRZEDSZKOLAKA"},"content":{"rendered":"<p>[vc_row][vc_column][vc_column_text]W naszym przedszkolu odby\u0142o si\u0119 \u201ePasowanie na Przedszkolaka\u201d. By\u0142 to szczeg\u00f3lny dzie\u0144 dla dzieci z grupy 3- latkow, kt\u00f3re we wrze\u015bniu po raz pierwszy przekroczy\u0142y pr\u00f3g przedszkola. Mieli\u015bmy okazj\u0119 zobaczy\u0107 i us\u0142ysze\u0107 przygotowane przez przedszkolak\u00f3w wierszyki i piosenki, kt\u00f3re stanowi\u0142y cz\u0119\u015b\u0107 artystyczn\u0105 wydarzenia. Zaprezentowane przez dzieci umiej\u0119tno\u015bci da\u0142y dow\u00f3d na to, jak du\u017co ju\u017c potrafi\u0105. Nasi mali arty\u015bci zas\u0142u\u017cyli na gromkie brawa i szczere gratulacje! By\u0142 to weso\u0142y i pe\u0142en wra\u017ce\u0144 dzie\u0144. Wszystkim dzieciom \u017cyczymy wielu sukces\u00f3w, nowych przyja\u017ani i du\u017co u\u015bmiechu na co dzie\u0144![\/vc_column_text][na_galerie_listing ids=&#8221;16473&#8243;][\/vc_column][\/vc_row]<\/p>\n","protected":false},"excerpt":{"rendered":"<p>[vc_row][vc_column][vc_column_text]W naszym przedszkolu odby\u0142o si\u0119 \u201ePasowanie na Przedszkolaka\u201d. By\u0142 to szczeg\u00f3lny dzie\u0144 dla dzieci z grupy 3- latkow, kt\u00f3re we wrze\u015bniu po raz pierwszy przekroczy\u0142y pr\u00f3g przedszkola. Mieli\u015bmy okazj\u0119 zobaczy\u0107 i us\u0142ysze\u0107 przygotowane przez przedszkolak\u00f3w wierszyki i piosenki, kt\u00f3re stanowi\u0142y cz\u0119\u015b\u0107 artystyczn\u0105 wydarzenia. Zaprezentowane przez dzieci umiej\u0119tno\u015bci da\u0142y dow\u00f3d na to, jak du\u017co ju\u017c potrafi\u0105.<\/p>\n","protected":false},"author":1,"featured_media":16474,"comment_status":"closed","ping_status":"open","sticky":false,"template":"","format":"standard","meta":[],"categories":[221],"tags":[],"yoast_head":"<!-- This site is optimized with the Yoast SEO plugin v18.2 - https:\/\/yoast.com\/wordpress\/plugins\/seo\/ -->\n<title>PASOWANIE NA PRZEDSZKOLAKA - Katolicki Zesp\u00f3\u0142 Edukacyjny - Niepubliczne przedszkole<\/title>\n<meta name=\"description\" content=\"W naszym przedszkolu odby\u0142o si\u0119 \u201ePasowanie na Przedszkolaka\u201d. By\u0142 to szczeg\u00f3lny dzie\u0144 dla dzieci z grupy 3- latkow, kt\u00f3re we wrze\u015bniu po raz pierwszy\" \/>\n<meta name=\"robots\" content=\"index, follow, max-snippet:-1, max-image-preview:large, max-video-preview:-1\" \/>\n<link rel=\"canonical\" href=\"https:\/\/www.zsk.olsztyn.pl\/przedszkole\/oasowanie-na-przedszkolaka\/\" \/>\n<meta name=\"twitter:label1\" content=\"Napisane przez\" \/>\n\t<meta name=\"twitter:data1\" content=\"admin\" \/>\n\t<meta name=\"twitter:label2\" content=\"Szacowany czas czytania\" \/>\n\t<meta name=\"twitter:data2\" content=\"1 minuta\" \/>\n<script type=\"application\/ld+json\" class=\"yoast-schema-graph\">{\"@context\":\"https:\/\/schema.org\",\"@graph\":[{\"@type\":\"WebSite\",\"@id\":\"https:\/\/www.zsk.olsztyn.pl\/przedszkole\/#website\",\"url\":\"https:\/\/www.zsk.olsztyn.pl\/przedszkole\/\",\"name\":\"Katolicki Zesp\u00f3\u0142 Edukacyjny - Niepubliczne przedszkole\",\"description\":\"Zapraszamy na stron\u0119 katolickiego niepublicznego przedszkola\",\"potentialAction\":[{\"@type\":\"SearchAction\",\"target\":{\"@type\":\"EntryPoint\",\"urlTemplate\":\"https:\/\/www.zsk.olsztyn.pl\/przedszkole\/?s={search_term_string}\"},\"query-input\":\"required name=search_term_string\"}],\"inLanguage\":\"pl-PL\"},{\"@type\":\"ImageObject\",\"@id\":\"https:\/\/www.zsk.olsztyn.pl\/przedszkole\/oasowanie-na-przedszkolaka\/#primaryimage\",\"inLanguage\":\"pl-PL\",\"url\":\"https:\/\/www.zsk.olsztyn.pl\/przedszkole\/wp-content\/uploads\/2022\/11\/napis-pasowanie.jpg\",\"contentUrl\":\"https:\/\/www.zsk.olsztyn.pl\/przedszkole\/wp-content\/uploads\/2022\/11\/napis-pasowanie.jpg\",\"width\":400,\"height\":300},{\"@type\":\"WebPage\",\"@id\":\"https:\/\/www.zsk.olsztyn.pl\/przedszkole\/oasowanie-na-przedszkolaka\/#webpage\",\"url\":\"https:\/\/www.zsk.olsztyn.pl\/przedszkole\/oasowanie-na-przedszkolaka\/\",\"name\":\"PASOWANIE NA PRZEDSZKOLAKA - Katolicki Zesp\u00f3\u0142 Edukacyjny - Niepubliczne przedszkole\",\"isPartOf\":{\"@id\":\"https:\/\/www.zsk.olsztyn.pl\/przedszkole\/#website\"},\"primaryImageOfPage\":{\"@id\":\"https:\/\/www.zsk.olsztyn.pl\/przedszkole\/oasowanie-na-przedszkolaka\/#primaryimage\"},\"datePublished\":\"2022-11-10T06:27:13+00:00\",\"dateModified\":\"2022-11-10T06:27:45+00:00\",\"author\":{\"@id\":\"https:\/\/www.zsk.olsztyn.pl\/przedszkole\/#\/schema\/person\/d918f2da4f27cb7ded309fa67f4d415a\"},\"description\":\"W naszym przedszkolu odby\u0142o si\u0119 \u201ePasowanie na Przedszkolaka\u201d. By\u0142 to szczeg\u00f3lny dzie\u0144 dla dzieci z grupy 3- latkow, kt\u00f3re we wrze\u015bniu po raz pierwszy\",\"breadcrumb\":{\"@id\":\"https:\/\/www.zsk.olsztyn.pl\/przedszkole\/oasowanie-na-przedszkolaka\/#breadcrumb\"},\"inLanguage\":\"pl-PL\",\"potentialAction\":[{\"@type\":\"ReadAction\",\"target\":[\"https:\/\/www.zsk.olsztyn.pl\/przedszkole\/oasowanie-na-przedszkolaka\/\"]}]},{\"@type\":\"BreadcrumbList\",\"@id\":\"https:\/\/www.zsk.olsztyn.pl\/przedszkole\/oasowanie-na-przedszkolaka\/#breadcrumb\",\"itemListElement\":[{\"@type\":\"ListItem\",\"position\":1,\"name\":\"Strona g\u0142\u00f3wna\",\"item\":\"https:\/\/www.zsk.olsztyn.pl\/przedszkole\/\"},{\"@type\":\"ListItem\",\"position\":2,\"name\":\"PASOWANIE NA PRZEDSZKOLAKA\"}]},{\"@type\":\"Person\",\"@id\":\"https:\/\/www.zsk.olsztyn.pl\/przedszkole\/#\/schema\/person\/d918f2da4f27cb7ded309fa67f4d415a\",\"name\":\"admin\",\"image\":{\"@type\":\"ImageObject\",\"@id\":\"https:\/\/www.zsk.olsztyn.pl\/przedszkole\/#personlogo\",\"inLanguage\":\"pl-PL\",\"url\":\"https:\/\/secure.gravatar.com\/avatar\/4677eccc26cd593f3306dd9613f7e9c7?s=96&d=mm&r=g\",\"contentUrl\":\"https:\/\/secure.gravatar.com\/avatar\/4677eccc26cd593f3306dd9613f7e9c7?s=96&d=mm&r=g\",\"caption\":\"admin\"},\"url\":\"https:\/\/www.zsk.olsztyn.pl\/przedszkole\/author\/admin\/\"}]}<\/script>\n<!-- \/ Yoast SEO plugin. -->","yoast_head_json":{"title":"PASOWANIE NA PRZEDSZKOLAKA - Katolicki Zesp\u00f3\u0142 Edukacyjny - Niepubliczne przedszkole","description":"W naszym przedszkolu odby\u0142o si\u0119 \u201ePasowanie na Przedszkolaka\u201d. By\u0142 to szczeg\u00f3lny dzie\u0144 dla dzieci z grupy 3- latkow, kt\u00f3re we wrze\u015bniu po raz pierwszy","robots":{"index":"index","follow":"follow","max-snippet":"max-snippet:-1","max-image-preview":"max-image-preview:large","max-video-preview":"max-video-preview:-1"},"canonical":"https:\/\/www.zsk.olsztyn.pl\/przedszkole\/oasowanie-na-przedszkolaka\/","twitter_misc":{"Napisane przez":"admin","Szacowany czas czytania":"1 minuta"},"schema":{"@context":"https:\/\/schema.org","@graph":[{"@type":"WebSite","@id":"https:\/\/www.zsk.olsztyn.pl\/przedszkole\/#website","url":"https:\/\/www.zsk.olsztyn.pl\/przedszkole\/","name":"Katolicki Zesp\u00f3\u0142 Edukacyjny - Niepubliczne przedszkole","description":"Zapraszamy na stron\u0119 katolickiego niepublicznego przedszkola","potentialAction":[{"@type":"SearchAction","target":{"@type":"EntryPoint","urlTemplate":"https:\/\/www.zsk.olsztyn.pl\/przedszkole\/?s={search_term_string}"},"query-input":"required name=search_term_string"}],"inLanguage":"pl-PL"},{"@type":"ImageObject","@id":"https:\/\/www.zsk.olsztyn.pl\/przedszkole\/oasowanie-na-przedszkolaka\/#primaryimage","inLanguage":"pl-PL","url":"https:\/\/www.zsk.olsztyn.pl\/przedszkole\/wp-content\/uploads\/2022\/11\/napis-pasowanie.jpg","contentUrl":"https:\/\/www.zsk.olsztyn.pl\/przedszkole\/wp-content\/uploads\/2022\/11\/napis-pasowanie.jpg","width":400,"height":300},{"@type":"WebPage","@id":"https:\/\/www.zsk.olsztyn.pl\/przedszkole\/oasowanie-na-przedszkolaka\/#webpage","url":"https:\/\/www.zsk.olsztyn.pl\/przedszkole\/oasowanie-na-przedszkolaka\/","name":"PASOWANIE NA PRZEDSZKOLAKA - Katolicki Zesp\u00f3\u0142 Edukacyjny - Niepubliczne przedszkole","isPartOf":{"@id":"https:\/\/www.zsk.olsztyn.pl\/przedszkole\/#website"},"primaryImageOfPage":{"@id":"https:\/\/www.zsk.olsztyn.pl\/przedszkole\/oasowanie-na-przedszkolaka\/#primaryimage"},"datePublished":"2022-11-10T06:27:13+00:00","dateModified":"2022-11-10T06:27:45+00:00","author":{"@id":"https:\/\/www.zsk.olsztyn.pl\/przedszkole\/#\/schema\/person\/d918f2da4f27cb7ded309fa67f4d415a"},"description":"W naszym przedszkolu odby\u0142o si\u0119 \u201ePasowanie na Przedszkolaka\u201d. By\u0142 to szczeg\u00f3lny dzie\u0144 dla dzieci z grupy 3- latkow, kt\u00f3re we wrze\u015bniu po raz pierwszy","breadcrumb":{"@id":"https:\/\/www.zsk.olsztyn.pl\/przedszkole\/oasowanie-na-przedszkolaka\/#breadcrumb"},"inLanguage":"pl-PL","potentialAction":[{"@type":"ReadAction","target":["https:\/\/www.zsk.olsztyn.pl\/przedszkole\/oasowanie-na-przedszkolaka\/"]}]},{"@type":"BreadcrumbList","@id":"https:\/\/www.zsk.olsztyn.pl\/przedszkole\/oasowanie-na-przedszkolaka\/#breadcrumb","itemListElement":[{"@type":"ListItem","position":1,"name":"Strona g\u0142\u00f3wna","item":"https:\/\/www.zsk.olsztyn.pl\/przedszkole\/"},{"@type":"ListItem","position":2,"name":"PASOWANIE NA PRZEDSZKOLAKA"}]},{"@type":"Person","@id":"https:\/\/www.zsk.olsztyn.pl\/przedszkole\/#\/schema\/person\/d918f2da4f27cb7ded309fa67f4d415a","name":"admin","image":{"@type":"ImageObject","@id":"https:\/\/www.zsk.olsztyn.pl\/przedszkole\/#personlogo","inLanguage":"pl-PL","url":"https:\/\/secure.gravatar.com\/avatar\/4677eccc26cd593f3306dd9613f7e9c7?s=96&d=mm&r=g","contentUrl":"https:\/\/secure.gravatar.com\/avatar\/4677eccc26cd593f3306dd9613f7e9c7?s=96&d=mm&r=g","caption":"admin"},"url":"https:\/\/www.zsk.olsztyn.pl\/przedszkole\/author\/admin\/"}]}},"_links":{"self":[{"href":"https:\/\/www.zsk.olsztyn.pl\/przedszkole\/wp-json\/wp\/v2\/posts\/16472"}],"collection":[{"href":"https:\/\/www.zsk.olsztyn.pl\/przedszkole\/wp-json\/wp\/v2\/posts"}],"about":[{"href":"https:\/\/www.zsk.olsztyn.pl\/przedszkole\/wp-json\/wp\/v2\/types\/post"}],"author":[{"embeddable":true,"href":"https:\/\/www.zsk.olsztyn.pl\/przedszkole\/wp-json\/wp\/v2\/users\/1"}],"replies":[{"embeddable":true,"href":"https:\/\/www.zsk.olsztyn.pl\/przedszkole\/wp-json\/wp\/v2\/comments?post=16472"}],"version-history":[{"count":2,"href":"https:\/\/www.zsk.olsztyn.pl\/przedszkole\/wp-json\/wp\/v2\/posts\/16472\/revisions"}],"predecessor-version":[{"id":16476,"href":"https:\/\/www.zsk.olsztyn.pl\/przedszkole\/wp-json\/wp\/v2\/posts\/16472\/revisions\/16476"}],"wp:featuredmedia":[{"embeddable":true,"href":"https:\/\/www.zsk.olsztyn.pl\/przedszkole\/wp-json\/wp\/v2\/media\/16474"}],"wp:attachment":[{"href":"https:\/\/www.zsk.olsztyn.pl\/przedszkole\/wp-json\/wp\/v2\/media?parent=16472"}],"wp:term":[{"taxonomy":"category","embeddable":true,"href":"https:\/\/www.zsk.olsztyn.pl\/przedszkole\/wp-json\/wp\/v2\/categories?post=16472"},{"taxonomy":"post_tag","embeddable":true,"href":"https:\/\/www.zsk.olsztyn.pl\/przedszkole\/wp-json\/wp\/v2\/tags?post=16472"}],"curies":[{"name":"wp","href":"https:\/\/api.w.org\/{rel}","templated":true}]}}