{"id":15703,"date":"2022-08-19T07:38:33","date_gmt":"2022-08-19T05:38:33","guid":{"rendered":"https:\/\/www.zsk.olsztyn.pl\/przedszkole\/?p=15703"},"modified":"2022-10-21T08:26:16","modified_gmt":"2022-10-21T06:26:16","slug":"chcialbym-byc-sportowcem","status":"publish","type":"post","link":"https:\/\/www.zsk.olsztyn.pl\/przedszkole\/chcialbym-byc-sportowcem\/","title":{"rendered":"CHCIA\u0141BYM BY\u0106 SPORTOWCEM"},"content":{"rendered":"<p>[vc_row][vc_column][vc_column_text]Ostatni tydzie\u0144 wakacji w grupie 3-latk\u00f3w dotyczy\u0142 tematyki sportowej i wspomagania rozwoju ruchowego u dzieci. Przedszkolaki uczestniczy\u0142y w zabawach ruchowych: kszta\u0142tuj\u0105cych postaw\u0119, orientacyjno-porz\u0105dkowych, bie\u017cnych, z elementami czworakowania, z elementami skoku, podskoku, z elementami toczenia, z elementami rzutu, chwytu, r\u00f3wnowa\u017cnych, organizowanych metod\u0105 opowie\u015bci ruchowych i ze \u015bpiewem. Odby\u0142a si\u0119 r\u00f3wnie\u017c Olimpiada sportowa, za kt\u00f3r\u0105 dzieci nagrodzone zosta\u0142y medalami.[\/vc_column_text][na_galerie_listing ids=&#8221;15704,15705,15706,15707,15708,15709,15710,15711,15712,15713&#8243;][\/vc_column][\/vc_row]<\/p>\n","protected":false},"excerpt":{"rendered":"<p>[vc_row][vc_column][vc_column_text]Ostatni tydzie\u0144 wakacji w grupie 3-latk\u00f3w dotyczy\u0142 tematyki sportowej i wspomagania rozwoju ruchowego u dzieci. Przedszkolaki uczestniczy\u0142y w zabawach ruchowych: kszta\u0142tuj\u0105cych postaw\u0119, orientacyjno-porz\u0105dkowych, bie\u017cnych, z elementami czworakowania, z elementami skoku, podskoku, z elementami toczenia, z elementami rzutu, chwytu, r\u00f3wnowa\u017cnych, organizowanych metod\u0105 opowie\u015bci ruchowych i ze \u015bpiewem. Odby\u0142a si\u0119 r\u00f3wnie\u017c Olimpiada sportowa, za kt\u00f3r\u0105 dzieci nagrodzone<\/p>\n","protected":false},"author":1,"featured_media":15715,"comment_status":"closed","ping_status":"open","sticky":false,"template":"","format":"standard","meta":[],"categories":[185,209],"tags":[],"yoast_head":"<!-- This site is optimized with the Yoast SEO plugin v18.2 - https:\/\/yoast.com\/wordpress\/plugins\/seo\/ -->\n<title>CHCIA\u0141BYM BY\u0106 SPORTOWCEM - Katolicki Zesp\u00f3\u0142 Edukacyjny - Niepubliczne przedszkole<\/title>\n<meta name=\"description\" content=\"Ostatni tydzie\u0144 wakacji w grupie 3-latk\u00f3w dotyczy\u0142 tematyki sportowej i wspomagania rozwoju ruchowego u dzieci. Przedszkolaki uczestniczy\u0142y w zabawach\" \/>\n<meta name=\"robots\" content=\"index, follow, max-snippet:-1, max-image-preview:large, max-video-preview:-1\" \/>\n<link rel=\"canonical\" href=\"https:\/\/www.zsk.olsztyn.pl\/przedszkole\/chcialbym-byc-sportowcem\/\" \/>\n<meta name=\"twitter:label1\" content=\"Napisane przez\" \/>\n\t<meta name=\"twitter:data1\" content=\"admin\" \/>\n\t<meta name=\"twitter:label2\" content=\"Szacowany czas czytania\" \/>\n\t<meta name=\"twitter:data2\" content=\"1 minuta\" \/>\n<script type=\"application\/ld+json\" class=\"yoast-schema-graph\">{\"@context\":\"https:\/\/schema.org\",\"@graph\":[{\"@type\":\"WebSite\",\"@id\":\"https:\/\/www.zsk.olsztyn.pl\/przedszkole\/#website\",\"url\":\"https:\/\/www.zsk.olsztyn.pl\/przedszkole\/\",\"name\":\"Katolicki Zesp\u00f3\u0142 Edukacyjny - Niepubliczne przedszkole\",\"description\":\"Zapraszamy na stron\u0119 katolickiego niepublicznego przedszkola\",\"potentialAction\":[{\"@type\":\"SearchAction\",\"target\":{\"@type\":\"EntryPoint\",\"urlTemplate\":\"https:\/\/www.zsk.olsztyn.pl\/przedszkole\/?s={search_term_string}\"},\"query-input\":\"required name=search_term_string\"}],\"inLanguage\":\"pl-PL\"},{\"@type\":\"ImageObject\",\"@id\":\"https:\/\/www.zsk.olsztyn.pl\/przedszkole\/chcialbym-byc-sportowcem\/#primaryimage\",\"inLanguage\":\"pl-PL\",\"url\":\"https:\/\/www.zsk.olsztyn.pl\/przedszkole\/wp-content\/uploads\/2022\/08\/depositphotos_52593799-stock-illustration-children-and-sports.jpg\",\"contentUrl\":\"https:\/\/www.zsk.olsztyn.pl\/przedszkole\/wp-content\/uploads\/2022\/08\/depositphotos_52593799-stock-illustration-children-and-sports.jpg\",\"width\":1023,\"height\":944},{\"@type\":\"WebPage\",\"@id\":\"https:\/\/www.zsk.olsztyn.pl\/przedszkole\/chcialbym-byc-sportowcem\/#webpage\",\"url\":\"https:\/\/www.zsk.olsztyn.pl\/przedszkole\/chcialbym-byc-sportowcem\/\",\"name\":\"CHCIA\u0141BYM BY\u0106 SPORTOWCEM - Katolicki Zesp\u00f3\u0142 Edukacyjny - Niepubliczne przedszkole\",\"isPartOf\":{\"@id\":\"https:\/\/www.zsk.olsztyn.pl\/przedszkole\/#website\"},\"primaryImageOfPage\":{\"@id\":\"https:\/\/www.zsk.olsztyn.pl\/przedszkole\/chcialbym-byc-sportowcem\/#primaryimage\"},\"datePublished\":\"2022-08-19T05:38:33+00:00\",\"dateModified\":\"2022-10-21T06:26:16+00:00\",\"author\":{\"@id\":\"https:\/\/www.zsk.olsztyn.pl\/przedszkole\/#\/schema\/person\/d918f2da4f27cb7ded309fa67f4d415a\"},\"description\":\"Ostatni tydzie\u0144 wakacji w grupie 3-latk\u00f3w dotyczy\u0142 tematyki sportowej i wspomagania rozwoju ruchowego u dzieci. Przedszkolaki uczestniczy\u0142y w zabawach\",\"breadcrumb\":{\"@id\":\"https:\/\/www.zsk.olsztyn.pl\/przedszkole\/chcialbym-byc-sportowcem\/#breadcrumb\"},\"inLanguage\":\"pl-PL\",\"potentialAction\":[{\"@type\":\"ReadAction\",\"target\":[\"https:\/\/www.zsk.olsztyn.pl\/przedszkole\/chcialbym-byc-sportowcem\/\"]}]},{\"@type\":\"BreadcrumbList\",\"@id\":\"https:\/\/www.zsk.olsztyn.pl\/przedszkole\/chcialbym-byc-sportowcem\/#breadcrumb\",\"itemListElement\":[{\"@type\":\"ListItem\",\"position\":1,\"name\":\"Strona g\u0142\u00f3wna\",\"item\":\"https:\/\/www.zsk.olsztyn.pl\/przedszkole\/\"},{\"@type\":\"ListItem\",\"position\":2,\"name\":\"CHCIA\u0141BYM BY\u0106 SPORTOWCEM\"}]},{\"@type\":\"Person\",\"@id\":\"https:\/\/www.zsk.olsztyn.pl\/przedszkole\/#\/schema\/person\/d918f2da4f27cb7ded309fa67f4d415a\",\"name\":\"admin\",\"image\":{\"@type\":\"ImageObject\",\"@id\":\"https:\/\/www.zsk.olsztyn.pl\/przedszkole\/#personlogo\",\"inLanguage\":\"pl-PL\",\"url\":\"https:\/\/secure.gravatar.com\/avatar\/4677eccc26cd593f3306dd9613f7e9c7?s=96&d=mm&r=g\",\"contentUrl\":\"https:\/\/secure.gravatar.com\/avatar\/4677eccc26cd593f3306dd9613f7e9c7?s=96&d=mm&r=g\",\"caption\":\"admin\"},\"url\":\"https:\/\/www.zsk.olsztyn.pl\/przedszkole\/author\/admin\/\"}]}<\/script>\n<!-- \/ Yoast SEO plugin. -->","yoast_head_json":{"title":"CHCIA\u0141BYM BY\u0106 SPORTOWCEM - Katolicki Zesp\u00f3\u0142 Edukacyjny - Niepubliczne przedszkole","description":"Ostatni tydzie\u0144 wakacji w grupie 3-latk\u00f3w dotyczy\u0142 tematyki sportowej i wspomagania rozwoju ruchowego u dzieci. Przedszkolaki uczestniczy\u0142y w zabawach","robots":{"index":"index","follow":"follow","max-snippet":"max-snippet:-1","max-image-preview":"max-image-preview:large","max-video-preview":"max-video-preview:-1"},"canonical":"https:\/\/www.zsk.olsztyn.pl\/przedszkole\/chcialbym-byc-sportowcem\/","twitter_misc":{"Napisane przez":"admin","Szacowany czas czytania":"1 minuta"},"schema":{"@context":"https:\/\/schema.org","@graph":[{"@type":"WebSite","@id":"https:\/\/www.zsk.olsztyn.pl\/przedszkole\/#website","url":"https:\/\/www.zsk.olsztyn.pl\/przedszkole\/","name":"Katolicki Zesp\u00f3\u0142 Edukacyjny - Niepubliczne przedszkole","description":"Zapraszamy na stron\u0119 katolickiego niepublicznego przedszkola","potentialAction":[{"@type":"SearchAction","target":{"@type":"EntryPoint","urlTemplate":"https:\/\/www.zsk.olsztyn.pl\/przedszkole\/?s={search_term_string}"},"query-input":"required name=search_term_string"}],"inLanguage":"pl-PL"},{"@type":"ImageObject","@id":"https:\/\/www.zsk.olsztyn.pl\/przedszkole\/chcialbym-byc-sportowcem\/#primaryimage","inLanguage":"pl-PL","url":"https:\/\/www.zsk.olsztyn.pl\/przedszkole\/wp-content\/uploads\/2022\/08\/depositphotos_52593799-stock-illustration-children-and-sports.jpg","contentUrl":"https:\/\/www.zsk.olsztyn.pl\/przedszkole\/wp-content\/uploads\/2022\/08\/depositphotos_52593799-stock-illustration-children-and-sports.jpg","width":1023,"height":944},{"@type":"WebPage","@id":"https:\/\/www.zsk.olsztyn.pl\/przedszkole\/chcialbym-byc-sportowcem\/#webpage","url":"https:\/\/www.zsk.olsztyn.pl\/przedszkole\/chcialbym-byc-sportowcem\/","name":"CHCIA\u0141BYM BY\u0106 SPORTOWCEM - Katolicki Zesp\u00f3\u0142 Edukacyjny - Niepubliczne przedszkole","isPartOf":{"@id":"https:\/\/www.zsk.olsztyn.pl\/przedszkole\/#website"},"primaryImageOfPage":{"@id":"https:\/\/www.zsk.olsztyn.pl\/przedszkole\/chcialbym-byc-sportowcem\/#primaryimage"},"datePublished":"2022-08-19T05:38:33+00:00","dateModified":"2022-10-21T06:26:16+00:00","author":{"@id":"https:\/\/www.zsk.olsztyn.pl\/przedszkole\/#\/schema\/person\/d918f2da4f27cb7ded309fa67f4d415a"},"description":"Ostatni tydzie\u0144 wakacji w grupie 3-latk\u00f3w dotyczy\u0142 tematyki sportowej i wspomagania rozwoju ruchowego u dzieci. Przedszkolaki uczestniczy\u0142y w zabawach","breadcrumb":{"@id":"https:\/\/www.zsk.olsztyn.pl\/przedszkole\/chcialbym-byc-sportowcem\/#breadcrumb"},"inLanguage":"pl-PL","potentialAction":[{"@type":"ReadAction","target":["https:\/\/www.zsk.olsztyn.pl\/przedszkole\/chcialbym-byc-sportowcem\/"]}]},{"@type":"BreadcrumbList","@id":"https:\/\/www.zsk.olsztyn.pl\/przedszkole\/chcialbym-byc-sportowcem\/#breadcrumb","itemListElement":[{"@type":"ListItem","position":1,"name":"Strona g\u0142\u00f3wna","item":"https:\/\/www.zsk.olsztyn.pl\/przedszkole\/"},{"@type":"ListItem","position":2,"name":"CHCIA\u0141BYM BY\u0106 SPORTOWCEM"}]},{"@type":"Person","@id":"https:\/\/www.zsk.olsztyn.pl\/przedszkole\/#\/schema\/person\/d918f2da4f27cb7ded309fa67f4d415a","name":"admin","image":{"@type":"ImageObject","@id":"https:\/\/www.zsk.olsztyn.pl\/przedszkole\/#personlogo","inLanguage":"pl-PL","url":"https:\/\/secure.gravatar.com\/avatar\/4677eccc26cd593f3306dd9613f7e9c7?s=96&d=mm&r=g","contentUrl":"https:\/\/secure.gravatar.com\/avatar\/4677eccc26cd593f3306dd9613f7e9c7?s=96&d=mm&r=g","caption":"admin"},"url":"https:\/\/www.zsk.olsztyn.pl\/przedszkole\/author\/admin\/"}]}},"_links":{"self":[{"href":"https:\/\/www.zsk.olsztyn.pl\/przedszkole\/wp-json\/wp\/v2\/posts\/15703"}],"collection":[{"href":"https:\/\/www.zsk.olsztyn.pl\/przedszkole\/wp-json\/wp\/v2\/posts"}],"about":[{"href":"https:\/\/www.zsk.olsztyn.pl\/przedszkole\/wp-json\/wp\/v2\/types\/post"}],"author":[{"embeddable":true,"href":"https:\/\/www.zsk.olsztyn.pl\/przedszkole\/wp-json\/wp\/v2\/users\/1"}],"replies":[{"embeddable":true,"href":"https:\/\/www.zsk.olsztyn.pl\/przedszkole\/wp-json\/wp\/v2\/comments?post=15703"}],"version-history":[{"count":1,"href":"https:\/\/www.zsk.olsztyn.pl\/przedszkole\/wp-json\/wp\/v2\/posts\/15703\/revisions"}],"predecessor-version":[{"id":15714,"href":"https:\/\/www.zsk.olsztyn.pl\/przedszkole\/wp-json\/wp\/v2\/posts\/15703\/revisions\/15714"}],"wp:featuredmedia":[{"embeddable":true,"href":"https:\/\/www.zsk.olsztyn.pl\/przedszkole\/wp-json\/wp\/v2\/media\/15715"}],"wp:attachment":[{"href":"https:\/\/www.zsk.olsztyn.pl\/przedszkole\/wp-json\/wp\/v2\/media?parent=15703"}],"wp:term":[{"taxonomy":"category","embeddable":true,"href":"https:\/\/www.zsk.olsztyn.pl\/przedszkole\/wp-json\/wp\/v2\/categories?post=15703"},{"taxonomy":"post_tag","embeddable":true,"href":"https:\/\/www.zsk.olsztyn.pl\/przedszkole\/wp-json\/wp\/v2\/tags?post=15703"}],"curies":[{"name":"wp","href":"https:\/\/api.w.org\/{rel}","templated":true}]}}