{"id":15662,"date":"2022-07-18T10:54:10","date_gmt":"2022-07-18T08:54:10","guid":{"rendered":"https:\/\/www.zsk.olsztyn.pl\/przedszkole\/?p=15662"},"modified":"2022-07-18T11:01:28","modified_gmt":"2022-07-18T09:01:28","slug":"ii-tydzien-wakacji-w-grupie-5-i-6-latkow","status":"publish","type":"post","link":"https:\/\/www.zsk.olsztyn.pl\/przedszkole\/ii-tydzien-wakacji-w-grupie-5-i-6-latkow\/","title":{"rendered":"II TYDZIE\u0143 WAKACJI W GRUPIE 5 I 6 LATK\u00d3W"},"content":{"rendered":"<p>[vc_row][vc_column][vc_column_text]W drugim tygodniu lipca Pi\u0119cio- i Sze\u015bciolatki poznawa\u0142y tajemnice ludzkiego cia\u0142a. Dowiedzieli\u015bmy si\u0119, jak dzia\u0142aj\u0105 wa\u017cne uk\u0142ady: trawienny, oddechowy i mi\u0119\u015bniowy. Mieli\u015bmy okazj\u0119 wykona\u0107 model p\u0142uc z dost\u0119pnych materia\u0142\u00f3w i przekona\u0107 si\u0119, w jaki spos\u00f3b oddychamy. Przypomnieli\u015bmy sobie, jakie mamy zmys\u0142y i rozpoznawali\u015bmy je w czasie zabawy. Bawili\u015bmy si\u0119 te\u017c na podw\u00f3rku, korzystaj\u0105c z urok\u00f3w lata.[\/vc_column_text][na_galerie_listing ids=&#8221;15663,15664,15665,15666,15667,15668,15669,15670,15671,15672,15673,15674,15675,15676&#8243;][\/vc_column][\/vc_row]<\/p>\n","protected":false},"excerpt":{"rendered":"<p>[vc_row][vc_column][vc_column_text]W drugim tygodniu lipca Pi\u0119cio- i Sze\u015bciolatki poznawa\u0142y tajemnice ludzkiego cia\u0142a. Dowiedzieli\u015bmy si\u0119, jak dzia\u0142aj\u0105 wa\u017cne uk\u0142ady: trawienny, oddechowy i mi\u0119\u015bniowy. Mieli\u015bmy okazj\u0119 wykona\u0107 model p\u0142uc z dost\u0119pnych materia\u0142\u00f3w i przekona\u0107 si\u0119, w jaki spos\u00f3b oddychamy. Przypomnieli\u015bmy sobie, jakie mamy zmys\u0142y i rozpoznawali\u015bmy je w czasie zabawy. Bawili\u015bmy si\u0119 te\u017c na podw\u00f3rku, korzystaj\u0105c z urok\u00f3w<\/p>\n","protected":false},"author":1,"featured_media":15701,"comment_status":"closed","ping_status":"open","sticky":false,"template":"","format":"standard","meta":[],"categories":[187,188],"tags":[],"yoast_head":"<!-- This site is optimized with the Yoast SEO plugin v18.2 - https:\/\/yoast.com\/wordpress\/plugins\/seo\/ -->\n<title>II TYDZIE\u0143 WAKACJI W GRUPIE 5 I 6 LATK\u00d3W - Katolicki Zesp\u00f3\u0142 Edukacyjny - Niepubliczne przedszkole<\/title>\n<meta name=\"description\" content=\"W drugim tygodniu lipca Pi\u0119cio- i Sze\u015bciolatki poznawa\u0142y tajemnice ludzkiego cia\u0142a. Dowiedzieli\u015bmy si\u0119, jak dzia\u0142aj\u0105 wa\u017cne uk\u0142ady: trawienny, oddechowy i\" \/>\n<meta name=\"robots\" content=\"index, follow, max-snippet:-1, max-image-preview:large, max-video-preview:-1\" \/>\n<link rel=\"canonical\" href=\"https:\/\/www.zsk.olsztyn.pl\/przedszkole\/ii-tydzien-wakacji-w-grupie-5-i-6-latkow\/\" \/>\n<meta name=\"twitter:label1\" content=\"Napisane przez\" \/>\n\t<meta name=\"twitter:data1\" content=\"admin\" \/>\n\t<meta name=\"twitter:label2\" content=\"Szacowany czas czytania\" \/>\n\t<meta name=\"twitter:data2\" content=\"1 minuta\" \/>\n<script type=\"application\/ld+json\" class=\"yoast-schema-graph\">{\"@context\":\"https:\/\/schema.org\",\"@graph\":[{\"@type\":\"WebSite\",\"@id\":\"https:\/\/www.zsk.olsztyn.pl\/przedszkole\/#website\",\"url\":\"https:\/\/www.zsk.olsztyn.pl\/przedszkole\/\",\"name\":\"Katolicki Zesp\u00f3\u0142 Edukacyjny - Niepubliczne przedszkole\",\"description\":\"Zapraszamy na stron\u0119 katolickiego niepublicznego przedszkola\",\"potentialAction\":[{\"@type\":\"SearchAction\",\"target\":{\"@type\":\"EntryPoint\",\"urlTemplate\":\"https:\/\/www.zsk.olsztyn.pl\/przedszkole\/?s={search_term_string}\"},\"query-input\":\"required name=search_term_string\"}],\"inLanguage\":\"pl-PL\"},{\"@type\":\"ImageObject\",\"@id\":\"https:\/\/www.zsk.olsztyn.pl\/przedszkole\/ii-tydzien-wakacji-w-grupie-5-i-6-latkow\/#primaryimage\",\"inLanguage\":\"pl-PL\",\"url\":\"https:\/\/www.zsk.olsztyn.pl\/przedszkole\/wp-content\/uploads\/2022\/07\/maxresdefault.jpg\",\"contentUrl\":\"https:\/\/www.zsk.olsztyn.pl\/przedszkole\/wp-content\/uploads\/2022\/07\/maxresdefault.jpg\",\"width\":1280,\"height\":720},{\"@type\":\"WebPage\",\"@id\":\"https:\/\/www.zsk.olsztyn.pl\/przedszkole\/ii-tydzien-wakacji-w-grupie-5-i-6-latkow\/#webpage\",\"url\":\"https:\/\/www.zsk.olsztyn.pl\/przedszkole\/ii-tydzien-wakacji-w-grupie-5-i-6-latkow\/\",\"name\":\"II TYDZIE\u0143 WAKACJI W GRUPIE 5 I 6 LATK\u00d3W - Katolicki Zesp\u00f3\u0142 Edukacyjny - Niepubliczne przedszkole\",\"isPartOf\":{\"@id\":\"https:\/\/www.zsk.olsztyn.pl\/przedszkole\/#website\"},\"primaryImageOfPage\":{\"@id\":\"https:\/\/www.zsk.olsztyn.pl\/przedszkole\/ii-tydzien-wakacji-w-grupie-5-i-6-latkow\/#primaryimage\"},\"datePublished\":\"2022-07-18T08:54:10+00:00\",\"dateModified\":\"2022-07-18T09:01:28+00:00\",\"author\":{\"@id\":\"https:\/\/www.zsk.olsztyn.pl\/przedszkole\/#\/schema\/person\/d918f2da4f27cb7ded309fa67f4d415a\"},\"description\":\"W drugim tygodniu lipca Pi\u0119cio- i Sze\u015bciolatki poznawa\u0142y tajemnice ludzkiego cia\u0142a. Dowiedzieli\u015bmy si\u0119, jak dzia\u0142aj\u0105 wa\u017cne uk\u0142ady: trawienny, oddechowy i\",\"breadcrumb\":{\"@id\":\"https:\/\/www.zsk.olsztyn.pl\/przedszkole\/ii-tydzien-wakacji-w-grupie-5-i-6-latkow\/#breadcrumb\"},\"inLanguage\":\"pl-PL\",\"potentialAction\":[{\"@type\":\"ReadAction\",\"target\":[\"https:\/\/www.zsk.olsztyn.pl\/przedszkole\/ii-tydzien-wakacji-w-grupie-5-i-6-latkow\/\"]}]},{\"@type\":\"BreadcrumbList\",\"@id\":\"https:\/\/www.zsk.olsztyn.pl\/przedszkole\/ii-tydzien-wakacji-w-grupie-5-i-6-latkow\/#breadcrumb\",\"itemListElement\":[{\"@type\":\"ListItem\",\"position\":1,\"name\":\"Strona g\u0142\u00f3wna\",\"item\":\"https:\/\/www.zsk.olsztyn.pl\/przedszkole\/\"},{\"@type\":\"ListItem\",\"position\":2,\"name\":\"II TYDZIE\u0143 WAKACJI W GRUPIE 5 I 6 LATK\u00d3W\"}]},{\"@type\":\"Person\",\"@id\":\"https:\/\/www.zsk.olsztyn.pl\/przedszkole\/#\/schema\/person\/d918f2da4f27cb7ded309fa67f4d415a\",\"name\":\"admin\",\"image\":{\"@type\":\"ImageObject\",\"@id\":\"https:\/\/www.zsk.olsztyn.pl\/przedszkole\/#personlogo\",\"inLanguage\":\"pl-PL\",\"url\":\"https:\/\/secure.gravatar.com\/avatar\/4677eccc26cd593f3306dd9613f7e9c7?s=96&d=mm&r=g\",\"contentUrl\":\"https:\/\/secure.gravatar.com\/avatar\/4677eccc26cd593f3306dd9613f7e9c7?s=96&d=mm&r=g\",\"caption\":\"admin\"},\"url\":\"https:\/\/www.zsk.olsztyn.pl\/przedszkole\/author\/admin\/\"}]}<\/script>\n<!-- \/ Yoast SEO plugin. -->","yoast_head_json":{"title":"II TYDZIE\u0143 WAKACJI W GRUPIE 5 I 6 LATK\u00d3W - Katolicki Zesp\u00f3\u0142 Edukacyjny - Niepubliczne przedszkole","description":"W drugim tygodniu lipca Pi\u0119cio- i Sze\u015bciolatki poznawa\u0142y tajemnice ludzkiego cia\u0142a. Dowiedzieli\u015bmy si\u0119, jak dzia\u0142aj\u0105 wa\u017cne uk\u0142ady: trawienny, oddechowy i","robots":{"index":"index","follow":"follow","max-snippet":"max-snippet:-1","max-image-preview":"max-image-preview:large","max-video-preview":"max-video-preview:-1"},"canonical":"https:\/\/www.zsk.olsztyn.pl\/przedszkole\/ii-tydzien-wakacji-w-grupie-5-i-6-latkow\/","twitter_misc":{"Napisane przez":"admin","Szacowany czas czytania":"1 minuta"},"schema":{"@context":"https:\/\/schema.org","@graph":[{"@type":"WebSite","@id":"https:\/\/www.zsk.olsztyn.pl\/przedszkole\/#website","url":"https:\/\/www.zsk.olsztyn.pl\/przedszkole\/","name":"Katolicki Zesp\u00f3\u0142 Edukacyjny - Niepubliczne przedszkole","description":"Zapraszamy na stron\u0119 katolickiego niepublicznego przedszkola","potentialAction":[{"@type":"SearchAction","target":{"@type":"EntryPoint","urlTemplate":"https:\/\/www.zsk.olsztyn.pl\/przedszkole\/?s={search_term_string}"},"query-input":"required name=search_term_string"}],"inLanguage":"pl-PL"},{"@type":"ImageObject","@id":"https:\/\/www.zsk.olsztyn.pl\/przedszkole\/ii-tydzien-wakacji-w-grupie-5-i-6-latkow\/#primaryimage","inLanguage":"pl-PL","url":"https:\/\/www.zsk.olsztyn.pl\/przedszkole\/wp-content\/uploads\/2022\/07\/maxresdefault.jpg","contentUrl":"https:\/\/www.zsk.olsztyn.pl\/przedszkole\/wp-content\/uploads\/2022\/07\/maxresdefault.jpg","width":1280,"height":720},{"@type":"WebPage","@id":"https:\/\/www.zsk.olsztyn.pl\/przedszkole\/ii-tydzien-wakacji-w-grupie-5-i-6-latkow\/#webpage","url":"https:\/\/www.zsk.olsztyn.pl\/przedszkole\/ii-tydzien-wakacji-w-grupie-5-i-6-latkow\/","name":"II TYDZIE\u0143 WAKACJI W GRUPIE 5 I 6 LATK\u00d3W - Katolicki Zesp\u00f3\u0142 Edukacyjny - Niepubliczne przedszkole","isPartOf":{"@id":"https:\/\/www.zsk.olsztyn.pl\/przedszkole\/#website"},"primaryImageOfPage":{"@id":"https:\/\/www.zsk.olsztyn.pl\/przedszkole\/ii-tydzien-wakacji-w-grupie-5-i-6-latkow\/#primaryimage"},"datePublished":"2022-07-18T08:54:10+00:00","dateModified":"2022-07-18T09:01:28+00:00","author":{"@id":"https:\/\/www.zsk.olsztyn.pl\/przedszkole\/#\/schema\/person\/d918f2da4f27cb7ded309fa67f4d415a"},"description":"W drugim tygodniu lipca Pi\u0119cio- i Sze\u015bciolatki poznawa\u0142y tajemnice ludzkiego cia\u0142a. Dowiedzieli\u015bmy si\u0119, jak dzia\u0142aj\u0105 wa\u017cne uk\u0142ady: trawienny, oddechowy i","breadcrumb":{"@id":"https:\/\/www.zsk.olsztyn.pl\/przedszkole\/ii-tydzien-wakacji-w-grupie-5-i-6-latkow\/#breadcrumb"},"inLanguage":"pl-PL","potentialAction":[{"@type":"ReadAction","target":["https:\/\/www.zsk.olsztyn.pl\/przedszkole\/ii-tydzien-wakacji-w-grupie-5-i-6-latkow\/"]}]},{"@type":"BreadcrumbList","@id":"https:\/\/www.zsk.olsztyn.pl\/przedszkole\/ii-tydzien-wakacji-w-grupie-5-i-6-latkow\/#breadcrumb","itemListElement":[{"@type":"ListItem","position":1,"name":"Strona g\u0142\u00f3wna","item":"https:\/\/www.zsk.olsztyn.pl\/przedszkole\/"},{"@type":"ListItem","position":2,"name":"II TYDZIE\u0143 WAKACJI W GRUPIE 5 I 6 LATK\u00d3W"}]},{"@type":"Person","@id":"https:\/\/www.zsk.olsztyn.pl\/przedszkole\/#\/schema\/person\/d918f2da4f27cb7ded309fa67f4d415a","name":"admin","image":{"@type":"ImageObject","@id":"https:\/\/www.zsk.olsztyn.pl\/przedszkole\/#personlogo","inLanguage":"pl-PL","url":"https:\/\/secure.gravatar.com\/avatar\/4677eccc26cd593f3306dd9613f7e9c7?s=96&d=mm&r=g","contentUrl":"https:\/\/secure.gravatar.com\/avatar\/4677eccc26cd593f3306dd9613f7e9c7?s=96&d=mm&r=g","caption":"admin"},"url":"https:\/\/www.zsk.olsztyn.pl\/przedszkole\/author\/admin\/"}]}},"_links":{"self":[{"href":"https:\/\/www.zsk.olsztyn.pl\/przedszkole\/wp-json\/wp\/v2\/posts\/15662"}],"collection":[{"href":"https:\/\/www.zsk.olsztyn.pl\/przedszkole\/wp-json\/wp\/v2\/posts"}],"about":[{"href":"https:\/\/www.zsk.olsztyn.pl\/przedszkole\/wp-json\/wp\/v2\/types\/post"}],"author":[{"embeddable":true,"href":"https:\/\/www.zsk.olsztyn.pl\/przedszkole\/wp-json\/wp\/v2\/users\/1"}],"replies":[{"embeddable":true,"href":"https:\/\/www.zsk.olsztyn.pl\/przedszkole\/wp-json\/wp\/v2\/comments?post=15662"}],"version-history":[{"count":1,"href":"https:\/\/www.zsk.olsztyn.pl\/przedszkole\/wp-json\/wp\/v2\/posts\/15662\/revisions"}],"predecessor-version":[{"id":15678,"href":"https:\/\/www.zsk.olsztyn.pl\/przedszkole\/wp-json\/wp\/v2\/posts\/15662\/revisions\/15678"}],"wp:featuredmedia":[{"embeddable":true,"href":"https:\/\/www.zsk.olsztyn.pl\/przedszkole\/wp-json\/wp\/v2\/media\/15701"}],"wp:attachment":[{"href":"https:\/\/www.zsk.olsztyn.pl\/przedszkole\/wp-json\/wp\/v2\/media?parent=15662"}],"wp:term":[{"taxonomy":"category","embeddable":true,"href":"https:\/\/www.zsk.olsztyn.pl\/przedszkole\/wp-json\/wp\/v2\/categories?post=15662"},{"taxonomy":"post_tag","embeddable":true,"href":"https:\/\/www.zsk.olsztyn.pl\/przedszkole\/wp-json\/wp\/v2\/tags?post=15662"}],"curies":[{"name":"wp","href":"https:\/\/api.w.org\/{rel}","templated":true}]}}