{"id":15592,"date":"2022-07-13T11:33:23","date_gmt":"2022-07-13T09:33:23","guid":{"rendered":"https:\/\/www.zsk.olsztyn.pl\/przedszkole\/?p=15592"},"modified":"2022-07-13T11:55:04","modified_gmt":"2022-07-13T09:55:04","slug":"i-tydzien-wakcji-w-grupie-4-latkow","status":"publish","type":"post","link":"https:\/\/www.zsk.olsztyn.pl\/przedszkole\/i-tydzien-wakcji-w-grupie-4-latkow\/","title":{"rendered":"I TYDZIE\u0143 WAKCJI W GRUPIE 4 LATK\u00d3W"},"content":{"rendered":"<p>[vc_row][vc_column][vc_column_text]Pierwszy tydzie\u0144 wakacji min\u0105\u0142 nam bardzo szybko. Czas wype\u0142ni\u0142y nam zabawy na przedszkolnym placu zabaw, ale du\u017co dzia\u0142o si\u0119 r\u00f3wnie\u017c w naszej sali. Prace plastyczne, balonowe eksperymenty i&#8230; przepyszne, owocowe lody, kt\u00f3re sami zrobili\u015bmy &#8211; umili\u0142y nam pocz\u0105tek wakacyjnej przygody.[\/vc_column_text][na_galerie_listing ids=&#8221;15593,15594,15595,15596,15597,15598,15599,15600,15601,15602,15603,15604&#8243;][\/vc_column][\/vc_row]<\/p>\n","protected":false},"excerpt":{"rendered":"<p>[vc_row][vc_column][vc_column_text]Pierwszy tydzie\u0144 wakacji min\u0105\u0142 nam bardzo szybko. Czas wype\u0142ni\u0142y nam zabawy na przedszkolnym placu zabaw, ale du\u017co dzia\u0142o si\u0119 r\u00f3wnie\u017c w naszej sali. Prace plastyczne, balonowe eksperymenty i&#8230; przepyszne, owocowe lody, kt\u00f3re sami zrobili\u015bmy &#8211; umili\u0142y nam pocz\u0105tek wakacyjnej przygody.[\/vc_column_text][na_galerie_listing ids=&#8221;15593,15594,15595,15596,15597,15598,15599,15600,15601,15602,15603,15604&#8243;][\/vc_column][\/vc_row]<\/p>\n","protected":false},"author":1,"featured_media":15612,"comment_status":"closed","ping_status":"open","sticky":false,"template":"","format":"standard","meta":[],"categories":[186,4],"tags":[],"yoast_head":"<!-- This site is optimized with the Yoast SEO plugin v18.2 - https:\/\/yoast.com\/wordpress\/plugins\/seo\/ -->\n<title>I TYDZIE\u0143 WAKCJI W GRUPIE 4 LATK\u00d3W - Katolicki Zesp\u00f3\u0142 Edukacyjny - Niepubliczne przedszkole<\/title>\n<meta name=\"description\" content=\"Pierwszy tydzie\u0144 wakacji min\u0105\u0142 nam bardzo szybko. Czas wype\u0142ni\u0142y nam zabawy na przedszkolnym placu zabaw, ale du\u017co dzia\u0142o si\u0119 r\u00f3wnie\u017c w naszej sali. Prace\" \/>\n<meta name=\"robots\" content=\"index, follow, max-snippet:-1, max-image-preview:large, max-video-preview:-1\" \/>\n<link rel=\"canonical\" href=\"https:\/\/www.zsk.olsztyn.pl\/przedszkole\/i-tydzien-wakcji-w-grupie-4-latkow\/\" \/>\n<meta name=\"twitter:label1\" content=\"Napisane przez\" \/>\n\t<meta name=\"twitter:data1\" content=\"admin\" \/>\n\t<meta name=\"twitter:label2\" content=\"Szacowany czas czytania\" \/>\n\t<meta name=\"twitter:data2\" content=\"1 minuta\" \/>\n<script type=\"application\/ld+json\" class=\"yoast-schema-graph\">{\"@context\":\"https:\/\/schema.org\",\"@graph\":[{\"@type\":\"WebSite\",\"@id\":\"https:\/\/www.zsk.olsztyn.pl\/przedszkole\/#website\",\"url\":\"https:\/\/www.zsk.olsztyn.pl\/przedszkole\/\",\"name\":\"Katolicki Zesp\u00f3\u0142 Edukacyjny - Niepubliczne przedszkole\",\"description\":\"Zapraszamy na stron\u0119 katolickiego niepublicznego przedszkola\",\"potentialAction\":[{\"@type\":\"SearchAction\",\"target\":{\"@type\":\"EntryPoint\",\"urlTemplate\":\"https:\/\/www.zsk.olsztyn.pl\/przedszkole\/?s={search_term_string}\"},\"query-input\":\"required name=search_term_string\"}],\"inLanguage\":\"pl-PL\"},{\"@type\":\"ImageObject\",\"@id\":\"https:\/\/www.zsk.olsztyn.pl\/przedszkole\/i-tydzien-wakcji-w-grupie-4-latkow\/#primaryimage\",\"inLanguage\":\"pl-PL\",\"url\":\"https:\/\/www.zsk.olsztyn.pl\/przedszkole\/wp-content\/uploads\/2022\/07\/depositphotos_70936105-stock-illustration-kids-with-balloons.jpg\",\"contentUrl\":\"https:\/\/www.zsk.olsztyn.pl\/przedszkole\/wp-content\/uploads\/2022\/07\/depositphotos_70936105-stock-illustration-kids-with-balloons.jpg\",\"width\":1024,\"height\":748},{\"@type\":\"WebPage\",\"@id\":\"https:\/\/www.zsk.olsztyn.pl\/przedszkole\/i-tydzien-wakcji-w-grupie-4-latkow\/#webpage\",\"url\":\"https:\/\/www.zsk.olsztyn.pl\/przedszkole\/i-tydzien-wakcji-w-grupie-4-latkow\/\",\"name\":\"I TYDZIE\u0143 WAKCJI W GRUPIE 4 LATK\u00d3W - Katolicki Zesp\u00f3\u0142 Edukacyjny - Niepubliczne przedszkole\",\"isPartOf\":{\"@id\":\"https:\/\/www.zsk.olsztyn.pl\/przedszkole\/#website\"},\"primaryImageOfPage\":{\"@id\":\"https:\/\/www.zsk.olsztyn.pl\/przedszkole\/i-tydzien-wakcji-w-grupie-4-latkow\/#primaryimage\"},\"datePublished\":\"2022-07-13T09:33:23+00:00\",\"dateModified\":\"2022-07-13T09:55:04+00:00\",\"author\":{\"@id\":\"https:\/\/www.zsk.olsztyn.pl\/przedszkole\/#\/schema\/person\/d918f2da4f27cb7ded309fa67f4d415a\"},\"description\":\"Pierwszy tydzie\u0144 wakacji min\u0105\u0142 nam bardzo szybko. Czas wype\u0142ni\u0142y nam zabawy na przedszkolnym placu zabaw, ale du\u017co dzia\u0142o si\u0119 r\u00f3wnie\u017c w naszej sali. Prace\",\"breadcrumb\":{\"@id\":\"https:\/\/www.zsk.olsztyn.pl\/przedszkole\/i-tydzien-wakcji-w-grupie-4-latkow\/#breadcrumb\"},\"inLanguage\":\"pl-PL\",\"potentialAction\":[{\"@type\":\"ReadAction\",\"target\":[\"https:\/\/www.zsk.olsztyn.pl\/przedszkole\/i-tydzien-wakcji-w-grupie-4-latkow\/\"]}]},{\"@type\":\"BreadcrumbList\",\"@id\":\"https:\/\/www.zsk.olsztyn.pl\/przedszkole\/i-tydzien-wakcji-w-grupie-4-latkow\/#breadcrumb\",\"itemListElement\":[{\"@type\":\"ListItem\",\"position\":1,\"name\":\"Strona g\u0142\u00f3wna\",\"item\":\"https:\/\/www.zsk.olsztyn.pl\/przedszkole\/\"},{\"@type\":\"ListItem\",\"position\":2,\"name\":\"I TYDZIE\u0143 WAKCJI W GRUPIE 4 LATK\u00d3W\"}]},{\"@type\":\"Person\",\"@id\":\"https:\/\/www.zsk.olsztyn.pl\/przedszkole\/#\/schema\/person\/d918f2da4f27cb7ded309fa67f4d415a\",\"name\":\"admin\",\"image\":{\"@type\":\"ImageObject\",\"@id\":\"https:\/\/www.zsk.olsztyn.pl\/przedszkole\/#personlogo\",\"inLanguage\":\"pl-PL\",\"url\":\"https:\/\/secure.gravatar.com\/avatar\/4677eccc26cd593f3306dd9613f7e9c7?s=96&d=mm&r=g\",\"contentUrl\":\"https:\/\/secure.gravatar.com\/avatar\/4677eccc26cd593f3306dd9613f7e9c7?s=96&d=mm&r=g\",\"caption\":\"admin\"},\"url\":\"https:\/\/www.zsk.olsztyn.pl\/przedszkole\/author\/admin\/\"}]}<\/script>\n<!-- \/ Yoast SEO plugin. -->","yoast_head_json":{"title":"I TYDZIE\u0143 WAKCJI W GRUPIE 4 LATK\u00d3W - Katolicki Zesp\u00f3\u0142 Edukacyjny - Niepubliczne przedszkole","description":"Pierwszy tydzie\u0144 wakacji min\u0105\u0142 nam bardzo szybko. Czas wype\u0142ni\u0142y nam zabawy na przedszkolnym placu zabaw, ale du\u017co dzia\u0142o si\u0119 r\u00f3wnie\u017c w naszej sali. Prace","robots":{"index":"index","follow":"follow","max-snippet":"max-snippet:-1","max-image-preview":"max-image-preview:large","max-video-preview":"max-video-preview:-1"},"canonical":"https:\/\/www.zsk.olsztyn.pl\/przedszkole\/i-tydzien-wakcji-w-grupie-4-latkow\/","twitter_misc":{"Napisane przez":"admin","Szacowany czas czytania":"1 minuta"},"schema":{"@context":"https:\/\/schema.org","@graph":[{"@type":"WebSite","@id":"https:\/\/www.zsk.olsztyn.pl\/przedszkole\/#website","url":"https:\/\/www.zsk.olsztyn.pl\/przedszkole\/","name":"Katolicki Zesp\u00f3\u0142 Edukacyjny - Niepubliczne przedszkole","description":"Zapraszamy na stron\u0119 katolickiego niepublicznego przedszkola","potentialAction":[{"@type":"SearchAction","target":{"@type":"EntryPoint","urlTemplate":"https:\/\/www.zsk.olsztyn.pl\/przedszkole\/?s={search_term_string}"},"query-input":"required name=search_term_string"}],"inLanguage":"pl-PL"},{"@type":"ImageObject","@id":"https:\/\/www.zsk.olsztyn.pl\/przedszkole\/i-tydzien-wakcji-w-grupie-4-latkow\/#primaryimage","inLanguage":"pl-PL","url":"https:\/\/www.zsk.olsztyn.pl\/przedszkole\/wp-content\/uploads\/2022\/07\/depositphotos_70936105-stock-illustration-kids-with-balloons.jpg","contentUrl":"https:\/\/www.zsk.olsztyn.pl\/przedszkole\/wp-content\/uploads\/2022\/07\/depositphotos_70936105-stock-illustration-kids-with-balloons.jpg","width":1024,"height":748},{"@type":"WebPage","@id":"https:\/\/www.zsk.olsztyn.pl\/przedszkole\/i-tydzien-wakcji-w-grupie-4-latkow\/#webpage","url":"https:\/\/www.zsk.olsztyn.pl\/przedszkole\/i-tydzien-wakcji-w-grupie-4-latkow\/","name":"I TYDZIE\u0143 WAKCJI W GRUPIE 4 LATK\u00d3W - Katolicki Zesp\u00f3\u0142 Edukacyjny - Niepubliczne przedszkole","isPartOf":{"@id":"https:\/\/www.zsk.olsztyn.pl\/przedszkole\/#website"},"primaryImageOfPage":{"@id":"https:\/\/www.zsk.olsztyn.pl\/przedszkole\/i-tydzien-wakcji-w-grupie-4-latkow\/#primaryimage"},"datePublished":"2022-07-13T09:33:23+00:00","dateModified":"2022-07-13T09:55:04+00:00","author":{"@id":"https:\/\/www.zsk.olsztyn.pl\/przedszkole\/#\/schema\/person\/d918f2da4f27cb7ded309fa67f4d415a"},"description":"Pierwszy tydzie\u0144 wakacji min\u0105\u0142 nam bardzo szybko. Czas wype\u0142ni\u0142y nam zabawy na przedszkolnym placu zabaw, ale du\u017co dzia\u0142o si\u0119 r\u00f3wnie\u017c w naszej sali. Prace","breadcrumb":{"@id":"https:\/\/www.zsk.olsztyn.pl\/przedszkole\/i-tydzien-wakcji-w-grupie-4-latkow\/#breadcrumb"},"inLanguage":"pl-PL","potentialAction":[{"@type":"ReadAction","target":["https:\/\/www.zsk.olsztyn.pl\/przedszkole\/i-tydzien-wakcji-w-grupie-4-latkow\/"]}]},{"@type":"BreadcrumbList","@id":"https:\/\/www.zsk.olsztyn.pl\/przedszkole\/i-tydzien-wakcji-w-grupie-4-latkow\/#breadcrumb","itemListElement":[{"@type":"ListItem","position":1,"name":"Strona g\u0142\u00f3wna","item":"https:\/\/www.zsk.olsztyn.pl\/przedszkole\/"},{"@type":"ListItem","position":2,"name":"I TYDZIE\u0143 WAKCJI W GRUPIE 4 LATK\u00d3W"}]},{"@type":"Person","@id":"https:\/\/www.zsk.olsztyn.pl\/przedszkole\/#\/schema\/person\/d918f2da4f27cb7ded309fa67f4d415a","name":"admin","image":{"@type":"ImageObject","@id":"https:\/\/www.zsk.olsztyn.pl\/przedszkole\/#personlogo","inLanguage":"pl-PL","url":"https:\/\/secure.gravatar.com\/avatar\/4677eccc26cd593f3306dd9613f7e9c7?s=96&d=mm&r=g","contentUrl":"https:\/\/secure.gravatar.com\/avatar\/4677eccc26cd593f3306dd9613f7e9c7?s=96&d=mm&r=g","caption":"admin"},"url":"https:\/\/www.zsk.olsztyn.pl\/przedszkole\/author\/admin\/"}]}},"_links":{"self":[{"href":"https:\/\/www.zsk.olsztyn.pl\/przedszkole\/wp-json\/wp\/v2\/posts\/15592"}],"collection":[{"href":"https:\/\/www.zsk.olsztyn.pl\/przedszkole\/wp-json\/wp\/v2\/posts"}],"about":[{"href":"https:\/\/www.zsk.olsztyn.pl\/przedszkole\/wp-json\/wp\/v2\/types\/post"}],"author":[{"embeddable":true,"href":"https:\/\/www.zsk.olsztyn.pl\/przedszkole\/wp-json\/wp\/v2\/users\/1"}],"replies":[{"embeddable":true,"href":"https:\/\/www.zsk.olsztyn.pl\/przedszkole\/wp-json\/wp\/v2\/comments?post=15592"}],"version-history":[{"count":1,"href":"https:\/\/www.zsk.olsztyn.pl\/przedszkole\/wp-json\/wp\/v2\/posts\/15592\/revisions"}],"predecessor-version":[{"id":15605,"href":"https:\/\/www.zsk.olsztyn.pl\/przedszkole\/wp-json\/wp\/v2\/posts\/15592\/revisions\/15605"}],"wp:featuredmedia":[{"embeddable":true,"href":"https:\/\/www.zsk.olsztyn.pl\/przedszkole\/wp-json\/wp\/v2\/media\/15612"}],"wp:attachment":[{"href":"https:\/\/www.zsk.olsztyn.pl\/przedszkole\/wp-json\/wp\/v2\/media?parent=15592"}],"wp:term":[{"taxonomy":"category","embeddable":true,"href":"https:\/\/www.zsk.olsztyn.pl\/przedszkole\/wp-json\/wp\/v2\/categories?post=15592"},{"taxonomy":"post_tag","embeddable":true,"href":"https:\/\/www.zsk.olsztyn.pl\/przedszkole\/wp-json\/wp\/v2\/tags?post=15592"}],"curies":[{"name":"wp","href":"https:\/\/api.w.org\/{rel}","templated":true}]}}