{"id":15557,"date":"2022-07-13T09:41:51","date_gmt":"2022-07-13T07:41:51","guid":{"rendered":"https:\/\/www.zsk.olsztyn.pl\/przedszkole\/?p=15557"},"modified":"2022-07-13T09:41:51","modified_gmt":"2022-07-13T07:41:51","slug":"i-tydzien-wakacji-w-grupie-5-i-6-latkow","status":"publish","type":"post","link":"https:\/\/www.zsk.olsztyn.pl\/przedszkole\/i-tydzien-wakacji-w-grupie-5-i-6-latkow\/","title":{"rendered":"I TYDZIE\u0143 WAKACJI W GRUPIE 5 I 6 LATK\u00d3W"},"content":{"rendered":"<p>[vc_row][vc_column][vc_column_text]Pierwszy tydzie\u0144 wakacji za nami. Na dobry pocz\u0105tek grupa pi\u0119ciolatk\u00f3w i sze\u015bciolatk\u00f3w przypomnia\u0142a zasady bezpiecznego zachowania si\u0119 nad morzem, w g\u00f3rach, w lesie i w innych krajach. Dzieci wsp\u00f3lnie wykona\u0142y Kodeks bezpiecznych wakacji. Nie za brak\u0142o prac plastycznych wykorzystuj\u0105cych papierowe talerze czy foli\u0119 b\u0105belkow\u0105. Odby\u0142y si\u0119 r\u00f3wnie\u017c zawody super szybkich samolot\u00f3w z\u0142o\u017conych przez dzieci, wcze\u015bniej dzieci zapozna\u0142y si\u0119 z kr\u00f3tk\u0105 histori\u0105 latania. A zabawa lupami i piaskiem kinetycznym zadba\u0142a o dzieci\u0119ce zmys\u0142y.[\/vc_column_text][na_galerie_listing ids=&#8221;15558,15559,15560,15561,15562,15563,15564,15565,15566,15567,15568,15569,15570&#8243;][\/vc_column][\/vc_row]<\/p>\n","protected":false},"excerpt":{"rendered":"<p>[vc_row][vc_column][vc_column_text]Pierwszy tydzie\u0144 wakacji za nami. Na dobry pocz\u0105tek grupa pi\u0119ciolatk\u00f3w i sze\u015bciolatk\u00f3w przypomnia\u0142a zasady bezpiecznego zachowania si\u0119 nad morzem, w g\u00f3rach, w lesie i w innych krajach. Dzieci wsp\u00f3lnie wykona\u0142y Kodeks bezpiecznych wakacji. Nie za brak\u0142o prac plastycznych wykorzystuj\u0105cych papierowe talerze czy foli\u0119 b\u0105belkow\u0105. Odby\u0142y si\u0119 r\u00f3wnie\u017c zawody super szybkich samolot\u00f3w z\u0142o\u017conych przez dzieci, wcze\u015bniej<\/p>\n","protected":false},"author":1,"featured_media":15571,"comment_status":"closed","ping_status":"open","sticky":false,"template":"","format":"standard","meta":[],"categories":[187,188,4],"tags":[],"yoast_head":"<!-- This site is optimized with the Yoast SEO plugin v18.2 - https:\/\/yoast.com\/wordpress\/plugins\/seo\/ -->\n<title>I TYDZIE\u0143 WAKACJI W GRUPIE 5 I 6 LATK\u00d3W - Katolicki Zesp\u00f3\u0142 Edukacyjny - Niepubliczne przedszkole<\/title>\n<meta name=\"description\" content=\"Pierwszy tydzie\u0144 wakacji za nami. Na dobry pocz\u0105tek grupa pi\u0119ciolatk\u00f3w i sze\u015bciolatk\u00f3w przypomnia\u0142a zasady bezpiecznego zachowania si\u0119 nad morzem, w\" \/>\n<meta name=\"robots\" content=\"index, follow, max-snippet:-1, max-image-preview:large, max-video-preview:-1\" \/>\n<link rel=\"canonical\" href=\"https:\/\/www.zsk.olsztyn.pl\/przedszkole\/i-tydzien-wakacji-w-grupie-5-i-6-latkow\/\" \/>\n<meta name=\"twitter:label1\" content=\"Napisane przez\" \/>\n\t<meta name=\"twitter:data1\" content=\"admin\" \/>\n\t<meta name=\"twitter:label2\" content=\"Szacowany czas czytania\" \/>\n\t<meta name=\"twitter:data2\" content=\"1 minuta\" \/>\n<script type=\"application\/ld+json\" class=\"yoast-schema-graph\">{\"@context\":\"https:\/\/schema.org\",\"@graph\":[{\"@type\":\"WebSite\",\"@id\":\"https:\/\/www.zsk.olsztyn.pl\/przedszkole\/#website\",\"url\":\"https:\/\/www.zsk.olsztyn.pl\/przedszkole\/\",\"name\":\"Katolicki Zesp\u00f3\u0142 Edukacyjny - Niepubliczne przedszkole\",\"description\":\"Zapraszamy na stron\u0119 katolickiego niepublicznego przedszkola\",\"potentialAction\":[{\"@type\":\"SearchAction\",\"target\":{\"@type\":\"EntryPoint\",\"urlTemplate\":\"https:\/\/www.zsk.olsztyn.pl\/przedszkole\/?s={search_term_string}\"},\"query-input\":\"required name=search_term_string\"}],\"inLanguage\":\"pl-PL\"},{\"@type\":\"ImageObject\",\"@id\":\"https:\/\/www.zsk.olsztyn.pl\/przedszkole\/i-tydzien-wakacji-w-grupie-5-i-6-latkow\/#primaryimage\",\"inLanguage\":\"pl-PL\",\"url\":\"https:\/\/www.zsk.olsztyn.pl\/przedszkole\/wp-content\/uploads\/2022\/07\/children-playing-at-beach-in-summer-vector.jpg\",\"contentUrl\":\"https:\/\/www.zsk.olsztyn.pl\/przedszkole\/wp-content\/uploads\/2022\/07\/children-playing-at-beach-in-summer-vector.jpg\",\"width\":715,\"height\":490},{\"@type\":\"WebPage\",\"@id\":\"https:\/\/www.zsk.olsztyn.pl\/przedszkole\/i-tydzien-wakacji-w-grupie-5-i-6-latkow\/#webpage\",\"url\":\"https:\/\/www.zsk.olsztyn.pl\/przedszkole\/i-tydzien-wakacji-w-grupie-5-i-6-latkow\/\",\"name\":\"I TYDZIE\u0143 WAKACJI W GRUPIE 5 I 6 LATK\u00d3W - Katolicki Zesp\u00f3\u0142 Edukacyjny - Niepubliczne przedszkole\",\"isPartOf\":{\"@id\":\"https:\/\/www.zsk.olsztyn.pl\/przedszkole\/#website\"},\"primaryImageOfPage\":{\"@id\":\"https:\/\/www.zsk.olsztyn.pl\/przedszkole\/i-tydzien-wakacji-w-grupie-5-i-6-latkow\/#primaryimage\"},\"datePublished\":\"2022-07-13T07:41:51+00:00\",\"dateModified\":\"2022-07-13T07:41:51+00:00\",\"author\":{\"@id\":\"https:\/\/www.zsk.olsztyn.pl\/przedszkole\/#\/schema\/person\/d918f2da4f27cb7ded309fa67f4d415a\"},\"description\":\"Pierwszy tydzie\u0144 wakacji za nami. Na dobry pocz\u0105tek grupa pi\u0119ciolatk\u00f3w i sze\u015bciolatk\u00f3w przypomnia\u0142a zasady bezpiecznego zachowania si\u0119 nad morzem, w\",\"breadcrumb\":{\"@id\":\"https:\/\/www.zsk.olsztyn.pl\/przedszkole\/i-tydzien-wakacji-w-grupie-5-i-6-latkow\/#breadcrumb\"},\"inLanguage\":\"pl-PL\",\"potentialAction\":[{\"@type\":\"ReadAction\",\"target\":[\"https:\/\/www.zsk.olsztyn.pl\/przedszkole\/i-tydzien-wakacji-w-grupie-5-i-6-latkow\/\"]}]},{\"@type\":\"BreadcrumbList\",\"@id\":\"https:\/\/www.zsk.olsztyn.pl\/przedszkole\/i-tydzien-wakacji-w-grupie-5-i-6-latkow\/#breadcrumb\",\"itemListElement\":[{\"@type\":\"ListItem\",\"position\":1,\"name\":\"Strona g\u0142\u00f3wna\",\"item\":\"https:\/\/www.zsk.olsztyn.pl\/przedszkole\/\"},{\"@type\":\"ListItem\",\"position\":2,\"name\":\"I TYDZIE\u0143 WAKACJI W GRUPIE 5 I 6 LATK\u00d3W\"}]},{\"@type\":\"Person\",\"@id\":\"https:\/\/www.zsk.olsztyn.pl\/przedszkole\/#\/schema\/person\/d918f2da4f27cb7ded309fa67f4d415a\",\"name\":\"admin\",\"image\":{\"@type\":\"ImageObject\",\"@id\":\"https:\/\/www.zsk.olsztyn.pl\/przedszkole\/#personlogo\",\"inLanguage\":\"pl-PL\",\"url\":\"https:\/\/secure.gravatar.com\/avatar\/4677eccc26cd593f3306dd9613f7e9c7?s=96&d=mm&r=g\",\"contentUrl\":\"https:\/\/secure.gravatar.com\/avatar\/4677eccc26cd593f3306dd9613f7e9c7?s=96&d=mm&r=g\",\"caption\":\"admin\"},\"url\":\"https:\/\/www.zsk.olsztyn.pl\/przedszkole\/author\/admin\/\"}]}<\/script>\n<!-- \/ Yoast SEO plugin. -->","yoast_head_json":{"title":"I TYDZIE\u0143 WAKACJI W GRUPIE 5 I 6 LATK\u00d3W - Katolicki Zesp\u00f3\u0142 Edukacyjny - Niepubliczne przedszkole","description":"Pierwszy tydzie\u0144 wakacji za nami. Na dobry pocz\u0105tek grupa pi\u0119ciolatk\u00f3w i sze\u015bciolatk\u00f3w przypomnia\u0142a zasady bezpiecznego zachowania si\u0119 nad morzem, w","robots":{"index":"index","follow":"follow","max-snippet":"max-snippet:-1","max-image-preview":"max-image-preview:large","max-video-preview":"max-video-preview:-1"},"canonical":"https:\/\/www.zsk.olsztyn.pl\/przedszkole\/i-tydzien-wakacji-w-grupie-5-i-6-latkow\/","twitter_misc":{"Napisane przez":"admin","Szacowany czas czytania":"1 minuta"},"schema":{"@context":"https:\/\/schema.org","@graph":[{"@type":"WebSite","@id":"https:\/\/www.zsk.olsztyn.pl\/przedszkole\/#website","url":"https:\/\/www.zsk.olsztyn.pl\/przedszkole\/","name":"Katolicki Zesp\u00f3\u0142 Edukacyjny - Niepubliczne przedszkole","description":"Zapraszamy na stron\u0119 katolickiego niepublicznego przedszkola","potentialAction":[{"@type":"SearchAction","target":{"@type":"EntryPoint","urlTemplate":"https:\/\/www.zsk.olsztyn.pl\/przedszkole\/?s={search_term_string}"},"query-input":"required name=search_term_string"}],"inLanguage":"pl-PL"},{"@type":"ImageObject","@id":"https:\/\/www.zsk.olsztyn.pl\/przedszkole\/i-tydzien-wakacji-w-grupie-5-i-6-latkow\/#primaryimage","inLanguage":"pl-PL","url":"https:\/\/www.zsk.olsztyn.pl\/przedszkole\/wp-content\/uploads\/2022\/07\/children-playing-at-beach-in-summer-vector.jpg","contentUrl":"https:\/\/www.zsk.olsztyn.pl\/przedszkole\/wp-content\/uploads\/2022\/07\/children-playing-at-beach-in-summer-vector.jpg","width":715,"height":490},{"@type":"WebPage","@id":"https:\/\/www.zsk.olsztyn.pl\/przedszkole\/i-tydzien-wakacji-w-grupie-5-i-6-latkow\/#webpage","url":"https:\/\/www.zsk.olsztyn.pl\/przedszkole\/i-tydzien-wakacji-w-grupie-5-i-6-latkow\/","name":"I TYDZIE\u0143 WAKACJI W GRUPIE 5 I 6 LATK\u00d3W - Katolicki Zesp\u00f3\u0142 Edukacyjny - Niepubliczne przedszkole","isPartOf":{"@id":"https:\/\/www.zsk.olsztyn.pl\/przedszkole\/#website"},"primaryImageOfPage":{"@id":"https:\/\/www.zsk.olsztyn.pl\/przedszkole\/i-tydzien-wakacji-w-grupie-5-i-6-latkow\/#primaryimage"},"datePublished":"2022-07-13T07:41:51+00:00","dateModified":"2022-07-13T07:41:51+00:00","author":{"@id":"https:\/\/www.zsk.olsztyn.pl\/przedszkole\/#\/schema\/person\/d918f2da4f27cb7ded309fa67f4d415a"},"description":"Pierwszy tydzie\u0144 wakacji za nami. Na dobry pocz\u0105tek grupa pi\u0119ciolatk\u00f3w i sze\u015bciolatk\u00f3w przypomnia\u0142a zasady bezpiecznego zachowania si\u0119 nad morzem, w","breadcrumb":{"@id":"https:\/\/www.zsk.olsztyn.pl\/przedszkole\/i-tydzien-wakacji-w-grupie-5-i-6-latkow\/#breadcrumb"},"inLanguage":"pl-PL","potentialAction":[{"@type":"ReadAction","target":["https:\/\/www.zsk.olsztyn.pl\/przedszkole\/i-tydzien-wakacji-w-grupie-5-i-6-latkow\/"]}]},{"@type":"BreadcrumbList","@id":"https:\/\/www.zsk.olsztyn.pl\/przedszkole\/i-tydzien-wakacji-w-grupie-5-i-6-latkow\/#breadcrumb","itemListElement":[{"@type":"ListItem","position":1,"name":"Strona g\u0142\u00f3wna","item":"https:\/\/www.zsk.olsztyn.pl\/przedszkole\/"},{"@type":"ListItem","position":2,"name":"I TYDZIE\u0143 WAKACJI W GRUPIE 5 I 6 LATK\u00d3W"}]},{"@type":"Person","@id":"https:\/\/www.zsk.olsztyn.pl\/przedszkole\/#\/schema\/person\/d918f2da4f27cb7ded309fa67f4d415a","name":"admin","image":{"@type":"ImageObject","@id":"https:\/\/www.zsk.olsztyn.pl\/przedszkole\/#personlogo","inLanguage":"pl-PL","url":"https:\/\/secure.gravatar.com\/avatar\/4677eccc26cd593f3306dd9613f7e9c7?s=96&d=mm&r=g","contentUrl":"https:\/\/secure.gravatar.com\/avatar\/4677eccc26cd593f3306dd9613f7e9c7?s=96&d=mm&r=g","caption":"admin"},"url":"https:\/\/www.zsk.olsztyn.pl\/przedszkole\/author\/admin\/"}]}},"_links":{"self":[{"href":"https:\/\/www.zsk.olsztyn.pl\/przedszkole\/wp-json\/wp\/v2\/posts\/15557"}],"collection":[{"href":"https:\/\/www.zsk.olsztyn.pl\/przedszkole\/wp-json\/wp\/v2\/posts"}],"about":[{"href":"https:\/\/www.zsk.olsztyn.pl\/przedszkole\/wp-json\/wp\/v2\/types\/post"}],"author":[{"embeddable":true,"href":"https:\/\/www.zsk.olsztyn.pl\/przedszkole\/wp-json\/wp\/v2\/users\/1"}],"replies":[{"embeddable":true,"href":"https:\/\/www.zsk.olsztyn.pl\/przedszkole\/wp-json\/wp\/v2\/comments?post=15557"}],"version-history":[{"count":1,"href":"https:\/\/www.zsk.olsztyn.pl\/przedszkole\/wp-json\/wp\/v2\/posts\/15557\/revisions"}],"predecessor-version":[{"id":15572,"href":"https:\/\/www.zsk.olsztyn.pl\/przedszkole\/wp-json\/wp\/v2\/posts\/15557\/revisions\/15572"}],"wp:featuredmedia":[{"embeddable":true,"href":"https:\/\/www.zsk.olsztyn.pl\/przedszkole\/wp-json\/wp\/v2\/media\/15571"}],"wp:attachment":[{"href":"https:\/\/www.zsk.olsztyn.pl\/przedszkole\/wp-json\/wp\/v2\/media?parent=15557"}],"wp:term":[{"taxonomy":"category","embeddable":true,"href":"https:\/\/www.zsk.olsztyn.pl\/przedszkole\/wp-json\/wp\/v2\/categories?post=15557"},{"taxonomy":"post_tag","embeddable":true,"href":"https:\/\/www.zsk.olsztyn.pl\/przedszkole\/wp-json\/wp\/v2\/tags?post=15557"}],"curies":[{"name":"wp","href":"https:\/\/api.w.org\/{rel}","templated":true}]}}