{"id":15363,"date":"2022-06-02T09:32:08","date_gmt":"2022-06-02T07:32:08","guid":{"rendered":"https:\/\/www.zsk.olsztyn.pl\/przedszkole\/?p=15363"},"modified":"2022-06-02T09:32:08","modified_gmt":"2022-06-02T07:32:08","slug":"dzien-dziecka-5-latki","status":"publish","type":"post","link":"https:\/\/www.zsk.olsztyn.pl\/przedszkole\/dzien-dziecka-5-latki\/","title":{"rendered":"DZIE\u0143 DZIECKA- 5 latki"},"content":{"rendered":"<p>[vc_row][vc_column][vc_column_text]Dzie\u0144 Dziecka \u2013 w tym dniu ka\u017cdy, czy ma\u0142y czy du\u017cy, obchodzi swoje \u015bwi\u0119to. Dzieci w grupie 5-latk\u00f3w z okazji tego dnia wykona\u0142y sorbety. Wcze\u015bniej obejrza\u0142y film o etapach powstawania lod\u00f3w tradycyjnych i w\u0142a\u015bnie lod\u00f3w owocowych. P\u00f3\u017aniej czeka\u0142a ich niespodzianka dostarczona do naszej sali przez Pani\u0105 Dyrektor \u2013 kartonowy domek do z\u0142o\u017cenia i pomalowania. Nie za brak\u0142o r\u00f3wnie\u017c pysznego tortu. A na koniec dzieci mog\u0142y si\u0119 troch\u0119 poprzebiera\u0107 \u2013 w kapelusze, szale, chusty i inne akcesoria. Dzie\u0144 wype\u0142niony od rana atrakcjami. Dzi\u0119kujemy za wsp\u00f3ln\u0105 zabaw\u0119 Drogie Dzieci.[\/vc_column_text][na_galerie_listing ids=&#8221;15364,15365,15366,15367,15368,15369,15370,15371,15372,15373,15374,15375&#8243;][\/vc_column][\/vc_row]<\/p>\n","protected":false},"excerpt":{"rendered":"<p>[vc_row][vc_column][vc_column_text]Dzie\u0144 Dziecka \u2013 w tym dniu ka\u017cdy, czy ma\u0142y czy du\u017cy, obchodzi swoje \u015bwi\u0119to. Dzieci w grupie 5-latk\u00f3w z okazji tego dnia wykona\u0142y sorbety. Wcze\u015bniej obejrza\u0142y film o etapach powstawania lod\u00f3w tradycyjnych i w\u0142a\u015bnie lod\u00f3w owocowych. P\u00f3\u017aniej czeka\u0142a ich niespodzianka dostarczona do naszej sali przez Pani\u0105 Dyrektor \u2013 kartonowy domek do z\u0142o\u017cenia i pomalowania. Nie<\/p>\n","protected":false},"author":1,"featured_media":15376,"comment_status":"closed","ping_status":"open","sticky":false,"template":"","format":"standard","meta":[],"categories":[187],"tags":[],"yoast_head":"<!-- This site is optimized with the Yoast SEO plugin v18.2 - https:\/\/yoast.com\/wordpress\/plugins\/seo\/ -->\n<title>DZIE\u0143 DZIECKA- 5 latki - Katolicki Zesp\u00f3\u0142 Edukacyjny - Niepubliczne przedszkole<\/title>\n<meta name=\"description\" content=\"Dzie\u0144 Dziecka \u2013 w tym dniu ka\u017cdy, czy ma\u0142y czy du\u017cy, obchodzi swoje \u015bwi\u0119to. Dzieci w grupie 5-latk\u00f3w z okazji tego dnia wykona\u0142y sorbety. Wcze\u015bniej\" \/>\n<meta name=\"robots\" content=\"index, follow, max-snippet:-1, max-image-preview:large, max-video-preview:-1\" \/>\n<link rel=\"canonical\" href=\"https:\/\/www.zsk.olsztyn.pl\/przedszkole\/dzien-dziecka-5-latki\/\" \/>\n<meta name=\"twitter:label1\" content=\"Napisane przez\" \/>\n\t<meta name=\"twitter:data1\" content=\"admin\" \/>\n\t<meta name=\"twitter:label2\" content=\"Szacowany czas czytania\" \/>\n\t<meta name=\"twitter:data2\" content=\"1 minuta\" \/>\n<script type=\"application\/ld+json\" class=\"yoast-schema-graph\">{\"@context\":\"https:\/\/schema.org\",\"@graph\":[{\"@type\":\"WebSite\",\"@id\":\"https:\/\/www.zsk.olsztyn.pl\/przedszkole\/#website\",\"url\":\"https:\/\/www.zsk.olsztyn.pl\/przedszkole\/\",\"name\":\"Katolicki Zesp\u00f3\u0142 Edukacyjny - Niepubliczne przedszkole\",\"description\":\"Zapraszamy na stron\u0119 katolickiego niepublicznego przedszkola\",\"potentialAction\":[{\"@type\":\"SearchAction\",\"target\":{\"@type\":\"EntryPoint\",\"urlTemplate\":\"https:\/\/www.zsk.olsztyn.pl\/przedszkole\/?s={search_term_string}\"},\"query-input\":\"required name=search_term_string\"}],\"inLanguage\":\"pl-PL\"},{\"@type\":\"ImageObject\",\"@id\":\"https:\/\/www.zsk.olsztyn.pl\/przedszkole\/dzien-dziecka-5-latki\/#primaryimage\",\"inLanguage\":\"pl-PL\",\"url\":\"https:\/\/www.zsk.olsztyn.pl\/przedszkole\/wp-content\/uploads\/2022\/06\/11-1.jpg\",\"contentUrl\":\"https:\/\/www.zsk.olsztyn.pl\/przedszkole\/wp-content\/uploads\/2022\/06\/11-1.jpg\",\"width\":880,\"height\":459},{\"@type\":\"WebPage\",\"@id\":\"https:\/\/www.zsk.olsztyn.pl\/przedszkole\/dzien-dziecka-5-latki\/#webpage\",\"url\":\"https:\/\/www.zsk.olsztyn.pl\/przedszkole\/dzien-dziecka-5-latki\/\",\"name\":\"DZIE\u0143 DZIECKA- 5 latki - Katolicki Zesp\u00f3\u0142 Edukacyjny - Niepubliczne przedszkole\",\"isPartOf\":{\"@id\":\"https:\/\/www.zsk.olsztyn.pl\/przedszkole\/#website\"},\"primaryImageOfPage\":{\"@id\":\"https:\/\/www.zsk.olsztyn.pl\/przedszkole\/dzien-dziecka-5-latki\/#primaryimage\"},\"datePublished\":\"2022-06-02T07:32:08+00:00\",\"dateModified\":\"2022-06-02T07:32:08+00:00\",\"author\":{\"@id\":\"https:\/\/www.zsk.olsztyn.pl\/przedszkole\/#\/schema\/person\/d918f2da4f27cb7ded309fa67f4d415a\"},\"description\":\"Dzie\u0144 Dziecka \u2013 w tym dniu ka\u017cdy, czy ma\u0142y czy du\u017cy, obchodzi swoje \u015bwi\u0119to. Dzieci w grupie 5-latk\u00f3w z okazji tego dnia wykona\u0142y sorbety. Wcze\u015bniej\",\"breadcrumb\":{\"@id\":\"https:\/\/www.zsk.olsztyn.pl\/przedszkole\/dzien-dziecka-5-latki\/#breadcrumb\"},\"inLanguage\":\"pl-PL\",\"potentialAction\":[{\"@type\":\"ReadAction\",\"target\":[\"https:\/\/www.zsk.olsztyn.pl\/przedszkole\/dzien-dziecka-5-latki\/\"]}]},{\"@type\":\"BreadcrumbList\",\"@id\":\"https:\/\/www.zsk.olsztyn.pl\/przedszkole\/dzien-dziecka-5-latki\/#breadcrumb\",\"itemListElement\":[{\"@type\":\"ListItem\",\"position\":1,\"name\":\"Strona g\u0142\u00f3wna\",\"item\":\"https:\/\/www.zsk.olsztyn.pl\/przedszkole\/\"},{\"@type\":\"ListItem\",\"position\":2,\"name\":\"DZIE\u0143 DZIECKA- 5 latki\"}]},{\"@type\":\"Person\",\"@id\":\"https:\/\/www.zsk.olsztyn.pl\/przedszkole\/#\/schema\/person\/d918f2da4f27cb7ded309fa67f4d415a\",\"name\":\"admin\",\"image\":{\"@type\":\"ImageObject\",\"@id\":\"https:\/\/www.zsk.olsztyn.pl\/przedszkole\/#personlogo\",\"inLanguage\":\"pl-PL\",\"url\":\"https:\/\/secure.gravatar.com\/avatar\/4677eccc26cd593f3306dd9613f7e9c7?s=96&d=mm&r=g\",\"contentUrl\":\"https:\/\/secure.gravatar.com\/avatar\/4677eccc26cd593f3306dd9613f7e9c7?s=96&d=mm&r=g\",\"caption\":\"admin\"},\"url\":\"https:\/\/www.zsk.olsztyn.pl\/przedszkole\/author\/admin\/\"}]}<\/script>\n<!-- \/ Yoast SEO plugin. -->","yoast_head_json":{"title":"DZIE\u0143 DZIECKA- 5 latki - Katolicki Zesp\u00f3\u0142 Edukacyjny - Niepubliczne przedszkole","description":"Dzie\u0144 Dziecka \u2013 w tym dniu ka\u017cdy, czy ma\u0142y czy du\u017cy, obchodzi swoje \u015bwi\u0119to. Dzieci w grupie 5-latk\u00f3w z okazji tego dnia wykona\u0142y sorbety. Wcze\u015bniej","robots":{"index":"index","follow":"follow","max-snippet":"max-snippet:-1","max-image-preview":"max-image-preview:large","max-video-preview":"max-video-preview:-1"},"canonical":"https:\/\/www.zsk.olsztyn.pl\/przedszkole\/dzien-dziecka-5-latki\/","twitter_misc":{"Napisane przez":"admin","Szacowany czas czytania":"1 minuta"},"schema":{"@context":"https:\/\/schema.org","@graph":[{"@type":"WebSite","@id":"https:\/\/www.zsk.olsztyn.pl\/przedszkole\/#website","url":"https:\/\/www.zsk.olsztyn.pl\/przedszkole\/","name":"Katolicki Zesp\u00f3\u0142 Edukacyjny - Niepubliczne przedszkole","description":"Zapraszamy na stron\u0119 katolickiego niepublicznego przedszkola","potentialAction":[{"@type":"SearchAction","target":{"@type":"EntryPoint","urlTemplate":"https:\/\/www.zsk.olsztyn.pl\/przedszkole\/?s={search_term_string}"},"query-input":"required name=search_term_string"}],"inLanguage":"pl-PL"},{"@type":"ImageObject","@id":"https:\/\/www.zsk.olsztyn.pl\/przedszkole\/dzien-dziecka-5-latki\/#primaryimage","inLanguage":"pl-PL","url":"https:\/\/www.zsk.olsztyn.pl\/przedszkole\/wp-content\/uploads\/2022\/06\/11-1.jpg","contentUrl":"https:\/\/www.zsk.olsztyn.pl\/przedszkole\/wp-content\/uploads\/2022\/06\/11-1.jpg","width":880,"height":459},{"@type":"WebPage","@id":"https:\/\/www.zsk.olsztyn.pl\/przedszkole\/dzien-dziecka-5-latki\/#webpage","url":"https:\/\/www.zsk.olsztyn.pl\/przedszkole\/dzien-dziecka-5-latki\/","name":"DZIE\u0143 DZIECKA- 5 latki - Katolicki Zesp\u00f3\u0142 Edukacyjny - Niepubliczne przedszkole","isPartOf":{"@id":"https:\/\/www.zsk.olsztyn.pl\/przedszkole\/#website"},"primaryImageOfPage":{"@id":"https:\/\/www.zsk.olsztyn.pl\/przedszkole\/dzien-dziecka-5-latki\/#primaryimage"},"datePublished":"2022-06-02T07:32:08+00:00","dateModified":"2022-06-02T07:32:08+00:00","author":{"@id":"https:\/\/www.zsk.olsztyn.pl\/przedszkole\/#\/schema\/person\/d918f2da4f27cb7ded309fa67f4d415a"},"description":"Dzie\u0144 Dziecka \u2013 w tym dniu ka\u017cdy, czy ma\u0142y czy du\u017cy, obchodzi swoje \u015bwi\u0119to. Dzieci w grupie 5-latk\u00f3w z okazji tego dnia wykona\u0142y sorbety. Wcze\u015bniej","breadcrumb":{"@id":"https:\/\/www.zsk.olsztyn.pl\/przedszkole\/dzien-dziecka-5-latki\/#breadcrumb"},"inLanguage":"pl-PL","potentialAction":[{"@type":"ReadAction","target":["https:\/\/www.zsk.olsztyn.pl\/przedszkole\/dzien-dziecka-5-latki\/"]}]},{"@type":"BreadcrumbList","@id":"https:\/\/www.zsk.olsztyn.pl\/przedszkole\/dzien-dziecka-5-latki\/#breadcrumb","itemListElement":[{"@type":"ListItem","position":1,"name":"Strona g\u0142\u00f3wna","item":"https:\/\/www.zsk.olsztyn.pl\/przedszkole\/"},{"@type":"ListItem","position":2,"name":"DZIE\u0143 DZIECKA- 5 latki"}]},{"@type":"Person","@id":"https:\/\/www.zsk.olsztyn.pl\/przedszkole\/#\/schema\/person\/d918f2da4f27cb7ded309fa67f4d415a","name":"admin","image":{"@type":"ImageObject","@id":"https:\/\/www.zsk.olsztyn.pl\/przedszkole\/#personlogo","inLanguage":"pl-PL","url":"https:\/\/secure.gravatar.com\/avatar\/4677eccc26cd593f3306dd9613f7e9c7?s=96&d=mm&r=g","contentUrl":"https:\/\/secure.gravatar.com\/avatar\/4677eccc26cd593f3306dd9613f7e9c7?s=96&d=mm&r=g","caption":"admin"},"url":"https:\/\/www.zsk.olsztyn.pl\/przedszkole\/author\/admin\/"}]}},"_links":{"self":[{"href":"https:\/\/www.zsk.olsztyn.pl\/przedszkole\/wp-json\/wp\/v2\/posts\/15363"}],"collection":[{"href":"https:\/\/www.zsk.olsztyn.pl\/przedszkole\/wp-json\/wp\/v2\/posts"}],"about":[{"href":"https:\/\/www.zsk.olsztyn.pl\/przedszkole\/wp-json\/wp\/v2\/types\/post"}],"author":[{"embeddable":true,"href":"https:\/\/www.zsk.olsztyn.pl\/przedszkole\/wp-json\/wp\/v2\/users\/1"}],"replies":[{"embeddable":true,"href":"https:\/\/www.zsk.olsztyn.pl\/przedszkole\/wp-json\/wp\/v2\/comments?post=15363"}],"version-history":[{"count":1,"href":"https:\/\/www.zsk.olsztyn.pl\/przedszkole\/wp-json\/wp\/v2\/posts\/15363\/revisions"}],"predecessor-version":[{"id":15377,"href":"https:\/\/www.zsk.olsztyn.pl\/przedszkole\/wp-json\/wp\/v2\/posts\/15363\/revisions\/15377"}],"wp:featuredmedia":[{"embeddable":true,"href":"https:\/\/www.zsk.olsztyn.pl\/przedszkole\/wp-json\/wp\/v2\/media\/15376"}],"wp:attachment":[{"href":"https:\/\/www.zsk.olsztyn.pl\/przedszkole\/wp-json\/wp\/v2\/media?parent=15363"}],"wp:term":[{"taxonomy":"category","embeddable":true,"href":"https:\/\/www.zsk.olsztyn.pl\/przedszkole\/wp-json\/wp\/v2\/categories?post=15363"},{"taxonomy":"post_tag","embeddable":true,"href":"https:\/\/www.zsk.olsztyn.pl\/przedszkole\/wp-json\/wp\/v2\/tags?post=15363"}],"curies":[{"name":"wp","href":"https:\/\/api.w.org\/{rel}","templated":true}]}}