{"id":12489,"date":"2021-06-11T11:30:32","date_gmt":"2021-06-11T09:30:32","guid":{"rendered":"http:\/\/www.zsk.olsztyn.pl\/przedszkole\/?p=12489"},"modified":"2022-08-22T01:40:28","modified_gmt":"2022-08-21T23:40:28","slug":"turniej-szachowy-6-latki","status":"publish","type":"post","link":"https:\/\/www.zsk.olsztyn.pl\/przedszkole\/turniej-szachowy-6-latki\/","title":{"rendered":"TURNIEJ SZACHOWY- 6 latki"},"content":{"rendered":"<h3><em><span style=\"color: #008000;\">Dzie\u0144 10 czerwca 2021 r. zostanie wyj\u0105tkowo zapisany w historii naszego przedszkola.<\/span><\/em><\/h3>\n<h3><em><span style=\"color: #008000;\">To wydarzenie zostanie r\u00f3wnie\u017c zapami\u0119tane przez najstarszych wychowank\u00f3w opuszczaj\u0105cych nied\u0142ugo mury przedszkolne. W sali 6-latk\u00f3w odby\u0142 si\u0119 Turniej Szachowy.<\/span><\/em><\/h3>\n<h3><em><span style=\"color: #008000;\">W zawodach wszystkie dzieci dzielnie podejmowa\u0142y decyzje szachowe i tak naprawd\u0119 ka\u017cdy z nich jest zwyci\u0119zc\u0105, poniewa\u017c ka\u017cdy rozgrywa\u0142 swoje ma\u0142e bitwy na polu szachowym.<\/span><\/em><\/h3>\n<h3><em><span style=\"color: #008000;\">Gratulujemy wszystkim dzieciom wspania\u0142ych osi\u0105gni\u0119\u0107!<\/span><\/em><\/h3>\n<h3><em><span style=\"color: #008000;\">\u00a0Trzy pierwsze miejsca zdobyli: Marek, Mateusz i Piotru\u015b.\u00a0\u00a0<\/span><\/em><\/h3>\n<div id='gallery-1' class='gallery galleryid-12489 gallery-columns-2 gallery-size-medium'><figure class='gallery-item'>\n\t\t\t<div class='gallery-icon portrait'>\n\t\t\t\t<a href='https:\/\/www.zsk.olsztyn.pl\/przedszkole\/wp-content\/uploads\/2021\/06\/20210610_114520-e1623403570436.jpg'><img width=\"225\" height=\"300\" src=\"https:\/\/www.zsk.olsztyn.pl\/przedszkole\/wp-content\/uploads\/2021\/06\/20210610_114520-e1623403570436-225x300.jpg\" class=\"attachment-medium size-medium\" alt=\"\" loading=\"lazy\" srcset=\"https:\/\/www.zsk.olsztyn.pl\/przedszkole\/wp-content\/uploads\/2021\/06\/20210610_114520-e1623403570436-225x300.jpg 225w, https:\/\/www.zsk.olsztyn.pl\/przedszkole\/wp-content\/uploads\/2021\/06\/20210610_114520-e1623403570436-768x1024.jpg 768w\" sizes=\"(max-width: 225px) 100vw, 225px\" \/><\/a>\n\t\t\t<\/div><\/figure><figure class='gallery-item'>\n\t\t\t<div class='gallery-icon portrait'>\n\t\t\t\t<a href='https:\/\/www.zsk.olsztyn.pl\/przedszkole\/wp-content\/uploads\/2021\/06\/20210610_120430-e1623403580958.jpg'><img width=\"225\" height=\"300\" src=\"https:\/\/www.zsk.olsztyn.pl\/przedszkole\/wp-content\/uploads\/2021\/06\/20210610_120430-e1623403580958-225x300.jpg\" class=\"attachment-medium size-medium\" alt=\"\" loading=\"lazy\" srcset=\"https:\/\/www.zsk.olsztyn.pl\/przedszkole\/wp-content\/uploads\/2021\/06\/20210610_120430-e1623403580958-225x300.jpg 225w, https:\/\/www.zsk.olsztyn.pl\/przedszkole\/wp-content\/uploads\/2021\/06\/20210610_120430-e1623403580958-768x1024.jpg 768w\" sizes=\"(max-width: 225px) 100vw, 225px\" \/><\/a>\n\t\t\t<\/div><\/figure><figure class='gallery-item'>\n\t\t\t<div class='gallery-icon portrait'>\n\t\t\t\t<a href='https:\/\/www.zsk.olsztyn.pl\/przedszkole\/wp-content\/uploads\/2021\/06\/20210610_120600-e1623403594954.jpg'><img width=\"225\" height=\"300\" src=\"https:\/\/www.zsk.olsztyn.pl\/przedszkole\/wp-content\/uploads\/2021\/06\/20210610_120600-e1623403594954-225x300.jpg\" class=\"attachment-medium size-medium\" alt=\"\" loading=\"lazy\" srcset=\"https:\/\/www.zsk.olsztyn.pl\/przedszkole\/wp-content\/uploads\/2021\/06\/20210610_120600-e1623403594954-225x300.jpg 225w, https:\/\/www.zsk.olsztyn.pl\/przedszkole\/wp-content\/uploads\/2021\/06\/20210610_120600-e1623403594954-768x1024.jpg 768w\" sizes=\"(max-width: 225px) 100vw, 225px\" \/><\/a>\n\t\t\t<\/div><\/figure><figure class='gallery-item'>\n\t\t\t<div class='gallery-icon portrait'>\n\t\t\t\t<a href='https:\/\/www.zsk.olsztyn.pl\/przedszkole\/wp-content\/uploads\/2021\/06\/20210610_120721-e1623403607202.jpg'><img width=\"225\" height=\"300\" src=\"https:\/\/www.zsk.olsztyn.pl\/przedszkole\/wp-content\/uploads\/2021\/06\/20210610_120721-e1623403607202-225x300.jpg\" class=\"attachment-medium size-medium\" alt=\"\" loading=\"lazy\" srcset=\"https:\/\/www.zsk.olsztyn.pl\/przedszkole\/wp-content\/uploads\/2021\/06\/20210610_120721-e1623403607202-225x300.jpg 225w, https:\/\/www.zsk.olsztyn.pl\/przedszkole\/wp-content\/uploads\/2021\/06\/20210610_120721-e1623403607202-768x1024.jpg 768w\" sizes=\"(max-width: 225px) 100vw, 225px\" \/><\/a>\n\t\t\t<\/div><\/figure><figure class='gallery-item'>\n\t\t\t<div class='gallery-icon landscape'>\n\t\t\t\t<a href='https:\/\/www.zsk.olsztyn.pl\/przedszkole\/wp-content\/uploads\/2021\/06\/20210610_125634.jpg'><img width=\"300\" height=\"225\" src=\"https:\/\/www.zsk.olsztyn.pl\/przedszkole\/wp-content\/uploads\/2021\/06\/20210610_125634-300x225.jpg\" class=\"attachment-medium size-medium\" alt=\"\" loading=\"lazy\" srcset=\"https:\/\/www.zsk.olsztyn.pl\/przedszkole\/wp-content\/uploads\/2021\/06\/20210610_125634-300x225.jpg 300w, https:\/\/www.zsk.olsztyn.pl\/przedszkole\/wp-content\/uploads\/2021\/06\/20210610_125634-1024x768.jpg 1024w\" sizes=\"(max-width: 300px) 100vw, 300px\" \/><\/a>\n\t\t\t<\/div><\/figure><figure class='gallery-item'>\n\t\t\t<div class='gallery-icon landscape'>\n\t\t\t\t<a href='https:\/\/www.zsk.olsztyn.pl\/przedszkole\/wp-content\/uploads\/2021\/06\/20210610_104920.jpg'><img width=\"300\" height=\"225\" src=\"https:\/\/www.zsk.olsztyn.pl\/przedszkole\/wp-content\/uploads\/2021\/06\/20210610_104920-300x225.jpg\" class=\"attachment-medium size-medium\" alt=\"\" loading=\"lazy\" srcset=\"https:\/\/www.zsk.olsztyn.pl\/przedszkole\/wp-content\/uploads\/2021\/06\/20210610_104920-300x225.jpg 300w, https:\/\/www.zsk.olsztyn.pl\/przedszkole\/wp-content\/uploads\/2021\/06\/20210610_104920-1024x768.jpg 1024w\" sizes=\"(max-width: 300px) 100vw, 300px\" \/><\/a>\n\t\t\t<\/div><\/figure><figure class='gallery-item'>\n\t\t\t<div class='gallery-icon landscape'>\n\t\t\t\t<a href='https:\/\/www.zsk.olsztyn.pl\/przedszkole\/wp-content\/uploads\/2021\/06\/20210610_105408.jpg'><img width=\"300\" height=\"225\" src=\"https:\/\/www.zsk.olsztyn.pl\/przedszkole\/wp-content\/uploads\/2021\/06\/20210610_105408-300x225.jpg\" class=\"attachment-medium size-medium\" alt=\"\" loading=\"lazy\" srcset=\"https:\/\/www.zsk.olsztyn.pl\/przedszkole\/wp-content\/uploads\/2021\/06\/20210610_105408-300x225.jpg 300w, https:\/\/www.zsk.olsztyn.pl\/przedszkole\/wp-content\/uploads\/2021\/06\/20210610_105408-1024x768.jpg 1024w\" sizes=\"(max-width: 300px) 100vw, 300px\" \/><\/a>\n\t\t\t<\/div><\/figure><figure class='gallery-item'>\n\t\t\t<div class='gallery-icon portrait'>\n\t\t\t\t<a href='https:\/\/www.zsk.olsztyn.pl\/przedszkole\/wp-content\/uploads\/2021\/06\/20210610_110403-e1623403619251.jpg'><img width=\"225\" height=\"300\" src=\"https:\/\/www.zsk.olsztyn.pl\/przedszkole\/wp-content\/uploads\/2021\/06\/20210610_110403-e1623403619251-225x300.jpg\" class=\"attachment-medium size-medium\" alt=\"\" loading=\"lazy\" srcset=\"https:\/\/www.zsk.olsztyn.pl\/przedszkole\/wp-content\/uploads\/2021\/06\/20210610_110403-e1623403619251-225x300.jpg 225w, https:\/\/www.zsk.olsztyn.pl\/przedszkole\/wp-content\/uploads\/2021\/06\/20210610_110403-e1623403619251-768x1024.jpg 768w\" sizes=\"(max-width: 225px) 100vw, 225px\" \/><\/a>\n\t\t\t<\/div><\/figure><figure class='gallery-item'>\n\t\t\t<div class='gallery-icon portrait'>\n\t\t\t\t<a href='https:\/\/www.zsk.olsztyn.pl\/przedszkole\/wp-content\/uploads\/2021\/06\/20210610_110423-e1623403629411.jpg'><img width=\"225\" height=\"300\" src=\"https:\/\/www.zsk.olsztyn.pl\/przedszkole\/wp-content\/uploads\/2021\/06\/20210610_110423-e1623403629411-225x300.jpg\" class=\"attachment-medium size-medium\" alt=\"\" loading=\"lazy\" srcset=\"https:\/\/www.zsk.olsztyn.pl\/przedszkole\/wp-content\/uploads\/2021\/06\/20210610_110423-e1623403629411-225x300.jpg 225w, https:\/\/www.zsk.olsztyn.pl\/przedszkole\/wp-content\/uploads\/2021\/06\/20210610_110423-e1623403629411-768x1024.jpg 768w\" sizes=\"(max-width: 225px) 100vw, 225px\" \/><\/a>\n\t\t\t<\/div><\/figure><figure class='gallery-item'>\n\t\t\t<div class='gallery-icon portrait'>\n\t\t\t\t<a href='https:\/\/www.zsk.olsztyn.pl\/przedszkole\/wp-content\/uploads\/2021\/06\/20210610_110611-e1623403650102.jpg'><img width=\"225\" height=\"300\" src=\"https:\/\/www.zsk.olsztyn.pl\/przedszkole\/wp-content\/uploads\/2021\/06\/20210610_110611-e1623403650102-225x300.jpg\" class=\"attachment-medium size-medium\" alt=\"\" loading=\"lazy\" srcset=\"https:\/\/www.zsk.olsztyn.pl\/przedszkole\/wp-content\/uploads\/2021\/06\/20210610_110611-e1623403650102-225x300.jpg 225w, https:\/\/www.zsk.olsztyn.pl\/przedszkole\/wp-content\/uploads\/2021\/06\/20210610_110611-e1623403650102-768x1024.jpg 768w\" sizes=\"(max-width: 225px) 100vw, 225px\" \/><\/a>\n\t\t\t<\/div><\/figure><figure class='gallery-item'>\n\t\t\t<div class='gallery-icon portrait'>\n\t\t\t\t<a href='https:\/\/www.zsk.olsztyn.pl\/przedszkole\/wp-content\/uploads\/2021\/06\/20210610_112113-e1623403661961.jpg'><img width=\"225\" height=\"300\" src=\"https:\/\/www.zsk.olsztyn.pl\/przedszkole\/wp-content\/uploads\/2021\/06\/20210610_112113-e1623403661961-225x300.jpg\" class=\"attachment-medium size-medium\" alt=\"\" loading=\"lazy\" srcset=\"https:\/\/www.zsk.olsztyn.pl\/przedszkole\/wp-content\/uploads\/2021\/06\/20210610_112113-e1623403661961-225x300.jpg 225w, https:\/\/www.zsk.olsztyn.pl\/przedszkole\/wp-content\/uploads\/2021\/06\/20210610_112113-e1623403661961-768x1024.jpg 768w\" sizes=\"(max-width: 225px) 100vw, 225px\" \/><\/a>\n\t\t\t<\/div><\/figure><figure class='gallery-item'>\n\t\t\t<div class='gallery-icon portrait'>\n\t\t\t\t<a href='https:\/\/www.zsk.olsztyn.pl\/przedszkole\/wp-content\/uploads\/2021\/06\/20210610_114315-e1623403671277.jpg'><img width=\"225\" height=\"300\" src=\"https:\/\/www.zsk.olsztyn.pl\/przedszkole\/wp-content\/uploads\/2021\/06\/20210610_114315-e1623403671277-225x300.jpg\" class=\"attachment-medium size-medium\" alt=\"\" loading=\"lazy\" srcset=\"https:\/\/www.zsk.olsztyn.pl\/przedszkole\/wp-content\/uploads\/2021\/06\/20210610_114315-e1623403671277-225x300.jpg 225w, https:\/\/www.zsk.olsztyn.pl\/przedszkole\/wp-content\/uploads\/2021\/06\/20210610_114315-e1623403671277-768x1024.jpg 768w\" sizes=\"(max-width: 225px) 100vw, 225px\" \/><\/a>\n\t\t\t<\/div><\/figure><figure class='gallery-item'>\n\t\t\t<div class='gallery-icon portrait'>\n\t\t\t\t<a href='https:\/\/www.zsk.olsztyn.pl\/przedszkole\/wp-content\/uploads\/2021\/06\/20210610_114332-e1623403682982.jpg'><img width=\"225\" height=\"300\" src=\"https:\/\/www.zsk.olsztyn.pl\/przedszkole\/wp-content\/uploads\/2021\/06\/20210610_114332-e1623403682982-225x300.jpg\" class=\"attachment-medium size-medium\" alt=\"\" loading=\"lazy\" srcset=\"https:\/\/www.zsk.olsztyn.pl\/przedszkole\/wp-content\/uploads\/2021\/06\/20210610_114332-e1623403682982-225x300.jpg 225w, https:\/\/www.zsk.olsztyn.pl\/przedszkole\/wp-content\/uploads\/2021\/06\/20210610_114332-e1623403682982-768x1024.jpg 768w\" sizes=\"(max-width: 225px) 100vw, 225px\" \/><\/a>\n\t\t\t<\/div><\/figure><figure class='gallery-item'>\n\t\t\t<div class='gallery-icon landscape'>\n\t\t\t\t<a href='https:\/\/www.zsk.olsztyn.pl\/przedszkole\/wp-content\/uploads\/2021\/06\/20210610_125712.jpg'><img width=\"300\" height=\"225\" src=\"https:\/\/www.zsk.olsztyn.pl\/przedszkole\/wp-content\/uploads\/2021\/06\/20210610_125712-300x225.jpg\" class=\"attachment-medium size-medium\" alt=\"\" loading=\"lazy\" srcset=\"https:\/\/www.zsk.olsztyn.pl\/przedszkole\/wp-content\/uploads\/2021\/06\/20210610_125712-300x225.jpg 300w, https:\/\/www.zsk.olsztyn.pl\/przedszkole\/wp-content\/uploads\/2021\/06\/20210610_125712-1024x768.jpg 1024w\" sizes=\"(max-width: 300px) 100vw, 300px\" \/><\/a>\n\t\t\t<\/div><\/figure>\n\t\t<\/div>\n\n","protected":false},"excerpt":{"rendered":"<p>Dzie\u0144 10 czerwca 2021 r. zostanie wyj\u0105tkowo zapisany w historii naszego przedszkola. To wydarzenie zostanie r\u00f3wnie\u017c zapami\u0119tane przez najstarszych wychowank\u00f3w opuszczaj\u0105cych nied\u0142ugo mury przedszkolne. W sali 6-latk\u00f3w odby\u0142 si\u0119 Turniej Szachowy. W zawodach wszystkie dzieci dzielnie podejmowa\u0142y decyzje szachowe i tak naprawd\u0119 ka\u017cdy z nich jest zwyci\u0119zc\u0105, poniewa\u017c ka\u017cdy rozgrywa\u0142 swoje ma\u0142e bitwy na polu<\/p>\n","protected":false},"author":1,"featured_media":12504,"comment_status":"open","ping_status":"open","sticky":false,"template":"","format":"standard","meta":[],"categories":[230,4],"tags":[],"yoast_head":"<!-- This site is optimized with the Yoast SEO plugin v18.2 - https:\/\/yoast.com\/wordpress\/plugins\/seo\/ -->\n<title>TURNIEJ SZACHOWY- 6 latki - Katolicki Zesp\u00f3\u0142 Edukacyjny - Niepubliczne przedszkole<\/title>\n<meta name=\"description\" content=\"Dzie\u0144 10 czerwca 2021 r. zostanie wyj\u0105tkowo zapisany w historii naszego przedszkola. To wydarzenie zostanie r\u00f3wnie\u017c zapami\u0119tane przez najstarszych\" \/>\n<meta name=\"robots\" content=\"index, follow, max-snippet:-1, max-image-preview:large, max-video-preview:-1\" \/>\n<link rel=\"canonical\" href=\"https:\/\/www.zsk.olsztyn.pl\/przedszkole\/turniej-szachowy-6-latki\/\" \/>\n<meta name=\"twitter:label1\" content=\"Napisane przez\" \/>\n\t<meta name=\"twitter:data1\" content=\"admin\" \/>\n<script type=\"application\/ld+json\" class=\"yoast-schema-graph\">{\"@context\":\"https:\/\/schema.org\",\"@graph\":[{\"@type\":\"WebSite\",\"@id\":\"https:\/\/www.zsk.olsztyn.pl\/przedszkole\/#website\",\"url\":\"https:\/\/www.zsk.olsztyn.pl\/przedszkole\/\",\"name\":\"Katolicki Zesp\u00f3\u0142 Edukacyjny - Niepubliczne przedszkole\",\"description\":\"Zapraszamy na stron\u0119 katolickiego niepublicznego przedszkola\",\"potentialAction\":[{\"@type\":\"SearchAction\",\"target\":{\"@type\":\"EntryPoint\",\"urlTemplate\":\"https:\/\/www.zsk.olsztyn.pl\/przedszkole\/?s={search_term_string}\"},\"query-input\":\"required name=search_term_string\"}],\"inLanguage\":\"pl-PL\"},{\"@type\":\"ImageObject\",\"@id\":\"https:\/\/www.zsk.olsztyn.pl\/przedszkole\/turniej-szachowy-6-latki\/#primaryimage\",\"inLanguage\":\"pl-PL\",\"url\":\"https:\/\/www.zsk.olsztyn.pl\/przedszkole\/wp-content\/uploads\/2021\/06\/chess-5112895_1920-1024x580.jpg\",\"contentUrl\":\"https:\/\/www.zsk.olsztyn.pl\/przedszkole\/wp-content\/uploads\/2021\/06\/chess-5112895_1920-1024x580.jpg\",\"width\":1024,\"height\":580},{\"@type\":\"WebPage\",\"@id\":\"https:\/\/www.zsk.olsztyn.pl\/przedszkole\/turniej-szachowy-6-latki\/#webpage\",\"url\":\"https:\/\/www.zsk.olsztyn.pl\/przedszkole\/turniej-szachowy-6-latki\/\",\"name\":\"TURNIEJ SZACHOWY- 6 latki - Katolicki Zesp\u00f3\u0142 Edukacyjny - Niepubliczne przedszkole\",\"isPartOf\":{\"@id\":\"https:\/\/www.zsk.olsztyn.pl\/przedszkole\/#website\"},\"primaryImageOfPage\":{\"@id\":\"https:\/\/www.zsk.olsztyn.pl\/przedszkole\/turniej-szachowy-6-latki\/#primaryimage\"},\"datePublished\":\"2021-06-11T09:30:32+00:00\",\"dateModified\":\"2022-08-21T23:40:28+00:00\",\"author\":{\"@id\":\"https:\/\/www.zsk.olsztyn.pl\/przedszkole\/#\/schema\/person\/d918f2da4f27cb7ded309fa67f4d415a\"},\"description\":\"Dzie\u0144 10 czerwca 2021 r. zostanie wyj\u0105tkowo zapisany w historii naszego przedszkola. To wydarzenie zostanie r\u00f3wnie\u017c zapami\u0119tane przez najstarszych\",\"breadcrumb\":{\"@id\":\"https:\/\/www.zsk.olsztyn.pl\/przedszkole\/turniej-szachowy-6-latki\/#breadcrumb\"},\"inLanguage\":\"pl-PL\",\"potentialAction\":[{\"@type\":\"ReadAction\",\"target\":[\"https:\/\/www.zsk.olsztyn.pl\/przedszkole\/turniej-szachowy-6-latki\/\"]}]},{\"@type\":\"BreadcrumbList\",\"@id\":\"https:\/\/www.zsk.olsztyn.pl\/przedszkole\/turniej-szachowy-6-latki\/#breadcrumb\",\"itemListElement\":[{\"@type\":\"ListItem\",\"position\":1,\"name\":\"Strona g\u0142\u00f3wna\",\"item\":\"https:\/\/www.zsk.olsztyn.pl\/przedszkole\/\"},{\"@type\":\"ListItem\",\"position\":2,\"name\":\"TURNIEJ SZACHOWY- 6 latki\"}]},{\"@type\":\"Person\",\"@id\":\"https:\/\/www.zsk.olsztyn.pl\/przedszkole\/#\/schema\/person\/d918f2da4f27cb7ded309fa67f4d415a\",\"name\":\"admin\",\"image\":{\"@type\":\"ImageObject\",\"@id\":\"https:\/\/www.zsk.olsztyn.pl\/przedszkole\/#personlogo\",\"inLanguage\":\"pl-PL\",\"url\":\"https:\/\/secure.gravatar.com\/avatar\/4677eccc26cd593f3306dd9613f7e9c7?s=96&d=mm&r=g\",\"contentUrl\":\"https:\/\/secure.gravatar.com\/avatar\/4677eccc26cd593f3306dd9613f7e9c7?s=96&d=mm&r=g\",\"caption\":\"admin\"},\"url\":\"https:\/\/www.zsk.olsztyn.pl\/przedszkole\/author\/admin\/\"}]}<\/script>\n<!-- \/ Yoast SEO plugin. -->","yoast_head_json":{"title":"TURNIEJ SZACHOWY- 6 latki - Katolicki Zesp\u00f3\u0142 Edukacyjny - Niepubliczne przedszkole","description":"Dzie\u0144 10 czerwca 2021 r. zostanie wyj\u0105tkowo zapisany w historii naszego przedszkola. To wydarzenie zostanie r\u00f3wnie\u017c zapami\u0119tane przez najstarszych","robots":{"index":"index","follow":"follow","max-snippet":"max-snippet:-1","max-image-preview":"max-image-preview:large","max-video-preview":"max-video-preview:-1"},"canonical":"https:\/\/www.zsk.olsztyn.pl\/przedszkole\/turniej-szachowy-6-latki\/","twitter_misc":{"Napisane przez":"admin"},"schema":{"@context":"https:\/\/schema.org","@graph":[{"@type":"WebSite","@id":"https:\/\/www.zsk.olsztyn.pl\/przedszkole\/#website","url":"https:\/\/www.zsk.olsztyn.pl\/przedszkole\/","name":"Katolicki Zesp\u00f3\u0142 Edukacyjny - Niepubliczne przedszkole","description":"Zapraszamy na stron\u0119 katolickiego niepublicznego przedszkola","potentialAction":[{"@type":"SearchAction","target":{"@type":"EntryPoint","urlTemplate":"https:\/\/www.zsk.olsztyn.pl\/przedszkole\/?s={search_term_string}"},"query-input":"required name=search_term_string"}],"inLanguage":"pl-PL"},{"@type":"ImageObject","@id":"https:\/\/www.zsk.olsztyn.pl\/przedszkole\/turniej-szachowy-6-latki\/#primaryimage","inLanguage":"pl-PL","url":"https:\/\/www.zsk.olsztyn.pl\/przedszkole\/wp-content\/uploads\/2021\/06\/chess-5112895_1920-1024x580.jpg","contentUrl":"https:\/\/www.zsk.olsztyn.pl\/przedszkole\/wp-content\/uploads\/2021\/06\/chess-5112895_1920-1024x580.jpg","width":1024,"height":580},{"@type":"WebPage","@id":"https:\/\/www.zsk.olsztyn.pl\/przedszkole\/turniej-szachowy-6-latki\/#webpage","url":"https:\/\/www.zsk.olsztyn.pl\/przedszkole\/turniej-szachowy-6-latki\/","name":"TURNIEJ SZACHOWY- 6 latki - Katolicki Zesp\u00f3\u0142 Edukacyjny - Niepubliczne przedszkole","isPartOf":{"@id":"https:\/\/www.zsk.olsztyn.pl\/przedszkole\/#website"},"primaryImageOfPage":{"@id":"https:\/\/www.zsk.olsztyn.pl\/przedszkole\/turniej-szachowy-6-latki\/#primaryimage"},"datePublished":"2021-06-11T09:30:32+00:00","dateModified":"2022-08-21T23:40:28+00:00","author":{"@id":"https:\/\/www.zsk.olsztyn.pl\/przedszkole\/#\/schema\/person\/d918f2da4f27cb7ded309fa67f4d415a"},"description":"Dzie\u0144 10 czerwca 2021 r. zostanie wyj\u0105tkowo zapisany w historii naszego przedszkola. To wydarzenie zostanie r\u00f3wnie\u017c zapami\u0119tane przez najstarszych","breadcrumb":{"@id":"https:\/\/www.zsk.olsztyn.pl\/przedszkole\/turniej-szachowy-6-latki\/#breadcrumb"},"inLanguage":"pl-PL","potentialAction":[{"@type":"ReadAction","target":["https:\/\/www.zsk.olsztyn.pl\/przedszkole\/turniej-szachowy-6-latki\/"]}]},{"@type":"BreadcrumbList","@id":"https:\/\/www.zsk.olsztyn.pl\/przedszkole\/turniej-szachowy-6-latki\/#breadcrumb","itemListElement":[{"@type":"ListItem","position":1,"name":"Strona g\u0142\u00f3wna","item":"https:\/\/www.zsk.olsztyn.pl\/przedszkole\/"},{"@type":"ListItem","position":2,"name":"TURNIEJ SZACHOWY- 6 latki"}]},{"@type":"Person","@id":"https:\/\/www.zsk.olsztyn.pl\/przedszkole\/#\/schema\/person\/d918f2da4f27cb7ded309fa67f4d415a","name":"admin","image":{"@type":"ImageObject","@id":"https:\/\/www.zsk.olsztyn.pl\/przedszkole\/#personlogo","inLanguage":"pl-PL","url":"https:\/\/secure.gravatar.com\/avatar\/4677eccc26cd593f3306dd9613f7e9c7?s=96&d=mm&r=g","contentUrl":"https:\/\/secure.gravatar.com\/avatar\/4677eccc26cd593f3306dd9613f7e9c7?s=96&d=mm&r=g","caption":"admin"},"url":"https:\/\/www.zsk.olsztyn.pl\/przedszkole\/author\/admin\/"}]}},"_links":{"self":[{"href":"https:\/\/www.zsk.olsztyn.pl\/przedszkole\/wp-json\/wp\/v2\/posts\/12489"}],"collection":[{"href":"https:\/\/www.zsk.olsztyn.pl\/przedszkole\/wp-json\/wp\/v2\/posts"}],"about":[{"href":"https:\/\/www.zsk.olsztyn.pl\/przedszkole\/wp-json\/wp\/v2\/types\/post"}],"author":[{"embeddable":true,"href":"https:\/\/www.zsk.olsztyn.pl\/przedszkole\/wp-json\/wp\/v2\/users\/1"}],"replies":[{"embeddable":true,"href":"https:\/\/www.zsk.olsztyn.pl\/przedszkole\/wp-json\/wp\/v2\/comments?post=12489"}],"version-history":[{"count":1,"href":"https:\/\/www.zsk.olsztyn.pl\/przedszkole\/wp-json\/wp\/v2\/posts\/12489\/revisions"}],"predecessor-version":[{"id":12505,"href":"https:\/\/www.zsk.olsztyn.pl\/przedszkole\/wp-json\/wp\/v2\/posts\/12489\/revisions\/12505"}],"wp:featuredmedia":[{"embeddable":true,"href":"https:\/\/www.zsk.olsztyn.pl\/przedszkole\/wp-json\/wp\/v2\/media\/12504"}],"wp:attachment":[{"href":"https:\/\/www.zsk.olsztyn.pl\/przedszkole\/wp-json\/wp\/v2\/media?parent=12489"}],"wp:term":[{"taxonomy":"category","embeddable":true,"href":"https:\/\/www.zsk.olsztyn.pl\/przedszkole\/wp-json\/wp\/v2\/categories?post=12489"},{"taxonomy":"post_tag","embeddable":true,"href":"https:\/\/www.zsk.olsztyn.pl\/przedszkole\/wp-json\/wp\/v2\/tags?post=12489"}],"curies":[{"name":"wp","href":"https:\/\/api.w.org\/{rel}","templated":true}]}}