{"id":12260,"date":"2021-05-11T08:13:49","date_gmt":"2021-05-11T06:13:49","guid":{"rendered":"http:\/\/www.zsk.olsztyn.pl\/przedszkole\/?p=12260"},"modified":"2022-08-22T01:44:45","modified_gmt":"2022-08-21T23:44:45","slug":"12260","status":"publish","type":"post","link":"https:\/\/www.zsk.olsztyn.pl\/przedszkole\/12260\/","title":{"rendered":"TYDZIE\u0143 REGIONALNY- 6 latki"},"content":{"rendered":"<h3 style=\"text-align: justify;\"><span style=\"color: #0000ff;\">Warmia, zwana j\u0119zyku pruskim ,,czerwon\u0105 ziemi\u0105\u201d, to malownicza kraina, z pi\u0119knymi krajobrazami i\u00a0<\/span><span style=\"color: #0000ff;\">ciekaw\u0105 kultur\u0105. Dlatego w ostatnich dniach postanowili\u015bmy si\u0119 przyjrze\u0107 naszej Ma\u0142ej Ojczy\u017anie.\u00a0<\/span><span style=\"color: #0000ff;\">Poznali\u015bmy tradycje oraz zabytki Warmii, a przede wszystkim Olsztyna. Wykonali\u015bmy herb naszego\u00a0<\/span><span style=\"color: #0000ff;\">miasta, zapoznali\u015bmy si\u0119 z warmi\u0144sk\u0105 gwar\u0105, s\u0142uchali\u015bmy te\u017c warmi\u0144skich legend. Dzieci mia\u0142y okazj\u0119\u00a0<\/span><span style=\"color: #0000ff;\">ogl\u0105da\u0107 fragmenty koncert\u00f3w muzyki ludowej oraz rozwi\u0105zywa\u0107 zadania zwi\u0105zane z ludowymi<\/span> <span style=\"color: #0000ff;\">tradycjami na tablicy multimedialnej. Odwiedzili\u015bmy wirtualnie skansen w Olsztynku, \u017ceby obejrze\u0107\u00a0<\/span><span style=\"color: #0000ff;\">wn\u0119trze dawnej wiejskiej chaty. Rozmawiali\u015bmy o s\u0142ynnych mieszka\u0144cach naszego regionu, czyli o\u00a0<\/span><span style=\"color: #0000ff;\">Miko\u0142aju Koperniku i Feliksie Nowowiejskim. Pracowali\u015bmy w grupach, wykonuj\u0105c plakaty promuj\u0105ce\u00a0<\/span><span style=\"color: #0000ff;\">nasz\u0105 miejscowo\u015b\u0107, a tak\u017ce kodowali\u015bmy mozaiki z u\u017cyciem ludowych wzor\u00f3w. Wycinali\u015bmy serwetki\u00a0<\/span><span style=\"color: #0000ff;\">z papieru. Dzieciom bardzo si\u0119 podoba\u0142o zdobienie ,,warmi\u0144skich kafli\u201d, z kt\u00f3rych ka\u017cdy oczywi\u015bcie\u00a0<\/span><span style=\"color: #0000ff;\">by\u0142 niepowtarzalny. Zainspirowani ludowymi instrumentami, zrobili\u015bmy te\u017c piszcza\u0142ki z patyczk\u00f3w i\u00a0<\/span><span style=\"color: #0000ff;\">przygrywali\u015bmy na nich w wolnej chwili. Okaza\u0142o si\u0119, \u017ce \u015bwiat dawnych mieszka\u0144c\u00f3w naszego regionu\u00a0<\/span><span style=\"color: #0000ff;\">jest nadal \u017cywy\u00a0 \u00a0 \u00a0 \u00a0 \u00a0 \u00a0 \u00a0 \u00a0 \u00a0 i interesuj\u0105cy.<\/span><\/h3>\n<div id='gallery-1' class='gallery galleryid-12260 gallery-columns-2 gallery-size-medium'><figure class='gallery-item'>\n\t\t\t<div class='gallery-icon landscape'>\n\t\t\t\t<a href='https:\/\/www.zsk.olsztyn.pl\/przedszkole\/wp-content\/uploads\/2021\/05\/20210504_090840.jpg'><img width=\"300\" height=\"180\" src=\"https:\/\/www.zsk.olsztyn.pl\/przedszkole\/wp-content\/uploads\/2021\/05\/20210504_090840-300x180.jpg\" class=\"attachment-medium size-medium\" alt=\"\" loading=\"lazy\" srcset=\"https:\/\/www.zsk.olsztyn.pl\/przedszkole\/wp-content\/uploads\/2021\/05\/20210504_090840-300x180.jpg 300w, https:\/\/www.zsk.olsztyn.pl\/przedszkole\/wp-content\/uploads\/2021\/05\/20210504_090840-1024x614.jpg 1024w\" sizes=\"(max-width: 300px) 100vw, 300px\" \/><\/a>\n\t\t\t<\/div><\/figure><figure class='gallery-item'>\n\t\t\t<div class='gallery-icon landscape'>\n\t\t\t\t<a href='https:\/\/www.zsk.olsztyn.pl\/przedszkole\/wp-content\/uploads\/2021\/05\/20210504_101104.jpg'><img width=\"300\" height=\"180\" src=\"https:\/\/www.zsk.olsztyn.pl\/przedszkole\/wp-content\/uploads\/2021\/05\/20210504_101104-300x180.jpg\" class=\"attachment-medium size-medium\" alt=\"\" loading=\"lazy\" srcset=\"https:\/\/www.zsk.olsztyn.pl\/przedszkole\/wp-content\/uploads\/2021\/05\/20210504_101104-300x180.jpg 300w, https:\/\/www.zsk.olsztyn.pl\/przedszkole\/wp-content\/uploads\/2021\/05\/20210504_101104-1024x614.jpg 1024w\" sizes=\"(max-width: 300px) 100vw, 300px\" \/><\/a>\n\t\t\t<\/div><\/figure><figure class='gallery-item'>\n\t\t\t<div class='gallery-icon landscape'>\n\t\t\t\t<a href='https:\/\/www.zsk.olsztyn.pl\/przedszkole\/wp-content\/uploads\/2021\/05\/20210505_092007.jpg'><img width=\"300\" height=\"180\" src=\"https:\/\/www.zsk.olsztyn.pl\/przedszkole\/wp-content\/uploads\/2021\/05\/20210505_092007-300x180.jpg\" class=\"attachment-medium size-medium\" alt=\"\" loading=\"lazy\" srcset=\"https:\/\/www.zsk.olsztyn.pl\/przedszkole\/wp-content\/uploads\/2021\/05\/20210505_092007-300x180.jpg 300w, https:\/\/www.zsk.olsztyn.pl\/przedszkole\/wp-content\/uploads\/2021\/05\/20210505_092007-1024x614.jpg 1024w\" sizes=\"(max-width: 300px) 100vw, 300px\" \/><\/a>\n\t\t\t<\/div><\/figure><figure class='gallery-item'>\n\t\t\t<div class='gallery-icon landscape'>\n\t\t\t\t<a href='https:\/\/www.zsk.olsztyn.pl\/przedszkole\/wp-content\/uploads\/2021\/05\/20210505_092045.jpg'><img width=\"300\" height=\"180\" src=\"https:\/\/www.zsk.olsztyn.pl\/przedszkole\/wp-content\/uploads\/2021\/05\/20210505_092045-300x180.jpg\" class=\"attachment-medium size-medium\" alt=\"\" loading=\"lazy\" srcset=\"https:\/\/www.zsk.olsztyn.pl\/przedszkole\/wp-content\/uploads\/2021\/05\/20210505_092045-300x180.jpg 300w, https:\/\/www.zsk.olsztyn.pl\/przedszkole\/wp-content\/uploads\/2021\/05\/20210505_092045-1024x614.jpg 1024w\" sizes=\"(max-width: 300px) 100vw, 300px\" \/><\/a>\n\t\t\t<\/div><\/figure><figure class='gallery-item'>\n\t\t\t<div class='gallery-icon portrait'>\n\t\t\t\t<a href='https:\/\/www.zsk.olsztyn.pl\/przedszkole\/wp-content\/uploads\/2021\/05\/20210505_092111-e1620712806122.jpg'><img width=\"180\" height=\"300\" src=\"https:\/\/www.zsk.olsztyn.pl\/przedszkole\/wp-content\/uploads\/2021\/05\/20210505_092111-e1620712806122-180x300.jpg\" class=\"attachment-medium size-medium\" alt=\"\" loading=\"lazy\" srcset=\"https:\/\/www.zsk.olsztyn.pl\/przedszkole\/wp-content\/uploads\/2021\/05\/20210505_092111-e1620712806122-180x300.jpg 180w, https:\/\/www.zsk.olsztyn.pl\/przedszkole\/wp-content\/uploads\/2021\/05\/20210505_092111-e1620712806122-614x1024.jpg 614w, https:\/\/www.zsk.olsztyn.pl\/przedszkole\/wp-content\/uploads\/2021\/05\/20210505_092111-e1620712806122.jpg 1536w\" sizes=\"(max-width: 180px) 100vw, 180px\" \/><\/a>\n\t\t\t<\/div><\/figure><figure class='gallery-item'>\n\t\t\t<div class='gallery-icon landscape'>\n\t\t\t\t<a href='https:\/\/www.zsk.olsztyn.pl\/przedszkole\/wp-content\/uploads\/2021\/05\/20210505_100015.jpg'><img width=\"300\" height=\"180\" src=\"https:\/\/www.zsk.olsztyn.pl\/przedszkole\/wp-content\/uploads\/2021\/05\/20210505_100015-300x180.jpg\" class=\"attachment-medium size-medium\" alt=\"\" loading=\"lazy\" srcset=\"https:\/\/www.zsk.olsztyn.pl\/przedszkole\/wp-content\/uploads\/2021\/05\/20210505_100015-300x180.jpg 300w, https:\/\/www.zsk.olsztyn.pl\/przedszkole\/wp-content\/uploads\/2021\/05\/20210505_100015-1024x614.jpg 1024w\" sizes=\"(max-width: 300px) 100vw, 300px\" \/><\/a>\n\t\t\t<\/div><\/figure><figure class='gallery-item'>\n\t\t\t<div class='gallery-icon landscape'>\n\t\t\t\t<a href='https:\/\/www.zsk.olsztyn.pl\/przedszkole\/wp-content\/uploads\/2021\/05\/20210505_102406.jpg'><img width=\"300\" height=\"180\" src=\"https:\/\/www.zsk.olsztyn.pl\/przedszkole\/wp-content\/uploads\/2021\/05\/20210505_102406-300x180.jpg\" class=\"attachment-medium size-medium\" alt=\"\" loading=\"lazy\" srcset=\"https:\/\/www.zsk.olsztyn.pl\/przedszkole\/wp-content\/uploads\/2021\/05\/20210505_102406-300x180.jpg 300w, https:\/\/www.zsk.olsztyn.pl\/przedszkole\/wp-content\/uploads\/2021\/05\/20210505_102406-1024x614.jpg 1024w\" sizes=\"(max-width: 300px) 100vw, 300px\" \/><\/a>\n\t\t\t<\/div><\/figure><figure class='gallery-item'>\n\t\t\t<div class='gallery-icon landscape'>\n\t\t\t\t<a href='https:\/\/www.zsk.olsztyn.pl\/przedszkole\/wp-content\/uploads\/2021\/05\/20210506_093249.jpg'><img width=\"300\" height=\"180\" src=\"https:\/\/www.zsk.olsztyn.pl\/przedszkole\/wp-content\/uploads\/2021\/05\/20210506_093249-300x180.jpg\" class=\"attachment-medium size-medium\" alt=\"\" loading=\"lazy\" srcset=\"https:\/\/www.zsk.olsztyn.pl\/przedszkole\/wp-content\/uploads\/2021\/05\/20210506_093249-300x180.jpg 300w, https:\/\/www.zsk.olsztyn.pl\/przedszkole\/wp-content\/uploads\/2021\/05\/20210506_093249-1024x614.jpg 1024w\" sizes=\"(max-width: 300px) 100vw, 300px\" \/><\/a>\n\t\t\t<\/div><\/figure><figure class='gallery-item'>\n\t\t\t<div class='gallery-icon landscape'>\n\t\t\t\t<a href='https:\/\/www.zsk.olsztyn.pl\/przedszkole\/wp-content\/uploads\/2021\/05\/20210506_101504.jpg'><img width=\"300\" height=\"180\" src=\"https:\/\/www.zsk.olsztyn.pl\/przedszkole\/wp-content\/uploads\/2021\/05\/20210506_101504-300x180.jpg\" class=\"attachment-medium size-medium\" alt=\"\" loading=\"lazy\" srcset=\"https:\/\/www.zsk.olsztyn.pl\/przedszkole\/wp-content\/uploads\/2021\/05\/20210506_101504-300x180.jpg 300w, https:\/\/www.zsk.olsztyn.pl\/przedszkole\/wp-content\/uploads\/2021\/05\/20210506_101504-1024x614.jpg 1024w\" sizes=\"(max-width: 300px) 100vw, 300px\" \/><\/a>\n\t\t\t<\/div><\/figure><figure class='gallery-item'>\n\t\t\t<div class='gallery-icon landscape'>\n\t\t\t\t<a href='https:\/\/www.zsk.olsztyn.pl\/przedszkole\/wp-content\/uploads\/2021\/05\/20210506_103531.jpg'><img width=\"300\" height=\"180\" src=\"https:\/\/www.zsk.olsztyn.pl\/przedszkole\/wp-content\/uploads\/2021\/05\/20210506_103531-300x180.jpg\" class=\"attachment-medium size-medium\" alt=\"\" loading=\"lazy\" srcset=\"https:\/\/www.zsk.olsztyn.pl\/przedszkole\/wp-content\/uploads\/2021\/05\/20210506_103531-300x180.jpg 300w, https:\/\/www.zsk.olsztyn.pl\/przedszkole\/wp-content\/uploads\/2021\/05\/20210506_103531-1024x614.jpg 1024w\" sizes=\"(max-width: 300px) 100vw, 300px\" \/><\/a>\n\t\t\t<\/div><\/figure><figure class='gallery-item'>\n\t\t\t<div class='gallery-icon landscape'>\n\t\t\t\t<a href='https:\/\/www.zsk.olsztyn.pl\/przedszkole\/wp-content\/uploads\/2021\/05\/20210506_103542.jpg'><img width=\"300\" height=\"180\" src=\"https:\/\/www.zsk.olsztyn.pl\/przedszkole\/wp-content\/uploads\/2021\/05\/20210506_103542-300x180.jpg\" class=\"attachment-medium size-medium\" alt=\"\" loading=\"lazy\" srcset=\"https:\/\/www.zsk.olsztyn.pl\/przedszkole\/wp-content\/uploads\/2021\/05\/20210506_103542-300x180.jpg 300w, https:\/\/www.zsk.olsztyn.pl\/przedszkole\/wp-content\/uploads\/2021\/05\/20210506_103542-1024x614.jpg 1024w\" sizes=\"(max-width: 300px) 100vw, 300px\" \/><\/a>\n\t\t\t<\/div><\/figure><figure class='gallery-item'>\n\t\t\t<div class='gallery-icon landscape'>\n\t\t\t\t<a href='https:\/\/www.zsk.olsztyn.pl\/przedszkole\/wp-content\/uploads\/2021\/05\/20210507_092246.jpg'><img width=\"300\" height=\"180\" src=\"https:\/\/www.zsk.olsztyn.pl\/przedszkole\/wp-content\/uploads\/2021\/05\/20210507_092246-300x180.jpg\" class=\"attachment-medium size-medium\" alt=\"\" loading=\"lazy\" srcset=\"https:\/\/www.zsk.olsztyn.pl\/przedszkole\/wp-content\/uploads\/2021\/05\/20210507_092246-300x180.jpg 300w, https:\/\/www.zsk.olsztyn.pl\/przedszkole\/wp-content\/uploads\/2021\/05\/20210507_092246-1024x614.jpg 1024w\" sizes=\"(max-width: 300px) 100vw, 300px\" \/><\/a>\n\t\t\t<\/div><\/figure><figure class='gallery-item'>\n\t\t\t<div class='gallery-icon landscape'>\n\t\t\t\t<a href='https:\/\/www.zsk.olsztyn.pl\/przedszkole\/wp-content\/uploads\/2021\/05\/20210507_095452.jpg'><img width=\"300\" height=\"180\" src=\"https:\/\/www.zsk.olsztyn.pl\/przedszkole\/wp-content\/uploads\/2021\/05\/20210507_095452-300x180.jpg\" class=\"attachment-medium size-medium\" alt=\"\" loading=\"lazy\" srcset=\"https:\/\/www.zsk.olsztyn.pl\/przedszkole\/wp-content\/uploads\/2021\/05\/20210507_095452-300x180.jpg 300w, https:\/\/www.zsk.olsztyn.pl\/przedszkole\/wp-content\/uploads\/2021\/05\/20210507_095452-1024x614.jpg 1024w\" sizes=\"(max-width: 300px) 100vw, 300px\" \/><\/a>\n\t\t\t<\/div><\/figure><figure class='gallery-item'>\n\t\t\t<div class='gallery-icon landscape'>\n\t\t\t\t<a href='https:\/\/www.zsk.olsztyn.pl\/przedszkole\/wp-content\/uploads\/2021\/05\/20210507_125516.jpg'><img width=\"300\" height=\"180\" src=\"https:\/\/www.zsk.olsztyn.pl\/przedszkole\/wp-content\/uploads\/2021\/05\/20210507_125516-300x180.jpg\" class=\"attachment-medium size-medium\" alt=\"\" loading=\"lazy\" srcset=\"https:\/\/www.zsk.olsztyn.pl\/przedszkole\/wp-content\/uploads\/2021\/05\/20210507_125516-300x180.jpg 300w, https:\/\/www.zsk.olsztyn.pl\/przedszkole\/wp-content\/uploads\/2021\/05\/20210507_125516-1024x614.jpg 1024w\" sizes=\"(max-width: 300px) 100vw, 300px\" \/><\/a>\n\t\t\t<\/div><\/figure>\n\t\t<\/div>\n\n","protected":false},"excerpt":{"rendered":"<p>Warmia, zwana j\u0119zyku pruskim ,,czerwon\u0105 ziemi\u0105\u201d, to malownicza kraina, z pi\u0119knymi krajobrazami i\u00a0ciekaw\u0105 kultur\u0105. Dlatego w ostatnich dniach postanowili\u015bmy si\u0119 przyjrze\u0107 naszej Ma\u0142ej Ojczy\u017anie.\u00a0Poznali\u015bmy tradycje oraz zabytki Warmii, a przede wszystkim Olsztyna. Wykonali\u015bmy herb naszego\u00a0miasta, zapoznali\u015bmy si\u0119 z warmi\u0144sk\u0105 gwar\u0105, s\u0142uchali\u015bmy te\u017c warmi\u0144skich legend. Dzieci mia\u0142y okazj\u0119\u00a0ogl\u0105da\u0107 fragmenty koncert\u00f3w muzyki ludowej oraz rozwi\u0105zywa\u0107 zadania zwi\u0105zane<\/p>\n","protected":false},"author":1,"featured_media":12275,"comment_status":"open","ping_status":"open","sticky":false,"template":"","format":"standard","meta":[],"categories":[230,4],"tags":[],"yoast_head":"<!-- This site is optimized with the Yoast SEO plugin v18.2 - https:\/\/yoast.com\/wordpress\/plugins\/seo\/ -->\n<title>TYDZIE\u0143 REGIONALNY- 6 latki - Katolicki Zesp\u00f3\u0142 Edukacyjny - Niepubliczne przedszkole<\/title>\n<meta name=\"description\" content=\"Warmia, zwana j\u0119zyku pruskim ,,czerwon\u0105 ziemi\u0105\u201d, to malownicza kraina, z pi\u0119knymi krajobrazami i\u00a0ciekaw\u0105 kultur\u0105. Dlatego w ostatnich dniach\" \/>\n<meta name=\"robots\" content=\"index, follow, max-snippet:-1, max-image-preview:large, max-video-preview:-1\" \/>\n<link rel=\"canonical\" href=\"https:\/\/www.zsk.olsztyn.pl\/przedszkole\/12260\/\" \/>\n<meta name=\"twitter:label1\" content=\"Napisane przez\" \/>\n\t<meta name=\"twitter:data1\" content=\"admin\" \/>\n\t<meta name=\"twitter:label2\" content=\"Szacowany czas czytania\" \/>\n\t<meta name=\"twitter:data2\" content=\"1 minuta\" \/>\n<script type=\"application\/ld+json\" class=\"yoast-schema-graph\">{\"@context\":\"https:\/\/schema.org\",\"@graph\":[{\"@type\":\"WebSite\",\"@id\":\"https:\/\/www.zsk.olsztyn.pl\/przedszkole\/#website\",\"url\":\"https:\/\/www.zsk.olsztyn.pl\/przedszkole\/\",\"name\":\"Katolicki Zesp\u00f3\u0142 Edukacyjny - Niepubliczne przedszkole\",\"description\":\"Zapraszamy na stron\u0119 katolickiego niepublicznego przedszkola\",\"potentialAction\":[{\"@type\":\"SearchAction\",\"target\":{\"@type\":\"EntryPoint\",\"urlTemplate\":\"https:\/\/www.zsk.olsztyn.pl\/przedszkole\/?s={search_term_string}\"},\"query-input\":\"required name=search_term_string\"}],\"inLanguage\":\"pl-PL\"},{\"@type\":\"ImageObject\",\"@id\":\"https:\/\/www.zsk.olsztyn.pl\/przedszkole\/12260\/#primaryimage\",\"inLanguage\":\"pl-PL\",\"url\":\"https:\/\/www.zsk.olsztyn.pl\/przedszkole\/wp-content\/uploads\/2021\/05\/thumb.jpg\",\"contentUrl\":\"https:\/\/www.zsk.olsztyn.pl\/przedszkole\/wp-content\/uploads\/2021\/05\/thumb.jpg\",\"width\":360,\"height\":237},{\"@type\":\"WebPage\",\"@id\":\"https:\/\/www.zsk.olsztyn.pl\/przedszkole\/12260\/#webpage\",\"url\":\"https:\/\/www.zsk.olsztyn.pl\/przedszkole\/12260\/\",\"name\":\"TYDZIE\u0143 REGIONALNY- 6 latki - Katolicki Zesp\u00f3\u0142 Edukacyjny - Niepubliczne przedszkole\",\"isPartOf\":{\"@id\":\"https:\/\/www.zsk.olsztyn.pl\/przedszkole\/#website\"},\"primaryImageOfPage\":{\"@id\":\"https:\/\/www.zsk.olsztyn.pl\/przedszkole\/12260\/#primaryimage\"},\"datePublished\":\"2021-05-11T06:13:49+00:00\",\"dateModified\":\"2022-08-21T23:44:45+00:00\",\"author\":{\"@id\":\"https:\/\/www.zsk.olsztyn.pl\/przedszkole\/#\/schema\/person\/d918f2da4f27cb7ded309fa67f4d415a\"},\"description\":\"Warmia, zwana j\u0119zyku pruskim ,,czerwon\u0105 ziemi\u0105\u201d, to malownicza kraina, z pi\u0119knymi krajobrazami i\u00a0ciekaw\u0105 kultur\u0105. Dlatego w ostatnich dniach\",\"breadcrumb\":{\"@id\":\"https:\/\/www.zsk.olsztyn.pl\/przedszkole\/12260\/#breadcrumb\"},\"inLanguage\":\"pl-PL\",\"potentialAction\":[{\"@type\":\"ReadAction\",\"target\":[\"https:\/\/www.zsk.olsztyn.pl\/przedszkole\/12260\/\"]}]},{\"@type\":\"BreadcrumbList\",\"@id\":\"https:\/\/www.zsk.olsztyn.pl\/przedszkole\/12260\/#breadcrumb\",\"itemListElement\":[{\"@type\":\"ListItem\",\"position\":1,\"name\":\"Strona g\u0142\u00f3wna\",\"item\":\"https:\/\/www.zsk.olsztyn.pl\/przedszkole\/\"},{\"@type\":\"ListItem\",\"position\":2,\"name\":\"TYDZIE\u0143 REGIONALNY- 6 latki\"}]},{\"@type\":\"Person\",\"@id\":\"https:\/\/www.zsk.olsztyn.pl\/przedszkole\/#\/schema\/person\/d918f2da4f27cb7ded309fa67f4d415a\",\"name\":\"admin\",\"image\":{\"@type\":\"ImageObject\",\"@id\":\"https:\/\/www.zsk.olsztyn.pl\/przedszkole\/#personlogo\",\"inLanguage\":\"pl-PL\",\"url\":\"https:\/\/secure.gravatar.com\/avatar\/4677eccc26cd593f3306dd9613f7e9c7?s=96&d=mm&r=g\",\"contentUrl\":\"https:\/\/secure.gravatar.com\/avatar\/4677eccc26cd593f3306dd9613f7e9c7?s=96&d=mm&r=g\",\"caption\":\"admin\"},\"url\":\"https:\/\/www.zsk.olsztyn.pl\/przedszkole\/author\/admin\/\"}]}<\/script>\n<!-- \/ Yoast SEO plugin. -->","yoast_head_json":{"title":"TYDZIE\u0143 REGIONALNY- 6 latki - Katolicki Zesp\u00f3\u0142 Edukacyjny - Niepubliczne przedszkole","description":"Warmia, zwana j\u0119zyku pruskim ,,czerwon\u0105 ziemi\u0105\u201d, to malownicza kraina, z pi\u0119knymi krajobrazami i\u00a0ciekaw\u0105 kultur\u0105. Dlatego w ostatnich dniach","robots":{"index":"index","follow":"follow","max-snippet":"max-snippet:-1","max-image-preview":"max-image-preview:large","max-video-preview":"max-video-preview:-1"},"canonical":"https:\/\/www.zsk.olsztyn.pl\/przedszkole\/12260\/","twitter_misc":{"Napisane przez":"admin","Szacowany czas czytania":"1 minuta"},"schema":{"@context":"https:\/\/schema.org","@graph":[{"@type":"WebSite","@id":"https:\/\/www.zsk.olsztyn.pl\/przedszkole\/#website","url":"https:\/\/www.zsk.olsztyn.pl\/przedszkole\/","name":"Katolicki Zesp\u00f3\u0142 Edukacyjny - Niepubliczne przedszkole","description":"Zapraszamy na stron\u0119 katolickiego niepublicznego przedszkola","potentialAction":[{"@type":"SearchAction","target":{"@type":"EntryPoint","urlTemplate":"https:\/\/www.zsk.olsztyn.pl\/przedszkole\/?s={search_term_string}"},"query-input":"required name=search_term_string"}],"inLanguage":"pl-PL"},{"@type":"ImageObject","@id":"https:\/\/www.zsk.olsztyn.pl\/przedszkole\/12260\/#primaryimage","inLanguage":"pl-PL","url":"https:\/\/www.zsk.olsztyn.pl\/przedszkole\/wp-content\/uploads\/2021\/05\/thumb.jpg","contentUrl":"https:\/\/www.zsk.olsztyn.pl\/przedszkole\/wp-content\/uploads\/2021\/05\/thumb.jpg","width":360,"height":237},{"@type":"WebPage","@id":"https:\/\/www.zsk.olsztyn.pl\/przedszkole\/12260\/#webpage","url":"https:\/\/www.zsk.olsztyn.pl\/przedszkole\/12260\/","name":"TYDZIE\u0143 REGIONALNY- 6 latki - Katolicki Zesp\u00f3\u0142 Edukacyjny - Niepubliczne przedszkole","isPartOf":{"@id":"https:\/\/www.zsk.olsztyn.pl\/przedszkole\/#website"},"primaryImageOfPage":{"@id":"https:\/\/www.zsk.olsztyn.pl\/przedszkole\/12260\/#primaryimage"},"datePublished":"2021-05-11T06:13:49+00:00","dateModified":"2022-08-21T23:44:45+00:00","author":{"@id":"https:\/\/www.zsk.olsztyn.pl\/przedszkole\/#\/schema\/person\/d918f2da4f27cb7ded309fa67f4d415a"},"description":"Warmia, zwana j\u0119zyku pruskim ,,czerwon\u0105 ziemi\u0105\u201d, to malownicza kraina, z pi\u0119knymi krajobrazami i\u00a0ciekaw\u0105 kultur\u0105. Dlatego w ostatnich dniach","breadcrumb":{"@id":"https:\/\/www.zsk.olsztyn.pl\/przedszkole\/12260\/#breadcrumb"},"inLanguage":"pl-PL","potentialAction":[{"@type":"ReadAction","target":["https:\/\/www.zsk.olsztyn.pl\/przedszkole\/12260\/"]}]},{"@type":"BreadcrumbList","@id":"https:\/\/www.zsk.olsztyn.pl\/przedszkole\/12260\/#breadcrumb","itemListElement":[{"@type":"ListItem","position":1,"name":"Strona g\u0142\u00f3wna","item":"https:\/\/www.zsk.olsztyn.pl\/przedszkole\/"},{"@type":"ListItem","position":2,"name":"TYDZIE\u0143 REGIONALNY- 6 latki"}]},{"@type":"Person","@id":"https:\/\/www.zsk.olsztyn.pl\/przedszkole\/#\/schema\/person\/d918f2da4f27cb7ded309fa67f4d415a","name":"admin","image":{"@type":"ImageObject","@id":"https:\/\/www.zsk.olsztyn.pl\/przedszkole\/#personlogo","inLanguage":"pl-PL","url":"https:\/\/secure.gravatar.com\/avatar\/4677eccc26cd593f3306dd9613f7e9c7?s=96&d=mm&r=g","contentUrl":"https:\/\/secure.gravatar.com\/avatar\/4677eccc26cd593f3306dd9613f7e9c7?s=96&d=mm&r=g","caption":"admin"},"url":"https:\/\/www.zsk.olsztyn.pl\/przedszkole\/author\/admin\/"}]}},"_links":{"self":[{"href":"https:\/\/www.zsk.olsztyn.pl\/przedszkole\/wp-json\/wp\/v2\/posts\/12260"}],"collection":[{"href":"https:\/\/www.zsk.olsztyn.pl\/przedszkole\/wp-json\/wp\/v2\/posts"}],"about":[{"href":"https:\/\/www.zsk.olsztyn.pl\/przedszkole\/wp-json\/wp\/v2\/types\/post"}],"author":[{"embeddable":true,"href":"https:\/\/www.zsk.olsztyn.pl\/przedszkole\/wp-json\/wp\/v2\/users\/1"}],"replies":[{"embeddable":true,"href":"https:\/\/www.zsk.olsztyn.pl\/przedszkole\/wp-json\/wp\/v2\/comments?post=12260"}],"version-history":[{"count":2,"href":"https:\/\/www.zsk.olsztyn.pl\/przedszkole\/wp-json\/wp\/v2\/posts\/12260\/revisions"}],"predecessor-version":[{"id":12277,"href":"https:\/\/www.zsk.olsztyn.pl\/przedszkole\/wp-json\/wp\/v2\/posts\/12260\/revisions\/12277"}],"wp:featuredmedia":[{"embeddable":true,"href":"https:\/\/www.zsk.olsztyn.pl\/przedszkole\/wp-json\/wp\/v2\/media\/12275"}],"wp:attachment":[{"href":"https:\/\/www.zsk.olsztyn.pl\/przedszkole\/wp-json\/wp\/v2\/media?parent=12260"}],"wp:term":[{"taxonomy":"category","embeddable":true,"href":"https:\/\/www.zsk.olsztyn.pl\/przedszkole\/wp-json\/wp\/v2\/categories?post=12260"},{"taxonomy":"post_tag","embeddable":true,"href":"https:\/\/www.zsk.olsztyn.pl\/przedszkole\/wp-json\/wp\/v2\/tags?post=12260"}],"curies":[{"name":"wp","href":"https:\/\/api.w.org\/{rel}","templated":true}]}}