{"id":12193,"date":"2021-04-27T13:13:38","date_gmt":"2021-04-27T11:13:38","guid":{"rendered":"http:\/\/www.zsk.olsztyn.pl\/przedszkole\/?p=12193"},"modified":"2022-08-22T01:45:58","modified_gmt":"2022-08-21T23:45:58","slug":"tydzien-ekologiczny-4-latki","status":"publish","type":"post","link":"https:\/\/www.zsk.olsztyn.pl\/przedszkole\/tydzien-ekologiczny-4-latki\/","title":{"rendered":"TYDZIE\u0143 EKOLOGICZNY-  4 latki"},"content":{"rendered":"<h3><em><span style=\"color: #008000;\">W ubieg\u0142ym tygodniu w grupie 4-latk\u00f3w obchodzili\u015bmy Tydzie\u0144 Ekologiczny. Dzieci pozna\u0142y m. in. podstawowe zasady dbania o \u015brodowisko oraz znaczenie wody w przyrodzie; dowiedzia\u0142y si\u0119 dlaczego nale\u017cy oszcz\u0119dza\u0107 pr\u0105d, jak nale\u017cy prawid\u0142owo segregowa\u0107 \u015bmieci, a tak\u017ce co to jest recykling. R\u00f3wnie\u017c 22 kwietnia obchodzili\u015bmy \u015awiatowy Dzie\u0144 Ziemi, wtedy te\u017c dzieci zapozna\u0142y si\u0119 bli\u017cej z globusem oraz dowiedzia\u0142y co robi\u0107 aby nasza planeta \u201eby\u0142a szcz\u0119\u015bliwa\u201d.<\/span><\/em><\/h3>\n<div id='gallery-1' class='gallery galleryid-12193 gallery-columns-2 gallery-size-medium'><figure class='gallery-item'>\n\t\t\t<div class='gallery-icon landscape'>\n\t\t\t\t<a href='https:\/\/www.zsk.olsztyn.pl\/przedszkole\/wp-content\/uploads\/2021\/04\/20210423_091808.jpg'><img width=\"300\" height=\"225\" src=\"https:\/\/www.zsk.olsztyn.pl\/przedszkole\/wp-content\/uploads\/2021\/04\/20210423_091808-300x225.jpg\" class=\"attachment-medium size-medium\" alt=\"\" loading=\"lazy\" srcset=\"https:\/\/www.zsk.olsztyn.pl\/przedszkole\/wp-content\/uploads\/2021\/04\/20210423_091808-300x225.jpg 300w, https:\/\/www.zsk.olsztyn.pl\/przedszkole\/wp-content\/uploads\/2021\/04\/20210423_091808-1024x768.jpg 1024w\" sizes=\"(max-width: 300px) 100vw, 300px\" \/><\/a>\n\t\t\t<\/div><\/figure><figure class='gallery-item'>\n\t\t\t<div class='gallery-icon landscape'>\n\t\t\t\t<a href='https:\/\/www.zsk.olsztyn.pl\/przedszkole\/wp-content\/uploads\/2021\/04\/20210423_102516.jpg'><img width=\"300\" height=\"225\" src=\"https:\/\/www.zsk.olsztyn.pl\/przedszkole\/wp-content\/uploads\/2021\/04\/20210423_102516-300x225.jpg\" class=\"attachment-medium size-medium\" alt=\"\" loading=\"lazy\" srcset=\"https:\/\/www.zsk.olsztyn.pl\/przedszkole\/wp-content\/uploads\/2021\/04\/20210423_102516-300x225.jpg 300w, https:\/\/www.zsk.olsztyn.pl\/przedszkole\/wp-content\/uploads\/2021\/04\/20210423_102516-1024x768.jpg 1024w\" sizes=\"(max-width: 300px) 100vw, 300px\" \/><\/a>\n\t\t\t<\/div><\/figure><figure class='gallery-item'>\n\t\t\t<div class='gallery-icon landscape'>\n\t\t\t\t<a href='https:\/\/www.zsk.olsztyn.pl\/przedszkole\/wp-content\/uploads\/2021\/04\/dzie.jpg'><img width=\"300\" height=\"225\" src=\"https:\/\/www.zsk.olsztyn.pl\/przedszkole\/wp-content\/uploads\/2021\/04\/dzie-300x225.jpg\" class=\"attachment-medium size-medium\" alt=\"\" loading=\"lazy\" srcset=\"https:\/\/www.zsk.olsztyn.pl\/przedszkole\/wp-content\/uploads\/2021\/04\/dzie-300x225.jpg 300w, https:\/\/www.zsk.olsztyn.pl\/przedszkole\/wp-content\/uploads\/2021\/04\/dzie-1024x768.jpg 1024w\" sizes=\"(max-width: 300px) 100vw, 300px\" \/><\/a>\n\t\t\t<\/div><\/figure><figure class='gallery-item'>\n\t\t\t<div class='gallery-icon landscape'>\n\t\t\t\t<a href='https:\/\/www.zsk.olsztyn.pl\/przedszkole\/wp-content\/uploads\/2021\/04\/dzieci.jpg'><img width=\"300\" height=\"225\" src=\"https:\/\/www.zsk.olsztyn.pl\/przedszkole\/wp-content\/uploads\/2021\/04\/dzieci-300x225.jpg\" class=\"attachment-medium size-medium\" alt=\"\" loading=\"lazy\" srcset=\"https:\/\/www.zsk.olsztyn.pl\/przedszkole\/wp-content\/uploads\/2021\/04\/dzieci-300x225.jpg 300w, https:\/\/www.zsk.olsztyn.pl\/przedszkole\/wp-content\/uploads\/2021\/04\/dzieci-1024x768.jpg 1024w\" sizes=\"(max-width: 300px) 100vw, 300px\" \/><\/a>\n\t\t\t<\/div><\/figure><figure class='gallery-item'>\n\t\t\t<div class='gallery-icon landscape'>\n\t\t\t\t<a href='https:\/\/www.zsk.olsztyn.pl\/przedszkole\/wp-content\/uploads\/2021\/04\/20210423_084440-1.jpg'><img width=\"300\" height=\"225\" src=\"https:\/\/www.zsk.olsztyn.pl\/przedszkole\/wp-content\/uploads\/2021\/04\/20210423_084440-1-300x225.jpg\" class=\"attachment-medium size-medium\" alt=\"\" loading=\"lazy\" srcset=\"https:\/\/www.zsk.olsztyn.pl\/przedszkole\/wp-content\/uploads\/2021\/04\/20210423_084440-1-300x225.jpg 300w, https:\/\/www.zsk.olsztyn.pl\/przedszkole\/wp-content\/uploads\/2021\/04\/20210423_084440-1-1024x768.jpg 1024w\" sizes=\"(max-width: 300px) 100vw, 300px\" \/><\/a>\n\t\t\t<\/div><\/figure><figure class='gallery-item'>\n\t\t\t<div class='gallery-icon landscape'>\n\t\t\t\t<a href='https:\/\/www.zsk.olsztyn.pl\/przedszkole\/wp-content\/uploads\/2021\/04\/20210423_085036.jpg'><img width=\"300\" height=\"225\" src=\"https:\/\/www.zsk.olsztyn.pl\/przedszkole\/wp-content\/uploads\/2021\/04\/20210423_085036-300x225.jpg\" class=\"attachment-medium size-medium\" alt=\"\" loading=\"lazy\" srcset=\"https:\/\/www.zsk.olsztyn.pl\/przedszkole\/wp-content\/uploads\/2021\/04\/20210423_085036-300x225.jpg 300w, https:\/\/www.zsk.olsztyn.pl\/przedszkole\/wp-content\/uploads\/2021\/04\/20210423_085036-1024x768.jpg 1024w\" sizes=\"(max-width: 300px) 100vw, 300px\" \/><\/a>\n\t\t\t<\/div><\/figure><figure class='gallery-item'>\n\t\t\t<div class='gallery-icon landscape'>\n\t\t\t\t<a href='https:\/\/www.zsk.olsztyn.pl\/przedszkole\/wp-content\/uploads\/2021\/04\/20210423_085126.jpg'><img width=\"300\" height=\"225\" src=\"https:\/\/www.zsk.olsztyn.pl\/przedszkole\/wp-content\/uploads\/2021\/04\/20210423_085126-300x225.jpg\" class=\"attachment-medium size-medium\" alt=\"\" loading=\"lazy\" srcset=\"https:\/\/www.zsk.olsztyn.pl\/przedszkole\/wp-content\/uploads\/2021\/04\/20210423_085126-300x225.jpg 300w, https:\/\/www.zsk.olsztyn.pl\/przedszkole\/wp-content\/uploads\/2021\/04\/20210423_085126-1024x768.jpg 1024w\" sizes=\"(max-width: 300px) 100vw, 300px\" \/><\/a>\n\t\t\t<\/div><\/figure><figure class='gallery-item'>\n\t\t\t<div class='gallery-icon landscape'>\n\t\t\t\t<a href='https:\/\/www.zsk.olsztyn.pl\/przedszkole\/wp-content\/uploads\/2021\/04\/20210422_091205.jpg'><img width=\"300\" height=\"225\" src=\"https:\/\/www.zsk.olsztyn.pl\/przedszkole\/wp-content\/uploads\/2021\/04\/20210422_091205-300x225.jpg\" class=\"attachment-medium size-medium\" alt=\"\" loading=\"lazy\" srcset=\"https:\/\/www.zsk.olsztyn.pl\/przedszkole\/wp-content\/uploads\/2021\/04\/20210422_091205-300x225.jpg 300w, https:\/\/www.zsk.olsztyn.pl\/przedszkole\/wp-content\/uploads\/2021\/04\/20210422_091205-1024x768.jpg 1024w\" sizes=\"(max-width: 300px) 100vw, 300px\" \/><\/a>\n\t\t\t<\/div><\/figure><figure class='gallery-item'>\n\t\t\t<div class='gallery-icon landscape'>\n\t\t\t\t<a href='https:\/\/www.zsk.olsztyn.pl\/przedszkole\/wp-content\/uploads\/2021\/04\/20210423_090445.jpg'><img width=\"300\" height=\"225\" src=\"https:\/\/www.zsk.olsztyn.pl\/przedszkole\/wp-content\/uploads\/2021\/04\/20210423_090445-300x225.jpg\" class=\"attachment-medium size-medium\" alt=\"\" loading=\"lazy\" srcset=\"https:\/\/www.zsk.olsztyn.pl\/przedszkole\/wp-content\/uploads\/2021\/04\/20210423_090445-300x225.jpg 300w, https:\/\/www.zsk.olsztyn.pl\/przedszkole\/wp-content\/uploads\/2021\/04\/20210423_090445-1024x768.jpg 1024w\" sizes=\"(max-width: 300px) 100vw, 300px\" \/><\/a>\n\t\t\t<\/div><\/figure>\n\t\t<\/div>\n\n","protected":false},"excerpt":{"rendered":"<p>W ubieg\u0142ym tygodniu w grupie 4-latk\u00f3w obchodzili\u015bmy Tydzie\u0144 Ekologiczny. Dzieci pozna\u0142y m. in. podstawowe zasady dbania o \u015brodowisko oraz znaczenie wody w przyrodzie; dowiedzia\u0142y si\u0119 dlaczego nale\u017cy oszcz\u0119dza\u0107 pr\u0105d, jak nale\u017cy prawid\u0142owo segregowa\u0107 \u015bmieci, a tak\u017ce co to jest recykling. R\u00f3wnie\u017c 22 kwietnia obchodzili\u015bmy \u015awiatowy Dzie\u0144 Ziemi, wtedy te\u017c dzieci zapozna\u0142y si\u0119 bli\u017cej z globusem<\/p>\n","protected":false},"author":1,"featured_media":12203,"comment_status":"open","ping_status":"open","sticky":false,"template":"","format":"standard","meta":[],"categories":[228,4],"tags":[],"yoast_head":"<!-- This site is optimized with the Yoast SEO plugin v18.2 - https:\/\/yoast.com\/wordpress\/plugins\/seo\/ -->\n<title>TYDZIE\u0143 EKOLOGICZNY- 4 latki - Katolicki Zesp\u00f3\u0142 Edukacyjny - Niepubliczne przedszkole<\/title>\n<meta name=\"description\" content=\"W ubieg\u0142ym tygodniu w grupie 4-latk\u00f3w obchodzili\u015bmy Tydzie\u0144 Ekologiczny. Dzieci pozna\u0142y m. in. podstawowe zasady dbania o \u015brodowisko oraz znaczenie wody w\" \/>\n<meta name=\"robots\" content=\"index, follow, max-snippet:-1, max-image-preview:large, max-video-preview:-1\" \/>\n<link rel=\"canonical\" href=\"https:\/\/www.zsk.olsztyn.pl\/przedszkole\/tydzien-ekologiczny-4-latki\/\" \/>\n<meta name=\"twitter:label1\" content=\"Napisane przez\" \/>\n\t<meta name=\"twitter:data1\" content=\"admin\" \/>\n<script type=\"application\/ld+json\" class=\"yoast-schema-graph\">{\"@context\":\"https:\/\/schema.org\",\"@graph\":[{\"@type\":\"WebSite\",\"@id\":\"https:\/\/www.zsk.olsztyn.pl\/przedszkole\/#website\",\"url\":\"https:\/\/www.zsk.olsztyn.pl\/przedszkole\/\",\"name\":\"Katolicki Zesp\u00f3\u0142 Edukacyjny - Niepubliczne przedszkole\",\"description\":\"Zapraszamy na stron\u0119 katolickiego niepublicznego przedszkola\",\"potentialAction\":[{\"@type\":\"SearchAction\",\"target\":{\"@type\":\"EntryPoint\",\"urlTemplate\":\"https:\/\/www.zsk.olsztyn.pl\/przedszkole\/?s={search_term_string}\"},\"query-input\":\"required name=search_term_string\"}],\"inLanguage\":\"pl-PL\"},{\"@type\":\"ImageObject\",\"@id\":\"https:\/\/www.zsk.olsztyn.pl\/przedszkole\/tydzien-ekologiczny-4-latki\/#primaryimage\",\"inLanguage\":\"pl-PL\",\"url\":\"https:\/\/www.zsk.olsztyn.pl\/przedszkole\/wp-content\/uploads\/2021\/04\/Bez-tytu\u0142u-e1619522007989.png\",\"contentUrl\":\"https:\/\/www.zsk.olsztyn.pl\/przedszkole\/wp-content\/uploads\/2021\/04\/Bez-tytu\u0142u-e1619522007989.png\",\"width\":116,\"height\":64},{\"@type\":\"WebPage\",\"@id\":\"https:\/\/www.zsk.olsztyn.pl\/przedszkole\/tydzien-ekologiczny-4-latki\/#webpage\",\"url\":\"https:\/\/www.zsk.olsztyn.pl\/przedszkole\/tydzien-ekologiczny-4-latki\/\",\"name\":\"TYDZIE\u0143 EKOLOGICZNY- 4 latki - Katolicki Zesp\u00f3\u0142 Edukacyjny - Niepubliczne przedszkole\",\"isPartOf\":{\"@id\":\"https:\/\/www.zsk.olsztyn.pl\/przedszkole\/#website\"},\"primaryImageOfPage\":{\"@id\":\"https:\/\/www.zsk.olsztyn.pl\/przedszkole\/tydzien-ekologiczny-4-latki\/#primaryimage\"},\"datePublished\":\"2021-04-27T11:13:38+00:00\",\"dateModified\":\"2022-08-21T23:45:58+00:00\",\"author\":{\"@id\":\"https:\/\/www.zsk.olsztyn.pl\/przedszkole\/#\/schema\/person\/d918f2da4f27cb7ded309fa67f4d415a\"},\"description\":\"W ubieg\u0142ym tygodniu w grupie 4-latk\u00f3w obchodzili\u015bmy Tydzie\u0144 Ekologiczny. Dzieci pozna\u0142y m. in. podstawowe zasady dbania o \u015brodowisko oraz znaczenie wody w\",\"breadcrumb\":{\"@id\":\"https:\/\/www.zsk.olsztyn.pl\/przedszkole\/tydzien-ekologiczny-4-latki\/#breadcrumb\"},\"inLanguage\":\"pl-PL\",\"potentialAction\":[{\"@type\":\"ReadAction\",\"target\":[\"https:\/\/www.zsk.olsztyn.pl\/przedszkole\/tydzien-ekologiczny-4-latki\/\"]}]},{\"@type\":\"BreadcrumbList\",\"@id\":\"https:\/\/www.zsk.olsztyn.pl\/przedszkole\/tydzien-ekologiczny-4-latki\/#breadcrumb\",\"itemListElement\":[{\"@type\":\"ListItem\",\"position\":1,\"name\":\"Strona g\u0142\u00f3wna\",\"item\":\"https:\/\/www.zsk.olsztyn.pl\/przedszkole\/\"},{\"@type\":\"ListItem\",\"position\":2,\"name\":\"TYDZIE\u0143 EKOLOGICZNY- 4 latki\"}]},{\"@type\":\"Person\",\"@id\":\"https:\/\/www.zsk.olsztyn.pl\/przedszkole\/#\/schema\/person\/d918f2da4f27cb7ded309fa67f4d415a\",\"name\":\"admin\",\"image\":{\"@type\":\"ImageObject\",\"@id\":\"https:\/\/www.zsk.olsztyn.pl\/przedszkole\/#personlogo\",\"inLanguage\":\"pl-PL\",\"url\":\"https:\/\/secure.gravatar.com\/avatar\/4677eccc26cd593f3306dd9613f7e9c7?s=96&d=mm&r=g\",\"contentUrl\":\"https:\/\/secure.gravatar.com\/avatar\/4677eccc26cd593f3306dd9613f7e9c7?s=96&d=mm&r=g\",\"caption\":\"admin\"},\"url\":\"https:\/\/www.zsk.olsztyn.pl\/przedszkole\/author\/admin\/\"}]}<\/script>\n<!-- \/ Yoast SEO plugin. -->","yoast_head_json":{"title":"TYDZIE\u0143 EKOLOGICZNY- 4 latki - Katolicki Zesp\u00f3\u0142 Edukacyjny - Niepubliczne przedszkole","description":"W ubieg\u0142ym tygodniu w grupie 4-latk\u00f3w obchodzili\u015bmy Tydzie\u0144 Ekologiczny. Dzieci pozna\u0142y m. in. podstawowe zasady dbania o \u015brodowisko oraz znaczenie wody w","robots":{"index":"index","follow":"follow","max-snippet":"max-snippet:-1","max-image-preview":"max-image-preview:large","max-video-preview":"max-video-preview:-1"},"canonical":"https:\/\/www.zsk.olsztyn.pl\/przedszkole\/tydzien-ekologiczny-4-latki\/","twitter_misc":{"Napisane przez":"admin"},"schema":{"@context":"https:\/\/schema.org","@graph":[{"@type":"WebSite","@id":"https:\/\/www.zsk.olsztyn.pl\/przedszkole\/#website","url":"https:\/\/www.zsk.olsztyn.pl\/przedszkole\/","name":"Katolicki Zesp\u00f3\u0142 Edukacyjny - Niepubliczne przedszkole","description":"Zapraszamy na stron\u0119 katolickiego niepublicznego przedszkola","potentialAction":[{"@type":"SearchAction","target":{"@type":"EntryPoint","urlTemplate":"https:\/\/www.zsk.olsztyn.pl\/przedszkole\/?s={search_term_string}"},"query-input":"required name=search_term_string"}],"inLanguage":"pl-PL"},{"@type":"ImageObject","@id":"https:\/\/www.zsk.olsztyn.pl\/przedszkole\/tydzien-ekologiczny-4-latki\/#primaryimage","inLanguage":"pl-PL","url":"https:\/\/www.zsk.olsztyn.pl\/przedszkole\/wp-content\/uploads\/2021\/04\/Bez-tytu\u0142u-e1619522007989.png","contentUrl":"https:\/\/www.zsk.olsztyn.pl\/przedszkole\/wp-content\/uploads\/2021\/04\/Bez-tytu\u0142u-e1619522007989.png","width":116,"height":64},{"@type":"WebPage","@id":"https:\/\/www.zsk.olsztyn.pl\/przedszkole\/tydzien-ekologiczny-4-latki\/#webpage","url":"https:\/\/www.zsk.olsztyn.pl\/przedszkole\/tydzien-ekologiczny-4-latki\/","name":"TYDZIE\u0143 EKOLOGICZNY- 4 latki - Katolicki Zesp\u00f3\u0142 Edukacyjny - Niepubliczne przedszkole","isPartOf":{"@id":"https:\/\/www.zsk.olsztyn.pl\/przedszkole\/#website"},"primaryImageOfPage":{"@id":"https:\/\/www.zsk.olsztyn.pl\/przedszkole\/tydzien-ekologiczny-4-latki\/#primaryimage"},"datePublished":"2021-04-27T11:13:38+00:00","dateModified":"2022-08-21T23:45:58+00:00","author":{"@id":"https:\/\/www.zsk.olsztyn.pl\/przedszkole\/#\/schema\/person\/d918f2da4f27cb7ded309fa67f4d415a"},"description":"W ubieg\u0142ym tygodniu w grupie 4-latk\u00f3w obchodzili\u015bmy Tydzie\u0144 Ekologiczny. Dzieci pozna\u0142y m. in. podstawowe zasady dbania o \u015brodowisko oraz znaczenie wody w","breadcrumb":{"@id":"https:\/\/www.zsk.olsztyn.pl\/przedszkole\/tydzien-ekologiczny-4-latki\/#breadcrumb"},"inLanguage":"pl-PL","potentialAction":[{"@type":"ReadAction","target":["https:\/\/www.zsk.olsztyn.pl\/przedszkole\/tydzien-ekologiczny-4-latki\/"]}]},{"@type":"BreadcrumbList","@id":"https:\/\/www.zsk.olsztyn.pl\/przedszkole\/tydzien-ekologiczny-4-latki\/#breadcrumb","itemListElement":[{"@type":"ListItem","position":1,"name":"Strona g\u0142\u00f3wna","item":"https:\/\/www.zsk.olsztyn.pl\/przedszkole\/"},{"@type":"ListItem","position":2,"name":"TYDZIE\u0143 EKOLOGICZNY- 4 latki"}]},{"@type":"Person","@id":"https:\/\/www.zsk.olsztyn.pl\/przedszkole\/#\/schema\/person\/d918f2da4f27cb7ded309fa67f4d415a","name":"admin","image":{"@type":"ImageObject","@id":"https:\/\/www.zsk.olsztyn.pl\/przedszkole\/#personlogo","inLanguage":"pl-PL","url":"https:\/\/secure.gravatar.com\/avatar\/4677eccc26cd593f3306dd9613f7e9c7?s=96&d=mm&r=g","contentUrl":"https:\/\/secure.gravatar.com\/avatar\/4677eccc26cd593f3306dd9613f7e9c7?s=96&d=mm&r=g","caption":"admin"},"url":"https:\/\/www.zsk.olsztyn.pl\/przedszkole\/author\/admin\/"}]}},"_links":{"self":[{"href":"https:\/\/www.zsk.olsztyn.pl\/przedszkole\/wp-json\/wp\/v2\/posts\/12193"}],"collection":[{"href":"https:\/\/www.zsk.olsztyn.pl\/przedszkole\/wp-json\/wp\/v2\/posts"}],"about":[{"href":"https:\/\/www.zsk.olsztyn.pl\/przedszkole\/wp-json\/wp\/v2\/types\/post"}],"author":[{"embeddable":true,"href":"https:\/\/www.zsk.olsztyn.pl\/przedszkole\/wp-json\/wp\/v2\/users\/1"}],"replies":[{"embeddable":true,"href":"https:\/\/www.zsk.olsztyn.pl\/przedszkole\/wp-json\/wp\/v2\/comments?post=12193"}],"version-history":[{"count":1,"href":"https:\/\/www.zsk.olsztyn.pl\/przedszkole\/wp-json\/wp\/v2\/posts\/12193\/revisions"}],"predecessor-version":[{"id":12204,"href":"https:\/\/www.zsk.olsztyn.pl\/przedszkole\/wp-json\/wp\/v2\/posts\/12193\/revisions\/12204"}],"wp:featuredmedia":[{"embeddable":true,"href":"https:\/\/www.zsk.olsztyn.pl\/przedszkole\/wp-json\/wp\/v2\/media\/12203"}],"wp:attachment":[{"href":"https:\/\/www.zsk.olsztyn.pl\/przedszkole\/wp-json\/wp\/v2\/media?parent=12193"}],"wp:term":[{"taxonomy":"category","embeddable":true,"href":"https:\/\/www.zsk.olsztyn.pl\/przedszkole\/wp-json\/wp\/v2\/categories?post=12193"},{"taxonomy":"post_tag","embeddable":true,"href":"https:\/\/www.zsk.olsztyn.pl\/przedszkole\/wp-json\/wp\/v2\/tags?post=12193"}],"curies":[{"name":"wp","href":"https:\/\/api.w.org\/{rel}","templated":true}]}}