{"id":12159,"date":"2021-04-27T11:51:28","date_gmt":"2021-04-27T09:51:28","guid":{"rendered":"http:\/\/www.zsk.olsztyn.pl\/przedszkole\/?p=12159"},"modified":"2022-08-22T01:46:30","modified_gmt":"2022-08-21T23:46:30","slug":"tydzien-ekologiczny-5-latki","status":"publish","type":"post","link":"https:\/\/www.zsk.olsztyn.pl\/przedszkole\/tydzien-ekologiczny-5-latki\/","title":{"rendered":"TYDZIE\u0143 EKOLOGICZNY- 5 latki"},"content":{"rendered":"<h3><span style=\"color: #008000;\">Tydzie\u0144 Ekologiczny, kt\u00f3ry na sta\u0142e wpisany jest do kalendarza imprez naszego przedszkola, w\u0142a\u015bnie dobieg\u0142 ko\u0144ca. W byciu eko-kulturalnym przedszkolakiem i przyjacielem natury, pomaga\u0142y nam zaj\u0119cia uwra\u017cliwiaj\u0105ce na otaczaj\u0105ce nas \u015brodowisko.\u00a0 Dowiedzieli\u015bmy si\u0119, co to jest ekologia i recykling oraz jak wa\u017cna jest segregacja odpad\u00f3w. Z okazji Mi\u0119dzynarodowego Dnia Ziemi, kt\u00f3ry przypada 22 kwietnia, wykonali\u015bmy laurk\u0119 dla naszej planety oraz zasadzili\u015bmy drzewko w ogrodzie przedszkolnym. Wzi\u0119li\u015bmy r\u00f3wnie\u017c udzia\u0142 w grupowym konkursie \u201eEkologiczny instrument\u201d. Zwie\u0144czeniem tygodnia by\u0142 udzia\u0142 dzieci w Olimpiadzie Ekologicznej &#8211; wszyscy z dum\u0105 mog\u0105 powiedzie\u0107, \u017ce s\u0105 eko-przedszkolakami.<\/span><\/h3>\n<div id='gallery-1' class='gallery galleryid-12159 gallery-columns-2 gallery-size-medium'><figure class='gallery-item'>\n\t\t\t<div class='gallery-icon portrait'>\n\t\t\t\t<a href='https:\/\/www.zsk.olsztyn.pl\/przedszkole\/wp-content\/uploads\/2021\/04\/IMG_20210419_180551.jpg'><img width=\"225\" height=\"300\" src=\"https:\/\/www.zsk.olsztyn.pl\/przedszkole\/wp-content\/uploads\/2021\/04\/IMG_20210419_180551-225x300.jpg\" class=\"attachment-medium size-medium\" alt=\"\" loading=\"lazy\" srcset=\"https:\/\/www.zsk.olsztyn.pl\/przedszkole\/wp-content\/uploads\/2021\/04\/IMG_20210419_180551-225x300.jpg 225w, https:\/\/www.zsk.olsztyn.pl\/przedszkole\/wp-content\/uploads\/2021\/04\/IMG_20210419_180551-768x1024.jpg 768w\" sizes=\"(max-width: 225px) 100vw, 225px\" \/><\/a>\n\t\t\t<\/div><\/figure><figure class='gallery-item'>\n\t\t\t<div class='gallery-icon portrait'>\n\t\t\t\t<a href='https:\/\/www.zsk.olsztyn.pl\/przedszkole\/wp-content\/uploads\/2021\/04\/IMG_20210422_103651.jpg'><img width=\"225\" height=\"300\" src=\"https:\/\/www.zsk.olsztyn.pl\/przedszkole\/wp-content\/uploads\/2021\/04\/IMG_20210422_103651-225x300.jpg\" class=\"attachment-medium size-medium\" alt=\"\" loading=\"lazy\" srcset=\"https:\/\/www.zsk.olsztyn.pl\/przedszkole\/wp-content\/uploads\/2021\/04\/IMG_20210422_103651-225x300.jpg 225w, https:\/\/www.zsk.olsztyn.pl\/przedszkole\/wp-content\/uploads\/2021\/04\/IMG_20210422_103651-768x1024.jpg 768w\" sizes=\"(max-width: 225px) 100vw, 225px\" \/><\/a>\n\t\t\t<\/div><\/figure><figure class='gallery-item'>\n\t\t\t<div class='gallery-icon portrait'>\n\t\t\t\t<a href='https:\/\/www.zsk.olsztyn.pl\/przedszkole\/wp-content\/uploads\/2021\/04\/IMG_20210423_091939.jpg'><img width=\"225\" height=\"300\" src=\"https:\/\/www.zsk.olsztyn.pl\/przedszkole\/wp-content\/uploads\/2021\/04\/IMG_20210423_091939-225x300.jpg\" class=\"attachment-medium size-medium\" alt=\"\" loading=\"lazy\" srcset=\"https:\/\/www.zsk.olsztyn.pl\/przedszkole\/wp-content\/uploads\/2021\/04\/IMG_20210423_091939-225x300.jpg 225w, https:\/\/www.zsk.olsztyn.pl\/przedszkole\/wp-content\/uploads\/2021\/04\/IMG_20210423_091939-768x1024.jpg 768w\" sizes=\"(max-width: 225px) 100vw, 225px\" \/><\/a>\n\t\t\t<\/div><\/figure><figure class='gallery-item'>\n\t\t\t<div class='gallery-icon portrait'>\n\t\t\t\t<a href='https:\/\/www.zsk.olsztyn.pl\/przedszkole\/wp-content\/uploads\/2021\/04\/IMG_20210423_092639.jpg'><img width=\"225\" height=\"300\" src=\"https:\/\/www.zsk.olsztyn.pl\/przedszkole\/wp-content\/uploads\/2021\/04\/IMG_20210423_092639-225x300.jpg\" class=\"attachment-medium size-medium\" alt=\"\" loading=\"lazy\" srcset=\"https:\/\/www.zsk.olsztyn.pl\/przedszkole\/wp-content\/uploads\/2021\/04\/IMG_20210423_092639-225x300.jpg 225w, https:\/\/www.zsk.olsztyn.pl\/przedszkole\/wp-content\/uploads\/2021\/04\/IMG_20210423_092639-768x1024.jpg 768w\" sizes=\"(max-width: 225px) 100vw, 225px\" \/><\/a>\n\t\t\t<\/div><\/figure><figure class='gallery-item'>\n\t\t\t<div class='gallery-icon portrait'>\n\t\t\t\t<a href='https:\/\/www.zsk.olsztyn.pl\/przedszkole\/wp-content\/uploads\/2021\/04\/IMG_20210423_093856.jpg'><img width=\"225\" height=\"300\" src=\"https:\/\/www.zsk.olsztyn.pl\/przedszkole\/wp-content\/uploads\/2021\/04\/IMG_20210423_093856-225x300.jpg\" class=\"attachment-medium size-medium\" alt=\"\" loading=\"lazy\" srcset=\"https:\/\/www.zsk.olsztyn.pl\/przedszkole\/wp-content\/uploads\/2021\/04\/IMG_20210423_093856-225x300.jpg 225w, https:\/\/www.zsk.olsztyn.pl\/przedszkole\/wp-content\/uploads\/2021\/04\/IMG_20210423_093856-768x1024.jpg 768w\" sizes=\"(max-width: 225px) 100vw, 225px\" \/><\/a>\n\t\t\t<\/div><\/figure><figure class='gallery-item'>\n\t\t\t<div class='gallery-icon portrait'>\n\t\t\t\t<a href='https:\/\/www.zsk.olsztyn.pl\/przedszkole\/wp-content\/uploads\/2021\/04\/IMG_20210423_093900.jpg'><img width=\"225\" height=\"300\" src=\"https:\/\/www.zsk.olsztyn.pl\/przedszkole\/wp-content\/uploads\/2021\/04\/IMG_20210423_093900-225x300.jpg\" class=\"attachment-medium size-medium\" alt=\"\" loading=\"lazy\" srcset=\"https:\/\/www.zsk.olsztyn.pl\/przedszkole\/wp-content\/uploads\/2021\/04\/IMG_20210423_093900-225x300.jpg 225w, https:\/\/www.zsk.olsztyn.pl\/przedszkole\/wp-content\/uploads\/2021\/04\/IMG_20210423_093900-768x1024.jpg 768w\" sizes=\"(max-width: 225px) 100vw, 225px\" \/><\/a>\n\t\t\t<\/div><\/figure><figure class='gallery-item'>\n\t\t\t<div class='gallery-icon portrait'>\n\t\t\t\t<a href='https:\/\/www.zsk.olsztyn.pl\/przedszkole\/wp-content\/uploads\/2021\/04\/IMG_20210422_092206.jpg'><img width=\"225\" height=\"300\" src=\"https:\/\/www.zsk.olsztyn.pl\/przedszkole\/wp-content\/uploads\/2021\/04\/IMG_20210422_092206-225x300.jpg\" class=\"attachment-medium size-medium\" alt=\"\" loading=\"lazy\" srcset=\"https:\/\/www.zsk.olsztyn.pl\/przedszkole\/wp-content\/uploads\/2021\/04\/IMG_20210422_092206-225x300.jpg 225w, https:\/\/www.zsk.olsztyn.pl\/przedszkole\/wp-content\/uploads\/2021\/04\/IMG_20210422_092206-768x1024.jpg 768w\" sizes=\"(max-width: 225px) 100vw, 225px\" \/><\/a>\n\t\t\t<\/div><\/figure><figure class='gallery-item'>\n\t\t\t<div class='gallery-icon portrait'>\n\t\t\t\t<a href='https:\/\/www.zsk.olsztyn.pl\/przedszkole\/wp-content\/uploads\/2021\/04\/IMG_20210422_092724.jpg'><img width=\"225\" height=\"300\" src=\"https:\/\/www.zsk.olsztyn.pl\/przedszkole\/wp-content\/uploads\/2021\/04\/IMG_20210422_092724-225x300.jpg\" class=\"attachment-medium size-medium\" alt=\"\" loading=\"lazy\" srcset=\"https:\/\/www.zsk.olsztyn.pl\/przedszkole\/wp-content\/uploads\/2021\/04\/IMG_20210422_092724-225x300.jpg 225w, https:\/\/www.zsk.olsztyn.pl\/przedszkole\/wp-content\/uploads\/2021\/04\/IMG_20210422_092724-768x1024.jpg 768w\" sizes=\"(max-width: 225px) 100vw, 225px\" \/><\/a>\n\t\t\t<\/div><\/figure><figure class='gallery-item'>\n\t\t\t<div class='gallery-icon landscape'>\n\t\t\t\t<a href='https:\/\/www.zsk.olsztyn.pl\/przedszkole\/wp-content\/uploads\/2021\/04\/IMG_20210422_100000.jpg'><img width=\"300\" height=\"225\" src=\"https:\/\/www.zsk.olsztyn.pl\/przedszkole\/wp-content\/uploads\/2021\/04\/IMG_20210422_100000-300x225.jpg\" class=\"attachment-medium size-medium\" alt=\"\" loading=\"lazy\" srcset=\"https:\/\/www.zsk.olsztyn.pl\/przedszkole\/wp-content\/uploads\/2021\/04\/IMG_20210422_100000-300x225.jpg 300w, https:\/\/www.zsk.olsztyn.pl\/przedszkole\/wp-content\/uploads\/2021\/04\/IMG_20210422_100000-1024x768.jpg 1024w\" sizes=\"(max-width: 300px) 100vw, 300px\" \/><\/a>\n\t\t\t<\/div><\/figure><figure class='gallery-item'>\n\t\t\t<div class='gallery-icon landscape'>\n\t\t\t\t<a href='https:\/\/www.zsk.olsztyn.pl\/przedszkole\/wp-content\/uploads\/2021\/04\/IMG_20210422_103308.jpg'><img width=\"300\" height=\"225\" src=\"https:\/\/www.zsk.olsztyn.pl\/przedszkole\/wp-content\/uploads\/2021\/04\/IMG_20210422_103308-300x225.jpg\" class=\"attachment-medium size-medium\" alt=\"\" loading=\"lazy\" srcset=\"https:\/\/www.zsk.olsztyn.pl\/przedszkole\/wp-content\/uploads\/2021\/04\/IMG_20210422_103308-300x225.jpg 300w, https:\/\/www.zsk.olsztyn.pl\/przedszkole\/wp-content\/uploads\/2021\/04\/IMG_20210422_103308-1024x768.jpg 1024w\" sizes=\"(max-width: 300px) 100vw, 300px\" \/><\/a>\n\t\t\t<\/div><\/figure><figure class='gallery-item'>\n\t\t\t<div class='gallery-icon portrait'>\n\t\t\t\t<a href='https:\/\/www.zsk.olsztyn.pl\/przedszkole\/wp-content\/uploads\/2021\/04\/IMG_20210422_103408.jpg'><img width=\"225\" height=\"300\" src=\"https:\/\/www.zsk.olsztyn.pl\/przedszkole\/wp-content\/uploads\/2021\/04\/IMG_20210422_103408-225x300.jpg\" class=\"attachment-medium size-medium\" alt=\"\" loading=\"lazy\" srcset=\"https:\/\/www.zsk.olsztyn.pl\/przedszkole\/wp-content\/uploads\/2021\/04\/IMG_20210422_103408-225x300.jpg 225w, https:\/\/www.zsk.olsztyn.pl\/przedszkole\/wp-content\/uploads\/2021\/04\/IMG_20210422_103408-768x1024.jpg 768w\" sizes=\"(max-width: 225px) 100vw, 225px\" \/><\/a>\n\t\t\t<\/div><\/figure><figure class='gallery-item'>\n\t\t\t<div class='gallery-icon portrait'>\n\t\t\t\t<a href='https:\/\/www.zsk.olsztyn.pl\/przedszkole\/wp-content\/uploads\/2021\/04\/IMG_20210420_093932.jpg'><img width=\"225\" height=\"300\" src=\"https:\/\/www.zsk.olsztyn.pl\/przedszkole\/wp-content\/uploads\/2021\/04\/IMG_20210420_093932-225x300.jpg\" class=\"attachment-medium size-medium\" alt=\"\" loading=\"lazy\" srcset=\"https:\/\/www.zsk.olsztyn.pl\/przedszkole\/wp-content\/uploads\/2021\/04\/IMG_20210420_093932-225x300.jpg 225w, https:\/\/www.zsk.olsztyn.pl\/przedszkole\/wp-content\/uploads\/2021\/04\/IMG_20210420_093932-768x1024.jpg 768w\" sizes=\"(max-width: 225px) 100vw, 225px\" \/><\/a>\n\t\t\t<\/div><\/figure><figure class='gallery-item'>\n\t\t\t<div class='gallery-icon portrait'>\n\t\t\t\t<a href='https:\/\/www.zsk.olsztyn.pl\/przedszkole\/wp-content\/uploads\/2021\/04\/IMG_20210422_082015.jpg'><img width=\"225\" height=\"300\" src=\"https:\/\/www.zsk.olsztyn.pl\/przedszkole\/wp-content\/uploads\/2021\/04\/IMG_20210422_082015-225x300.jpg\" class=\"attachment-medium size-medium\" alt=\"\" loading=\"lazy\" srcset=\"https:\/\/www.zsk.olsztyn.pl\/przedszkole\/wp-content\/uploads\/2021\/04\/IMG_20210422_082015-225x300.jpg 225w, https:\/\/www.zsk.olsztyn.pl\/przedszkole\/wp-content\/uploads\/2021\/04\/IMG_20210422_082015-768x1024.jpg 768w\" sizes=\"(max-width: 225px) 100vw, 225px\" \/><\/a>\n\t\t\t<\/div><\/figure><figure class='gallery-item'>\n\t\t\t<div class='gallery-icon portrait'>\n\t\t\t\t<a href='https:\/\/www.zsk.olsztyn.pl\/przedszkole\/wp-content\/uploads\/2021\/04\/IMG_20210420_085730.jpg'><img width=\"225\" height=\"300\" src=\"https:\/\/www.zsk.olsztyn.pl\/przedszkole\/wp-content\/uploads\/2021\/04\/IMG_20210420_085730-225x300.jpg\" class=\"attachment-medium size-medium\" alt=\"\" loading=\"lazy\" srcset=\"https:\/\/www.zsk.olsztyn.pl\/przedszkole\/wp-content\/uploads\/2021\/04\/IMG_20210420_085730-225x300.jpg 225w, https:\/\/www.zsk.olsztyn.pl\/przedszkole\/wp-content\/uploads\/2021\/04\/IMG_20210420_085730-768x1024.jpg 768w\" sizes=\"(max-width: 225px) 100vw, 225px\" \/><\/a>\n\t\t\t<\/div><\/figure><figure class='gallery-item'>\n\t\t\t<div class='gallery-icon landscape'>\n\t\t\t\t<a href='https:\/\/www.zsk.olsztyn.pl\/przedszkole\/wp-content\/uploads\/2021\/04\/IMG_20210420_090050.jpg'><img width=\"300\" height=\"225\" src=\"https:\/\/www.zsk.olsztyn.pl\/przedszkole\/wp-content\/uploads\/2021\/04\/IMG_20210420_090050-300x225.jpg\" class=\"attachment-medium size-medium\" alt=\"\" loading=\"lazy\" srcset=\"https:\/\/www.zsk.olsztyn.pl\/przedszkole\/wp-content\/uploads\/2021\/04\/IMG_20210420_090050-300x225.jpg 300w, https:\/\/www.zsk.olsztyn.pl\/przedszkole\/wp-content\/uploads\/2021\/04\/IMG_20210420_090050-1024x768.jpg 1024w\" sizes=\"(max-width: 300px) 100vw, 300px\" \/><\/a>\n\t\t\t<\/div><\/figure><figure class='gallery-item'>\n\t\t\t<div class='gallery-icon portrait'>\n\t\t\t\t<a href='https:\/\/www.zsk.olsztyn.pl\/przedszkole\/wp-content\/uploads\/2021\/04\/IMG_20210420_092741.jpg'><img width=\"225\" height=\"300\" src=\"https:\/\/www.zsk.olsztyn.pl\/przedszkole\/wp-content\/uploads\/2021\/04\/IMG_20210420_092741-225x300.jpg\" class=\"attachment-medium size-medium\" alt=\"\" loading=\"lazy\" srcset=\"https:\/\/www.zsk.olsztyn.pl\/przedszkole\/wp-content\/uploads\/2021\/04\/IMG_20210420_092741-225x300.jpg 225w, https:\/\/www.zsk.olsztyn.pl\/przedszkole\/wp-content\/uploads\/2021\/04\/IMG_20210420_092741-768x1024.jpg 768w\" sizes=\"(max-width: 225px) 100vw, 225px\" \/><\/a>\n\t\t\t<\/div><\/figure><figure class='gallery-item'>\n\t\t\t<div class='gallery-icon portrait'>\n\t\t\t\t<a href='https:\/\/www.zsk.olsztyn.pl\/przedszkole\/wp-content\/uploads\/2021\/04\/IMG_20210422_082101.jpg'><img width=\"225\" height=\"300\" src=\"https:\/\/www.zsk.olsztyn.pl\/przedszkole\/wp-content\/uploads\/2021\/04\/IMG_20210422_082101-225x300.jpg\" class=\"attachment-medium size-medium\" alt=\"\" loading=\"lazy\" srcset=\"https:\/\/www.zsk.olsztyn.pl\/przedszkole\/wp-content\/uploads\/2021\/04\/IMG_20210422_082101-225x300.jpg 225w, https:\/\/www.zsk.olsztyn.pl\/przedszkole\/wp-content\/uploads\/2021\/04\/IMG_20210422_082101-768x1024.jpg 768w\" sizes=\"(max-width: 225px) 100vw, 225px\" \/><\/a>\n\t\t\t<\/div><\/figure>\n\t\t<\/div>\n\n","protected":false},"excerpt":{"rendered":"<p>Tydzie\u0144 Ekologiczny, kt\u00f3ry na sta\u0142e wpisany jest do kalendarza imprez naszego przedszkola, w\u0142a\u015bnie dobieg\u0142 ko\u0144ca. W byciu eko-kulturalnym przedszkolakiem i przyjacielem natury, pomaga\u0142y nam zaj\u0119cia uwra\u017cliwiaj\u0105ce na otaczaj\u0105ce nas \u015brodowisko.\u00a0 Dowiedzieli\u015bmy si\u0119, co to jest ekologia i recykling oraz jak wa\u017cna jest segregacja odpad\u00f3w. Z okazji Mi\u0119dzynarodowego Dnia Ziemi, kt\u00f3ry przypada 22 kwietnia, wykonali\u015bmy laurk\u0119<\/p>\n","protected":false},"author":1,"featured_media":12189,"comment_status":"open","ping_status":"open","sticky":false,"template":"","format":"standard","meta":[],"categories":[229,4],"tags":[],"yoast_head":"<!-- This site is optimized with the Yoast SEO plugin v18.2 - https:\/\/yoast.com\/wordpress\/plugins\/seo\/ -->\n<title>TYDZIE\u0143 EKOLOGICZNY- 5 latki - Katolicki Zesp\u00f3\u0142 Edukacyjny - Niepubliczne przedszkole<\/title>\n<meta name=\"description\" content=\"Tydzie\u0144 Ekologiczny, kt\u00f3ry na sta\u0142e wpisany jest do kalendarza imprez naszego przedszkola, w\u0142a\u015bnie dobieg\u0142 ko\u0144ca. W byciu eko-kulturalnym przedszkolakiem\" \/>\n<meta name=\"robots\" content=\"index, follow, max-snippet:-1, max-image-preview:large, max-video-preview:-1\" \/>\n<link rel=\"canonical\" href=\"https:\/\/www.zsk.olsztyn.pl\/przedszkole\/tydzien-ekologiczny-5-latki\/\" \/>\n<meta name=\"twitter:label1\" content=\"Napisane przez\" \/>\n\t<meta name=\"twitter:data1\" content=\"admin\" \/>\n\t<meta name=\"twitter:label2\" content=\"Szacowany czas czytania\" \/>\n\t<meta name=\"twitter:data2\" content=\"1 minuta\" \/>\n<script type=\"application\/ld+json\" class=\"yoast-schema-graph\">{\"@context\":\"https:\/\/schema.org\",\"@graph\":[{\"@type\":\"WebSite\",\"@id\":\"https:\/\/www.zsk.olsztyn.pl\/przedszkole\/#website\",\"url\":\"https:\/\/www.zsk.olsztyn.pl\/przedszkole\/\",\"name\":\"Katolicki Zesp\u00f3\u0142 Edukacyjny - Niepubliczne przedszkole\",\"description\":\"Zapraszamy na stron\u0119 katolickiego niepublicznego przedszkola\",\"potentialAction\":[{\"@type\":\"SearchAction\",\"target\":{\"@type\":\"EntryPoint\",\"urlTemplate\":\"https:\/\/www.zsk.olsztyn.pl\/przedszkole\/?s={search_term_string}\"},\"query-input\":\"required name=search_term_string\"}],\"inLanguage\":\"pl-PL\"},{\"@type\":\"ImageObject\",\"@id\":\"https:\/\/www.zsk.olsztyn.pl\/przedszkole\/tydzien-ekologiczny-5-latki\/#primaryimage\",\"inLanguage\":\"pl-PL\",\"url\":\"https:\/\/www.zsk.olsztyn.pl\/przedszkole\/wp-content\/uploads\/2021\/04\/Planeta_v1-e1619517202590.jpg\",\"contentUrl\":\"https:\/\/www.zsk.olsztyn.pl\/przedszkole\/wp-content\/uploads\/2021\/04\/Planeta_v1-e1619517202590.jpg\",\"width\":150,\"height\":156},{\"@type\":\"WebPage\",\"@id\":\"https:\/\/www.zsk.olsztyn.pl\/przedszkole\/tydzien-ekologiczny-5-latki\/#webpage\",\"url\":\"https:\/\/www.zsk.olsztyn.pl\/przedszkole\/tydzien-ekologiczny-5-latki\/\",\"name\":\"TYDZIE\u0143 EKOLOGICZNY- 5 latki - Katolicki Zesp\u00f3\u0142 Edukacyjny - Niepubliczne przedszkole\",\"isPartOf\":{\"@id\":\"https:\/\/www.zsk.olsztyn.pl\/przedszkole\/#website\"},\"primaryImageOfPage\":{\"@id\":\"https:\/\/www.zsk.olsztyn.pl\/przedszkole\/tydzien-ekologiczny-5-latki\/#primaryimage\"},\"datePublished\":\"2021-04-27T09:51:28+00:00\",\"dateModified\":\"2022-08-21T23:46:30+00:00\",\"author\":{\"@id\":\"https:\/\/www.zsk.olsztyn.pl\/przedszkole\/#\/schema\/person\/d918f2da4f27cb7ded309fa67f4d415a\"},\"description\":\"Tydzie\u0144 Ekologiczny, kt\u00f3ry na sta\u0142e wpisany jest do kalendarza imprez naszego przedszkola, w\u0142a\u015bnie dobieg\u0142 ko\u0144ca. W byciu eko-kulturalnym przedszkolakiem\",\"breadcrumb\":{\"@id\":\"https:\/\/www.zsk.olsztyn.pl\/przedszkole\/tydzien-ekologiczny-5-latki\/#breadcrumb\"},\"inLanguage\":\"pl-PL\",\"potentialAction\":[{\"@type\":\"ReadAction\",\"target\":[\"https:\/\/www.zsk.olsztyn.pl\/przedszkole\/tydzien-ekologiczny-5-latki\/\"]}]},{\"@type\":\"BreadcrumbList\",\"@id\":\"https:\/\/www.zsk.olsztyn.pl\/przedszkole\/tydzien-ekologiczny-5-latki\/#breadcrumb\",\"itemListElement\":[{\"@type\":\"ListItem\",\"position\":1,\"name\":\"Strona g\u0142\u00f3wna\",\"item\":\"https:\/\/www.zsk.olsztyn.pl\/przedszkole\/\"},{\"@type\":\"ListItem\",\"position\":2,\"name\":\"TYDZIE\u0143 EKOLOGICZNY- 5 latki\"}]},{\"@type\":\"Person\",\"@id\":\"https:\/\/www.zsk.olsztyn.pl\/przedszkole\/#\/schema\/person\/d918f2da4f27cb7ded309fa67f4d415a\",\"name\":\"admin\",\"image\":{\"@type\":\"ImageObject\",\"@id\":\"https:\/\/www.zsk.olsztyn.pl\/przedszkole\/#personlogo\",\"inLanguage\":\"pl-PL\",\"url\":\"https:\/\/secure.gravatar.com\/avatar\/4677eccc26cd593f3306dd9613f7e9c7?s=96&d=mm&r=g\",\"contentUrl\":\"https:\/\/secure.gravatar.com\/avatar\/4677eccc26cd593f3306dd9613f7e9c7?s=96&d=mm&r=g\",\"caption\":\"admin\"},\"url\":\"https:\/\/www.zsk.olsztyn.pl\/przedszkole\/author\/admin\/\"}]}<\/script>\n<!-- \/ Yoast SEO plugin. -->","yoast_head_json":{"title":"TYDZIE\u0143 EKOLOGICZNY- 5 latki - Katolicki Zesp\u00f3\u0142 Edukacyjny - Niepubliczne przedszkole","description":"Tydzie\u0144 Ekologiczny, kt\u00f3ry na sta\u0142e wpisany jest do kalendarza imprez naszego przedszkola, w\u0142a\u015bnie dobieg\u0142 ko\u0144ca. W byciu eko-kulturalnym przedszkolakiem","robots":{"index":"index","follow":"follow","max-snippet":"max-snippet:-1","max-image-preview":"max-image-preview:large","max-video-preview":"max-video-preview:-1"},"canonical":"https:\/\/www.zsk.olsztyn.pl\/przedszkole\/tydzien-ekologiczny-5-latki\/","twitter_misc":{"Napisane przez":"admin","Szacowany czas czytania":"1 minuta"},"schema":{"@context":"https:\/\/schema.org","@graph":[{"@type":"WebSite","@id":"https:\/\/www.zsk.olsztyn.pl\/przedszkole\/#website","url":"https:\/\/www.zsk.olsztyn.pl\/przedszkole\/","name":"Katolicki Zesp\u00f3\u0142 Edukacyjny - Niepubliczne przedszkole","description":"Zapraszamy na stron\u0119 katolickiego niepublicznego przedszkola","potentialAction":[{"@type":"SearchAction","target":{"@type":"EntryPoint","urlTemplate":"https:\/\/www.zsk.olsztyn.pl\/przedszkole\/?s={search_term_string}"},"query-input":"required name=search_term_string"}],"inLanguage":"pl-PL"},{"@type":"ImageObject","@id":"https:\/\/www.zsk.olsztyn.pl\/przedszkole\/tydzien-ekologiczny-5-latki\/#primaryimage","inLanguage":"pl-PL","url":"https:\/\/www.zsk.olsztyn.pl\/przedszkole\/wp-content\/uploads\/2021\/04\/Planeta_v1-e1619517202590.jpg","contentUrl":"https:\/\/www.zsk.olsztyn.pl\/przedszkole\/wp-content\/uploads\/2021\/04\/Planeta_v1-e1619517202590.jpg","width":150,"height":156},{"@type":"WebPage","@id":"https:\/\/www.zsk.olsztyn.pl\/przedszkole\/tydzien-ekologiczny-5-latki\/#webpage","url":"https:\/\/www.zsk.olsztyn.pl\/przedszkole\/tydzien-ekologiczny-5-latki\/","name":"TYDZIE\u0143 EKOLOGICZNY- 5 latki - Katolicki Zesp\u00f3\u0142 Edukacyjny - Niepubliczne przedszkole","isPartOf":{"@id":"https:\/\/www.zsk.olsztyn.pl\/przedszkole\/#website"},"primaryImageOfPage":{"@id":"https:\/\/www.zsk.olsztyn.pl\/przedszkole\/tydzien-ekologiczny-5-latki\/#primaryimage"},"datePublished":"2021-04-27T09:51:28+00:00","dateModified":"2022-08-21T23:46:30+00:00","author":{"@id":"https:\/\/www.zsk.olsztyn.pl\/przedszkole\/#\/schema\/person\/d918f2da4f27cb7ded309fa67f4d415a"},"description":"Tydzie\u0144 Ekologiczny, kt\u00f3ry na sta\u0142e wpisany jest do kalendarza imprez naszego przedszkola, w\u0142a\u015bnie dobieg\u0142 ko\u0144ca. W byciu eko-kulturalnym przedszkolakiem","breadcrumb":{"@id":"https:\/\/www.zsk.olsztyn.pl\/przedszkole\/tydzien-ekologiczny-5-latki\/#breadcrumb"},"inLanguage":"pl-PL","potentialAction":[{"@type":"ReadAction","target":["https:\/\/www.zsk.olsztyn.pl\/przedszkole\/tydzien-ekologiczny-5-latki\/"]}]},{"@type":"BreadcrumbList","@id":"https:\/\/www.zsk.olsztyn.pl\/przedszkole\/tydzien-ekologiczny-5-latki\/#breadcrumb","itemListElement":[{"@type":"ListItem","position":1,"name":"Strona g\u0142\u00f3wna","item":"https:\/\/www.zsk.olsztyn.pl\/przedszkole\/"},{"@type":"ListItem","position":2,"name":"TYDZIE\u0143 EKOLOGICZNY- 5 latki"}]},{"@type":"Person","@id":"https:\/\/www.zsk.olsztyn.pl\/przedszkole\/#\/schema\/person\/d918f2da4f27cb7ded309fa67f4d415a","name":"admin","image":{"@type":"ImageObject","@id":"https:\/\/www.zsk.olsztyn.pl\/przedszkole\/#personlogo","inLanguage":"pl-PL","url":"https:\/\/secure.gravatar.com\/avatar\/4677eccc26cd593f3306dd9613f7e9c7?s=96&d=mm&r=g","contentUrl":"https:\/\/secure.gravatar.com\/avatar\/4677eccc26cd593f3306dd9613f7e9c7?s=96&d=mm&r=g","caption":"admin"},"url":"https:\/\/www.zsk.olsztyn.pl\/przedszkole\/author\/admin\/"}]}},"_links":{"self":[{"href":"https:\/\/www.zsk.olsztyn.pl\/przedszkole\/wp-json\/wp\/v2\/posts\/12159"}],"collection":[{"href":"https:\/\/www.zsk.olsztyn.pl\/przedszkole\/wp-json\/wp\/v2\/posts"}],"about":[{"href":"https:\/\/www.zsk.olsztyn.pl\/przedszkole\/wp-json\/wp\/v2\/types\/post"}],"author":[{"embeddable":true,"href":"https:\/\/www.zsk.olsztyn.pl\/przedszkole\/wp-json\/wp\/v2\/users\/1"}],"replies":[{"embeddable":true,"href":"https:\/\/www.zsk.olsztyn.pl\/przedszkole\/wp-json\/wp\/v2\/comments?post=12159"}],"version-history":[{"count":2,"href":"https:\/\/www.zsk.olsztyn.pl\/przedszkole\/wp-json\/wp\/v2\/posts\/12159\/revisions"}],"predecessor-version":[{"id":12188,"href":"https:\/\/www.zsk.olsztyn.pl\/przedszkole\/wp-json\/wp\/v2\/posts\/12159\/revisions\/12188"}],"wp:featuredmedia":[{"embeddable":true,"href":"https:\/\/www.zsk.olsztyn.pl\/przedszkole\/wp-json\/wp\/v2\/media\/12189"}],"wp:attachment":[{"href":"https:\/\/www.zsk.olsztyn.pl\/przedszkole\/wp-json\/wp\/v2\/media?parent=12159"}],"wp:term":[{"taxonomy":"category","embeddable":true,"href":"https:\/\/www.zsk.olsztyn.pl\/przedszkole\/wp-json\/wp\/v2\/categories?post=12159"},{"taxonomy":"post_tag","embeddable":true,"href":"https:\/\/www.zsk.olsztyn.pl\/przedszkole\/wp-json\/wp\/v2\/tags?post=12159"}],"curies":[{"name":"wp","href":"https:\/\/api.w.org\/{rel}","templated":true}]}}