{"id":12054,"date":"2021-03-23T14:16:46","date_gmt":"2021-03-23T12:16:46","guid":{"rendered":"http:\/\/www.zsk.olsztyn.pl\/przedszkole\/?p=12054"},"modified":"2022-08-22T01:47:59","modified_gmt":"2022-08-21T23:47:59","slug":"12054","status":"publish","type":"post","link":"https:\/\/www.zsk.olsztyn.pl\/przedszkole\/12054\/","title":{"rendered":"WIOSNA W GRUPIE 3 LATK\u00d3W"},"content":{"rendered":"<h3><span style=\"color: #008000;\">W poniedzia\u0142ek 22 marca grupa 3- latk\u00f3w \u015bwi\u0119towa\u0142a Pierwszy Dzie\u0144 Wiosny. Aby podkre\u015bli\u0107 charakter tego dnia, Przedszkolaki przysz\u0142y ubrane na zielono. Uroczysto\u015bci powitania Wiosny rozpocz\u0119\u0142o si\u0119 od\u015bpiewaniem piosenki. Mimo wielu atrakcji najbardziej oczekiwan\u0105 cz\u0119\u015bci\u0105 dnia by\u0142o wyj\u015bcie na spacer, podczas kt\u00f3rego mogli\u015bmy po\u017cegna\u0107 zim\u0119 i powita\u0107 wiosn\u0119. Dzieci rado\u015bnie maszerowa\u0142y w wiosennym pochodzie. Jeste\u015bmy pewni, \u017ce starania naszych wspania\u0142ych Przedszkolak\u00f3w sprawi\u0105, \u017ce Wiosna zawita do nas na dobre.<\/span><\/h3>\n<div id='gallery-1' class='gallery galleryid-12054 gallery-columns-2 gallery-size-medium'><figure class='gallery-item'>\n\t\t\t<div class='gallery-icon landscape'>\n\t\t\t\t<a href='https:\/\/www.zsk.olsztyn.pl\/przedszkole\/wp-content\/uploads\/2021\/03\/IMG_20210322_111620.jpg'><img width=\"300\" height=\"168\" src=\"https:\/\/www.zsk.olsztyn.pl\/przedszkole\/wp-content\/uploads\/2021\/03\/IMG_20210322_111620-300x168.jpg\" class=\"attachment-medium size-medium\" alt=\"\" loading=\"lazy\" srcset=\"https:\/\/www.zsk.olsztyn.pl\/przedszkole\/wp-content\/uploads\/2021\/03\/IMG_20210322_111620-300x168.jpg 300w, https:\/\/www.zsk.olsztyn.pl\/przedszkole\/wp-content\/uploads\/2021\/03\/IMG_20210322_111620-1024x575.jpg 1024w\" sizes=\"(max-width: 300px) 100vw, 300px\" \/><\/a>\n\t\t\t<\/div><\/figure><figure class='gallery-item'>\n\t\t\t<div class='gallery-icon landscape'>\n\t\t\t\t<a href='https:\/\/www.zsk.olsztyn.pl\/przedszkole\/wp-content\/uploads\/2021\/03\/IMG_20210322_113513.jpg'><img width=\"300\" height=\"168\" src=\"https:\/\/www.zsk.olsztyn.pl\/przedszkole\/wp-content\/uploads\/2021\/03\/IMG_20210322_113513-300x168.jpg\" class=\"attachment-medium size-medium\" alt=\"\" loading=\"lazy\" srcset=\"https:\/\/www.zsk.olsztyn.pl\/przedszkole\/wp-content\/uploads\/2021\/03\/IMG_20210322_113513-300x168.jpg 300w, https:\/\/www.zsk.olsztyn.pl\/przedszkole\/wp-content\/uploads\/2021\/03\/IMG_20210322_113513-1024x575.jpg 1024w\" sizes=\"(max-width: 300px) 100vw, 300px\" \/><\/a>\n\t\t\t<\/div><\/figure><figure class='gallery-item'>\n\t\t\t<div class='gallery-icon portrait'>\n\t\t\t\t<a href='https:\/\/www.zsk.olsztyn.pl\/przedszkole\/wp-content\/uploads\/2021\/03\/IMG_20210322_141419-e1616501444680.jpg'><img width=\"168\" height=\"300\" src=\"https:\/\/www.zsk.olsztyn.pl\/przedszkole\/wp-content\/uploads\/2021\/03\/IMG_20210322_141419-e1616501444680-168x300.jpg\" class=\"attachment-medium size-medium\" alt=\"\" loading=\"lazy\" srcset=\"https:\/\/www.zsk.olsztyn.pl\/przedszkole\/wp-content\/uploads\/2021\/03\/IMG_20210322_141419-e1616501444680-168x300.jpg 168w, https:\/\/www.zsk.olsztyn.pl\/przedszkole\/wp-content\/uploads\/2021\/03\/IMG_20210322_141419-e1616501444680-575x1024.jpg 575w\" sizes=\"(max-width: 168px) 100vw, 168px\" \/><\/a>\n\t\t\t<\/div><\/figure><figure class='gallery-item'>\n\t\t\t<div class='gallery-icon portrait'>\n\t\t\t\t<a href='https:\/\/www.zsk.olsztyn.pl\/przedszkole\/wp-content\/uploads\/2021\/03\/IMG_20210322_141507-e1616501455718.jpg'><img width=\"168\" height=\"300\" src=\"https:\/\/www.zsk.olsztyn.pl\/przedszkole\/wp-content\/uploads\/2021\/03\/IMG_20210322_141507-e1616501455718-168x300.jpg\" class=\"attachment-medium size-medium\" alt=\"\" loading=\"lazy\" srcset=\"https:\/\/www.zsk.olsztyn.pl\/przedszkole\/wp-content\/uploads\/2021\/03\/IMG_20210322_141507-e1616501455718-168x300.jpg 168w, https:\/\/www.zsk.olsztyn.pl\/przedszkole\/wp-content\/uploads\/2021\/03\/IMG_20210322_141507-e1616501455718-575x1024.jpg 575w\" sizes=\"(max-width: 168px) 100vw, 168px\" \/><\/a>\n\t\t\t<\/div><\/figure><figure class='gallery-item'>\n\t\t\t<div class='gallery-icon portrait'>\n\t\t\t\t<a href='https:\/\/www.zsk.olsztyn.pl\/przedszkole\/wp-content\/uploads\/2021\/03\/IMG_20210322_142313-e1616501464109.jpg'><img width=\"168\" height=\"300\" src=\"https:\/\/www.zsk.olsztyn.pl\/przedszkole\/wp-content\/uploads\/2021\/03\/IMG_20210322_142313-e1616501464109-168x300.jpg\" class=\"attachment-medium size-medium\" alt=\"\" loading=\"lazy\" srcset=\"https:\/\/www.zsk.olsztyn.pl\/przedszkole\/wp-content\/uploads\/2021\/03\/IMG_20210322_142313-e1616501464109-168x300.jpg 168w, https:\/\/www.zsk.olsztyn.pl\/przedszkole\/wp-content\/uploads\/2021\/03\/IMG_20210322_142313-e1616501464109-575x1024.jpg 575w\" sizes=\"(max-width: 168px) 100vw, 168px\" \/><\/a>\n\t\t\t<\/div><\/figure><figure class='gallery-item'>\n\t\t\t<div class='gallery-icon portrait'>\n\t\t\t\t<a href='https:\/\/www.zsk.olsztyn.pl\/przedszkole\/wp-content\/uploads\/2021\/03\/IMG_20210322_142329-e1616501474649.jpg'><img width=\"168\" height=\"300\" src=\"https:\/\/www.zsk.olsztyn.pl\/przedszkole\/wp-content\/uploads\/2021\/03\/IMG_20210322_142329-e1616501474649-168x300.jpg\" class=\"attachment-medium size-medium\" alt=\"\" loading=\"lazy\" srcset=\"https:\/\/www.zsk.olsztyn.pl\/przedszkole\/wp-content\/uploads\/2021\/03\/IMG_20210322_142329-e1616501474649-168x300.jpg 168w, https:\/\/www.zsk.olsztyn.pl\/przedszkole\/wp-content\/uploads\/2021\/03\/IMG_20210322_142329-e1616501474649-575x1024.jpg 575w\" sizes=\"(max-width: 168px) 100vw, 168px\" \/><\/a>\n\t\t\t<\/div><\/figure><figure class='gallery-item'>\n\t\t\t<div class='gallery-icon portrait'>\n\t\t\t\t<a href='https:\/\/www.zsk.olsztyn.pl\/przedszkole\/wp-content\/uploads\/2021\/03\/IMG_20210322_142436-e1616501483892.jpg'><img width=\"168\" height=\"300\" src=\"https:\/\/www.zsk.olsztyn.pl\/przedszkole\/wp-content\/uploads\/2021\/03\/IMG_20210322_142436-e1616501483892-168x300.jpg\" class=\"attachment-medium size-medium\" alt=\"\" loading=\"lazy\" srcset=\"https:\/\/www.zsk.olsztyn.pl\/przedszkole\/wp-content\/uploads\/2021\/03\/IMG_20210322_142436-e1616501483892-168x300.jpg 168w, https:\/\/www.zsk.olsztyn.pl\/przedszkole\/wp-content\/uploads\/2021\/03\/IMG_20210322_142436-e1616501483892-575x1024.jpg 575w\" sizes=\"(max-width: 168px) 100vw, 168px\" \/><\/a>\n\t\t\t<\/div><\/figure><figure class='gallery-item'>\n\t\t\t<div class='gallery-icon portrait'>\n\t\t\t\t<a href='https:\/\/www.zsk.olsztyn.pl\/przedszkole\/wp-content\/uploads\/2021\/03\/IMG_20210322_143756-e1616501495985.jpg'><img width=\"168\" height=\"300\" src=\"https:\/\/www.zsk.olsztyn.pl\/przedszkole\/wp-content\/uploads\/2021\/03\/IMG_20210322_143756-e1616501495985-168x300.jpg\" class=\"attachment-medium size-medium\" alt=\"\" loading=\"lazy\" srcset=\"https:\/\/www.zsk.olsztyn.pl\/przedszkole\/wp-content\/uploads\/2021\/03\/IMG_20210322_143756-e1616501495985-168x300.jpg 168w, https:\/\/www.zsk.olsztyn.pl\/przedszkole\/wp-content\/uploads\/2021\/03\/IMG_20210322_143756-e1616501495985-575x1024.jpg 575w\" sizes=\"(max-width: 168px) 100vw, 168px\" \/><\/a>\n\t\t\t<\/div><\/figure>\n\t\t<\/div>\n\n","protected":false},"excerpt":{"rendered":"<p>W poniedzia\u0142ek 22 marca grupa 3- latk\u00f3w \u015bwi\u0119towa\u0142a Pierwszy Dzie\u0144 Wiosny. Aby podkre\u015bli\u0107 charakter tego dnia, Przedszkolaki przysz\u0142y ubrane na zielono. Uroczysto\u015bci powitania Wiosny rozpocz\u0119\u0142o si\u0119 od\u015bpiewaniem piosenki. Mimo wielu atrakcji najbardziej oczekiwan\u0105 cz\u0119\u015bci\u0105 dnia by\u0142o wyj\u015bcie na spacer, podczas kt\u00f3rego mogli\u015bmy po\u017cegna\u0107 zim\u0119 i powita\u0107 wiosn\u0119. Dzieci rado\u015bnie maszerowa\u0142y w wiosennym pochodzie. Jeste\u015bmy pewni,<\/p>\n","protected":false},"author":1,"featured_media":12063,"comment_status":"open","ping_status":"open","sticky":false,"template":"","format":"standard","meta":[],"categories":[227,4],"tags":[],"yoast_head":"<!-- This site is optimized with the Yoast SEO plugin v18.2 - https:\/\/yoast.com\/wordpress\/plugins\/seo\/ -->\n<title>WIOSNA W GRUPIE 3 LATK\u00d3W - Katolicki Zesp\u00f3\u0142 Edukacyjny - Niepubliczne przedszkole<\/title>\n<meta name=\"description\" content=\"W poniedzia\u0142ek 22 marca grupa 3- latk\u00f3w \u015bwi\u0119towa\u0142a Pierwszy Dzie\u0144 Wiosny. Aby podkre\u015bli\u0107 charakter tego dnia, Przedszkolaki przysz\u0142y ubrane na zielono.\" \/>\n<meta name=\"robots\" content=\"index, follow, max-snippet:-1, max-image-preview:large, max-video-preview:-1\" \/>\n<link rel=\"canonical\" href=\"https:\/\/www.zsk.olsztyn.pl\/przedszkole\/12054\/\" \/>\n<meta name=\"twitter:label1\" content=\"Napisane przez\" \/>\n\t<meta name=\"twitter:data1\" content=\"admin\" \/>\n<script type=\"application\/ld+json\" class=\"yoast-schema-graph\">{\"@context\":\"https:\/\/schema.org\",\"@graph\":[{\"@type\":\"WebSite\",\"@id\":\"https:\/\/www.zsk.olsztyn.pl\/przedszkole\/#website\",\"url\":\"https:\/\/www.zsk.olsztyn.pl\/przedszkole\/\",\"name\":\"Katolicki Zesp\u00f3\u0142 Edukacyjny - Niepubliczne przedszkole\",\"description\":\"Zapraszamy na stron\u0119 katolickiego niepublicznego przedszkola\",\"potentialAction\":[{\"@type\":\"SearchAction\",\"target\":{\"@type\":\"EntryPoint\",\"urlTemplate\":\"https:\/\/www.zsk.olsztyn.pl\/przedszkole\/?s={search_term_string}\"},\"query-input\":\"required name=search_term_string\"}],\"inLanguage\":\"pl-PL\"},{\"@type\":\"ImageObject\",\"@id\":\"https:\/\/www.zsk.olsztyn.pl\/przedszkole\/12054\/#primaryimage\",\"inLanguage\":\"pl-PL\",\"url\":\"https:\/\/www.zsk.olsztyn.pl\/przedszkole\/wp-content\/uploads\/2021\/03\/krokusy-zwiastuny-wiosny-2427513-e1616501793218.jpg\",\"contentUrl\":\"https:\/\/www.zsk.olsztyn.pl\/przedszkole\/wp-content\/uploads\/2021\/03\/krokusy-zwiastuny-wiosny-2427513-e1616501793218.jpg\",\"width\":150,\"height\":113},{\"@type\":\"WebPage\",\"@id\":\"https:\/\/www.zsk.olsztyn.pl\/przedszkole\/12054\/#webpage\",\"url\":\"https:\/\/www.zsk.olsztyn.pl\/przedszkole\/12054\/\",\"name\":\"WIOSNA W GRUPIE 3 LATK\u00d3W - Katolicki Zesp\u00f3\u0142 Edukacyjny - Niepubliczne przedszkole\",\"isPartOf\":{\"@id\":\"https:\/\/www.zsk.olsztyn.pl\/przedszkole\/#website\"},\"primaryImageOfPage\":{\"@id\":\"https:\/\/www.zsk.olsztyn.pl\/przedszkole\/12054\/#primaryimage\"},\"datePublished\":\"2021-03-23T12:16:46+00:00\",\"dateModified\":\"2022-08-21T23:47:59+00:00\",\"author\":{\"@id\":\"https:\/\/www.zsk.olsztyn.pl\/przedszkole\/#\/schema\/person\/d918f2da4f27cb7ded309fa67f4d415a\"},\"description\":\"W poniedzia\u0142ek 22 marca grupa 3- latk\u00f3w \u015bwi\u0119towa\u0142a Pierwszy Dzie\u0144 Wiosny. Aby podkre\u015bli\u0107 charakter tego dnia, Przedszkolaki przysz\u0142y ubrane na zielono.\",\"breadcrumb\":{\"@id\":\"https:\/\/www.zsk.olsztyn.pl\/przedszkole\/12054\/#breadcrumb\"},\"inLanguage\":\"pl-PL\",\"potentialAction\":[{\"@type\":\"ReadAction\",\"target\":[\"https:\/\/www.zsk.olsztyn.pl\/przedszkole\/12054\/\"]}]},{\"@type\":\"BreadcrumbList\",\"@id\":\"https:\/\/www.zsk.olsztyn.pl\/przedszkole\/12054\/#breadcrumb\",\"itemListElement\":[{\"@type\":\"ListItem\",\"position\":1,\"name\":\"Strona g\u0142\u00f3wna\",\"item\":\"https:\/\/www.zsk.olsztyn.pl\/przedszkole\/\"},{\"@type\":\"ListItem\",\"position\":2,\"name\":\"WIOSNA W GRUPIE 3 LATK\u00d3W\"}]},{\"@type\":\"Person\",\"@id\":\"https:\/\/www.zsk.olsztyn.pl\/przedszkole\/#\/schema\/person\/d918f2da4f27cb7ded309fa67f4d415a\",\"name\":\"admin\",\"image\":{\"@type\":\"ImageObject\",\"@id\":\"https:\/\/www.zsk.olsztyn.pl\/przedszkole\/#personlogo\",\"inLanguage\":\"pl-PL\",\"url\":\"https:\/\/secure.gravatar.com\/avatar\/4677eccc26cd593f3306dd9613f7e9c7?s=96&d=mm&r=g\",\"contentUrl\":\"https:\/\/secure.gravatar.com\/avatar\/4677eccc26cd593f3306dd9613f7e9c7?s=96&d=mm&r=g\",\"caption\":\"admin\"},\"url\":\"https:\/\/www.zsk.olsztyn.pl\/przedszkole\/author\/admin\/\"}]}<\/script>\n<!-- \/ Yoast SEO plugin. -->","yoast_head_json":{"title":"WIOSNA W GRUPIE 3 LATK\u00d3W - Katolicki Zesp\u00f3\u0142 Edukacyjny - Niepubliczne przedszkole","description":"W poniedzia\u0142ek 22 marca grupa 3- latk\u00f3w \u015bwi\u0119towa\u0142a Pierwszy Dzie\u0144 Wiosny. Aby podkre\u015bli\u0107 charakter tego dnia, Przedszkolaki przysz\u0142y ubrane na zielono.","robots":{"index":"index","follow":"follow","max-snippet":"max-snippet:-1","max-image-preview":"max-image-preview:large","max-video-preview":"max-video-preview:-1"},"canonical":"https:\/\/www.zsk.olsztyn.pl\/przedszkole\/12054\/","twitter_misc":{"Napisane przez":"admin"},"schema":{"@context":"https:\/\/schema.org","@graph":[{"@type":"WebSite","@id":"https:\/\/www.zsk.olsztyn.pl\/przedszkole\/#website","url":"https:\/\/www.zsk.olsztyn.pl\/przedszkole\/","name":"Katolicki Zesp\u00f3\u0142 Edukacyjny - Niepubliczne przedszkole","description":"Zapraszamy na stron\u0119 katolickiego niepublicznego przedszkola","potentialAction":[{"@type":"SearchAction","target":{"@type":"EntryPoint","urlTemplate":"https:\/\/www.zsk.olsztyn.pl\/przedszkole\/?s={search_term_string}"},"query-input":"required name=search_term_string"}],"inLanguage":"pl-PL"},{"@type":"ImageObject","@id":"https:\/\/www.zsk.olsztyn.pl\/przedszkole\/12054\/#primaryimage","inLanguage":"pl-PL","url":"https:\/\/www.zsk.olsztyn.pl\/przedszkole\/wp-content\/uploads\/2021\/03\/krokusy-zwiastuny-wiosny-2427513-e1616501793218.jpg","contentUrl":"https:\/\/www.zsk.olsztyn.pl\/przedszkole\/wp-content\/uploads\/2021\/03\/krokusy-zwiastuny-wiosny-2427513-e1616501793218.jpg","width":150,"height":113},{"@type":"WebPage","@id":"https:\/\/www.zsk.olsztyn.pl\/przedszkole\/12054\/#webpage","url":"https:\/\/www.zsk.olsztyn.pl\/przedszkole\/12054\/","name":"WIOSNA W GRUPIE 3 LATK\u00d3W - Katolicki Zesp\u00f3\u0142 Edukacyjny - Niepubliczne przedszkole","isPartOf":{"@id":"https:\/\/www.zsk.olsztyn.pl\/przedszkole\/#website"},"primaryImageOfPage":{"@id":"https:\/\/www.zsk.olsztyn.pl\/przedszkole\/12054\/#primaryimage"},"datePublished":"2021-03-23T12:16:46+00:00","dateModified":"2022-08-21T23:47:59+00:00","author":{"@id":"https:\/\/www.zsk.olsztyn.pl\/przedszkole\/#\/schema\/person\/d918f2da4f27cb7ded309fa67f4d415a"},"description":"W poniedzia\u0142ek 22 marca grupa 3- latk\u00f3w \u015bwi\u0119towa\u0142a Pierwszy Dzie\u0144 Wiosny. Aby podkre\u015bli\u0107 charakter tego dnia, Przedszkolaki przysz\u0142y ubrane na zielono.","breadcrumb":{"@id":"https:\/\/www.zsk.olsztyn.pl\/przedszkole\/12054\/#breadcrumb"},"inLanguage":"pl-PL","potentialAction":[{"@type":"ReadAction","target":["https:\/\/www.zsk.olsztyn.pl\/przedszkole\/12054\/"]}]},{"@type":"BreadcrumbList","@id":"https:\/\/www.zsk.olsztyn.pl\/przedszkole\/12054\/#breadcrumb","itemListElement":[{"@type":"ListItem","position":1,"name":"Strona g\u0142\u00f3wna","item":"https:\/\/www.zsk.olsztyn.pl\/przedszkole\/"},{"@type":"ListItem","position":2,"name":"WIOSNA W GRUPIE 3 LATK\u00d3W"}]},{"@type":"Person","@id":"https:\/\/www.zsk.olsztyn.pl\/przedszkole\/#\/schema\/person\/d918f2da4f27cb7ded309fa67f4d415a","name":"admin","image":{"@type":"ImageObject","@id":"https:\/\/www.zsk.olsztyn.pl\/przedszkole\/#personlogo","inLanguage":"pl-PL","url":"https:\/\/secure.gravatar.com\/avatar\/4677eccc26cd593f3306dd9613f7e9c7?s=96&d=mm&r=g","contentUrl":"https:\/\/secure.gravatar.com\/avatar\/4677eccc26cd593f3306dd9613f7e9c7?s=96&d=mm&r=g","caption":"admin"},"url":"https:\/\/www.zsk.olsztyn.pl\/przedszkole\/author\/admin\/"}]}},"_links":{"self":[{"href":"https:\/\/www.zsk.olsztyn.pl\/przedszkole\/wp-json\/wp\/v2\/posts\/12054"}],"collection":[{"href":"https:\/\/www.zsk.olsztyn.pl\/przedszkole\/wp-json\/wp\/v2\/posts"}],"about":[{"href":"https:\/\/www.zsk.olsztyn.pl\/przedszkole\/wp-json\/wp\/v2\/types\/post"}],"author":[{"embeddable":true,"href":"https:\/\/www.zsk.olsztyn.pl\/przedszkole\/wp-json\/wp\/v2\/users\/1"}],"replies":[{"embeddable":true,"href":"https:\/\/www.zsk.olsztyn.pl\/przedszkole\/wp-json\/wp\/v2\/comments?post=12054"}],"version-history":[{"count":2,"href":"https:\/\/www.zsk.olsztyn.pl\/przedszkole\/wp-json\/wp\/v2\/posts\/12054\/revisions"}],"predecessor-version":[{"id":12065,"href":"https:\/\/www.zsk.olsztyn.pl\/przedszkole\/wp-json\/wp\/v2\/posts\/12054\/revisions\/12065"}],"wp:featuredmedia":[{"embeddable":true,"href":"https:\/\/www.zsk.olsztyn.pl\/przedszkole\/wp-json\/wp\/v2\/media\/12063"}],"wp:attachment":[{"href":"https:\/\/www.zsk.olsztyn.pl\/przedszkole\/wp-json\/wp\/v2\/media?parent=12054"}],"wp:term":[{"taxonomy":"category","embeddable":true,"href":"https:\/\/www.zsk.olsztyn.pl\/przedszkole\/wp-json\/wp\/v2\/categories?post=12054"},{"taxonomy":"post_tag","embeddable":true,"href":"https:\/\/www.zsk.olsztyn.pl\/przedszkole\/wp-json\/wp\/v2\/tags?post=12054"}],"curies":[{"name":"wp","href":"https:\/\/api.w.org\/{rel}","templated":true}]}}