{"id":10841,"date":"2020-11-24T14:27:39","date_gmt":"2020-11-24T12:27:39","guid":{"rendered":"http:\/\/www.zsk.olsztyn.pl\/przedszkole\/?p=10841"},"modified":"2022-08-22T02:08:29","modified_gmt":"2022-08-22T00:08:29","slug":"pasowanie-na-przedszkolaka-5","status":"publish","type":"post","link":"https:\/\/www.zsk.olsztyn.pl\/przedszkole\/pasowanie-na-przedszkolaka-5\/","title":{"rendered":"PASOWANIE NA PRZEDSZKOLAKA"},"content":{"rendered":"<h3><span style=\"color: #008000;\">Dzisiejszy dzie\u0144 &#8211; \u201eDzie\u0144 Pasowania na Przedszkolaka&#8221;, by\u0142 bardzo weso\u0142y &#8211; poniewa\u017c dzieci sta\u0142y si\u0119 ju\u017c pe\u0142noprawnymi przedszkolakami.\u00a0 Czas adaptacji uwa\u017camy za zamkni\u0119ty .\u00a0<\/span><\/h3>\n<p>&nbsp;<\/p>\n<div id='gallery-1' class='gallery galleryid-10841 gallery-columns-2 gallery-size-medium'><figure class='gallery-item'>\n\t\t\t<div class='gallery-icon landscape'>\n\t\t\t\t<a href='https:\/\/www.zsk.olsztyn.pl\/przedszkole\/wp-content\/uploads\/2020\/11\/DSC03376.jpg'><img width=\"300\" height=\"225\" src=\"https:\/\/www.zsk.olsztyn.pl\/przedszkole\/wp-content\/uploads\/2020\/11\/DSC03376-300x225.jpg\" class=\"attachment-medium size-medium\" alt=\"\" loading=\"lazy\" srcset=\"https:\/\/www.zsk.olsztyn.pl\/przedszkole\/wp-content\/uploads\/2020\/11\/DSC03376-300x225.jpg 300w, https:\/\/www.zsk.olsztyn.pl\/przedszkole\/wp-content\/uploads\/2020\/11\/DSC03376-1024x768.jpg 1024w\" sizes=\"(max-width: 300px) 100vw, 300px\" \/><\/a>\n\t\t\t<\/div><\/figure><figure class='gallery-item'>\n\t\t\t<div class='gallery-icon portrait'>\n\t\t\t\t<a href='https:\/\/www.zsk.olsztyn.pl\/przedszkole\/wp-content\/uploads\/2020\/11\/IMG_20201124_102304-e1606289044107.jpg'><img width=\"168\" height=\"300\" src=\"https:\/\/www.zsk.olsztyn.pl\/przedszkole\/wp-content\/uploads\/2020\/11\/IMG_20201124_102304-e1606289044107-168x300.jpg\" class=\"attachment-medium size-medium\" alt=\"\" loading=\"lazy\" srcset=\"https:\/\/www.zsk.olsztyn.pl\/przedszkole\/wp-content\/uploads\/2020\/11\/IMG_20201124_102304-e1606289044107-168x300.jpg 168w, https:\/\/www.zsk.olsztyn.pl\/przedszkole\/wp-content\/uploads\/2020\/11\/IMG_20201124_102304-e1606289044107-575x1024.jpg 575w\" sizes=\"(max-width: 168px) 100vw, 168px\" \/><\/a>\n\t\t\t<\/div><\/figure><figure class='gallery-item'>\n\t\t\t<div class='gallery-icon portrait'>\n\t\t\t\t<a href='https:\/\/www.zsk.olsztyn.pl\/przedszkole\/wp-content\/uploads\/2020\/11\/IMG_20201124_102338-e1606289030697.jpg'><img width=\"168\" height=\"300\" src=\"https:\/\/www.zsk.olsztyn.pl\/przedszkole\/wp-content\/uploads\/2020\/11\/IMG_20201124_102338-e1606289030697-168x300.jpg\" class=\"attachment-medium size-medium\" alt=\"\" loading=\"lazy\" srcset=\"https:\/\/www.zsk.olsztyn.pl\/przedszkole\/wp-content\/uploads\/2020\/11\/IMG_20201124_102338-e1606289030697-168x300.jpg 168w, https:\/\/www.zsk.olsztyn.pl\/przedszkole\/wp-content\/uploads\/2020\/11\/IMG_20201124_102338-e1606289030697-575x1024.jpg 575w\" sizes=\"(max-width: 168px) 100vw, 168px\" \/><\/a>\n\t\t\t<\/div><\/figure><figure class='gallery-item'>\n\t\t\t<div class='gallery-icon portrait'>\n\t\t\t\t<a href='https:\/\/www.zsk.olsztyn.pl\/przedszkole\/wp-content\/uploads\/2020\/11\/IMG_20201124_102445-e1606289018696.jpg'><img width=\"168\" height=\"300\" src=\"https:\/\/www.zsk.olsztyn.pl\/przedszkole\/wp-content\/uploads\/2020\/11\/IMG_20201124_102445-e1606289018696-168x300.jpg\" class=\"attachment-medium size-medium\" alt=\"\" loading=\"lazy\" srcset=\"https:\/\/www.zsk.olsztyn.pl\/przedszkole\/wp-content\/uploads\/2020\/11\/IMG_20201124_102445-e1606289018696-168x300.jpg 168w, https:\/\/www.zsk.olsztyn.pl\/przedszkole\/wp-content\/uploads\/2020\/11\/IMG_20201124_102445-e1606289018696-575x1024.jpg 575w\" sizes=\"(max-width: 168px) 100vw, 168px\" \/><\/a>\n\t\t\t<\/div><\/figure><figure class='gallery-item'>\n\t\t\t<div class='gallery-icon portrait'>\n\t\t\t\t<a href='https:\/\/www.zsk.olsztyn.pl\/przedszkole\/wp-content\/uploads\/2020\/11\/IMG_20201124_102514-e1606289007874.jpg'><img width=\"168\" height=\"300\" src=\"https:\/\/www.zsk.olsztyn.pl\/przedszkole\/wp-content\/uploads\/2020\/11\/IMG_20201124_102514-e1606289007874-168x300.jpg\" class=\"attachment-medium size-medium\" alt=\"\" loading=\"lazy\" srcset=\"https:\/\/www.zsk.olsztyn.pl\/przedszkole\/wp-content\/uploads\/2020\/11\/IMG_20201124_102514-e1606289007874-168x300.jpg 168w, https:\/\/www.zsk.olsztyn.pl\/przedszkole\/wp-content\/uploads\/2020\/11\/IMG_20201124_102514-e1606289007874-575x1024.jpg 575w\" sizes=\"(max-width: 168px) 100vw, 168px\" \/><\/a>\n\t\t\t<\/div><\/figure><figure class='gallery-item'>\n\t\t\t<div class='gallery-icon portrait'>\n\t\t\t\t<a href='https:\/\/www.zsk.olsztyn.pl\/przedszkole\/wp-content\/uploads\/2020\/11\/IMG_20201124_102533-e1606288995312.jpg'><img width=\"168\" height=\"300\" src=\"https:\/\/www.zsk.olsztyn.pl\/przedszkole\/wp-content\/uploads\/2020\/11\/IMG_20201124_102533-e1606288995312-168x300.jpg\" class=\"attachment-medium size-medium\" alt=\"\" loading=\"lazy\" srcset=\"https:\/\/www.zsk.olsztyn.pl\/przedszkole\/wp-content\/uploads\/2020\/11\/IMG_20201124_102533-e1606288995312-168x300.jpg 168w, https:\/\/www.zsk.olsztyn.pl\/przedszkole\/wp-content\/uploads\/2020\/11\/IMG_20201124_102533-e1606288995312-575x1024.jpg 575w\" sizes=\"(max-width: 168px) 100vw, 168px\" \/><\/a>\n\t\t\t<\/div><\/figure><figure class='gallery-item'>\n\t\t\t<div class='gallery-icon portrait'>\n\t\t\t\t<a href='https:\/\/www.zsk.olsztyn.pl\/przedszkole\/wp-content\/uploads\/2020\/11\/IMG_20201124_102555-e1606288911171.jpg'><img width=\"168\" height=\"300\" src=\"https:\/\/www.zsk.olsztyn.pl\/przedszkole\/wp-content\/uploads\/2020\/11\/IMG_20201124_102555-e1606288911171-168x300.jpg\" class=\"attachment-medium size-medium\" alt=\"\" loading=\"lazy\" srcset=\"https:\/\/www.zsk.olsztyn.pl\/przedszkole\/wp-content\/uploads\/2020\/11\/IMG_20201124_102555-e1606288911171-168x300.jpg 168w, https:\/\/www.zsk.olsztyn.pl\/przedszkole\/wp-content\/uploads\/2020\/11\/IMG_20201124_102555-e1606288911171-575x1024.jpg 575w\" sizes=\"(max-width: 168px) 100vw, 168px\" \/><\/a>\n\t\t\t<\/div><\/figure><figure class='gallery-item'>\n\t\t\t<div class='gallery-icon portrait'>\n\t\t\t\t<a href='https:\/\/www.zsk.olsztyn.pl\/przedszkole\/wp-content\/uploads\/2020\/11\/IMG_20201124_102638-e1606288898756.jpg'><img width=\"168\" height=\"300\" src=\"https:\/\/www.zsk.olsztyn.pl\/przedszkole\/wp-content\/uploads\/2020\/11\/IMG_20201124_102638-e1606288898756-168x300.jpg\" class=\"attachment-medium size-medium\" alt=\"\" loading=\"lazy\" srcset=\"https:\/\/www.zsk.olsztyn.pl\/przedszkole\/wp-content\/uploads\/2020\/11\/IMG_20201124_102638-e1606288898756-168x300.jpg 168w, https:\/\/www.zsk.olsztyn.pl\/przedszkole\/wp-content\/uploads\/2020\/11\/IMG_20201124_102638-e1606288898756-575x1024.jpg 575w\" sizes=\"(max-width: 168px) 100vw, 168px\" \/><\/a>\n\t\t\t<\/div><\/figure><figure class='gallery-item'>\n\t\t\t<div class='gallery-icon portrait'>\n\t\t\t\t<a href='https:\/\/www.zsk.olsztyn.pl\/przedszkole\/wp-content\/uploads\/2020\/11\/IMG_20201124_102657-e1606288886298.jpg'><img width=\"168\" height=\"300\" src=\"https:\/\/www.zsk.olsztyn.pl\/przedszkole\/wp-content\/uploads\/2020\/11\/IMG_20201124_102657-e1606288886298-168x300.jpg\" class=\"attachment-medium size-medium\" alt=\"\" loading=\"lazy\" srcset=\"https:\/\/www.zsk.olsztyn.pl\/przedszkole\/wp-content\/uploads\/2020\/11\/IMG_20201124_102657-e1606288886298-168x300.jpg 168w, https:\/\/www.zsk.olsztyn.pl\/przedszkole\/wp-content\/uploads\/2020\/11\/IMG_20201124_102657-e1606288886298-575x1024.jpg 575w\" sizes=\"(max-width: 168px) 100vw, 168px\" \/><\/a>\n\t\t\t<\/div><\/figure><figure class='gallery-item'>\n\t\t\t<div class='gallery-icon portrait'>\n\t\t\t\t<a href='https:\/\/www.zsk.olsztyn.pl\/przedszkole\/wp-content\/uploads\/2020\/11\/IMG_20201124_102739-e1606288872748.jpg'><img width=\"168\" height=\"300\" src=\"https:\/\/www.zsk.olsztyn.pl\/przedszkole\/wp-content\/uploads\/2020\/11\/IMG_20201124_102739-e1606288872748-168x300.jpg\" class=\"attachment-medium size-medium\" alt=\"\" loading=\"lazy\" srcset=\"https:\/\/www.zsk.olsztyn.pl\/przedszkole\/wp-content\/uploads\/2020\/11\/IMG_20201124_102739-e1606288872748-168x300.jpg 168w, https:\/\/www.zsk.olsztyn.pl\/przedszkole\/wp-content\/uploads\/2020\/11\/IMG_20201124_102739-e1606288872748-575x1024.jpg 575w\" sizes=\"(max-width: 168px) 100vw, 168px\" \/><\/a>\n\t\t\t<\/div><\/figure><figure class='gallery-item'>\n\t\t\t<div class='gallery-icon portrait'>\n\t\t\t\t<a href='https:\/\/www.zsk.olsztyn.pl\/przedszkole\/wp-content\/uploads\/2020\/11\/IMG_20201124_102753-e1606288860217.jpg'><img width=\"168\" height=\"300\" src=\"https:\/\/www.zsk.olsztyn.pl\/przedszkole\/wp-content\/uploads\/2020\/11\/IMG_20201124_102753-e1606288860217-168x300.jpg\" class=\"attachment-medium size-medium\" alt=\"\" loading=\"lazy\" srcset=\"https:\/\/www.zsk.olsztyn.pl\/przedszkole\/wp-content\/uploads\/2020\/11\/IMG_20201124_102753-e1606288860217-168x300.jpg 168w, https:\/\/www.zsk.olsztyn.pl\/przedszkole\/wp-content\/uploads\/2020\/11\/IMG_20201124_102753-e1606288860217-575x1024.jpg 575w\" sizes=\"(max-width: 168px) 100vw, 168px\" \/><\/a>\n\t\t\t<\/div><\/figure><figure class='gallery-item'>\n\t\t\t<div class='gallery-icon portrait'>\n\t\t\t\t<a href='https:\/\/www.zsk.olsztyn.pl\/przedszkole\/wp-content\/uploads\/2020\/11\/IMG_20201124_102814-e1606288847992.jpg'><img width=\"168\" height=\"300\" src=\"https:\/\/www.zsk.olsztyn.pl\/przedszkole\/wp-content\/uploads\/2020\/11\/IMG_20201124_102814-e1606288847992-168x300.jpg\" class=\"attachment-medium size-medium\" alt=\"\" loading=\"lazy\" srcset=\"https:\/\/www.zsk.olsztyn.pl\/przedszkole\/wp-content\/uploads\/2020\/11\/IMG_20201124_102814-e1606288847992-168x300.jpg 168w, https:\/\/www.zsk.olsztyn.pl\/przedszkole\/wp-content\/uploads\/2020\/11\/IMG_20201124_102814-e1606288847992-575x1024.jpg 575w\" sizes=\"(max-width: 168px) 100vw, 168px\" \/><\/a>\n\t\t\t<\/div><\/figure><figure class='gallery-item'>\n\t\t\t<div class='gallery-icon portrait'>\n\t\t\t\t<a href='https:\/\/www.zsk.olsztyn.pl\/przedszkole\/wp-content\/uploads\/2020\/11\/IMG_20201124_102833-e1606288836877.jpg'><img width=\"168\" height=\"300\" src=\"https:\/\/www.zsk.olsztyn.pl\/przedszkole\/wp-content\/uploads\/2020\/11\/IMG_20201124_102833-e1606288836877-168x300.jpg\" class=\"attachment-medium size-medium\" alt=\"\" loading=\"lazy\" srcset=\"https:\/\/www.zsk.olsztyn.pl\/przedszkole\/wp-content\/uploads\/2020\/11\/IMG_20201124_102833-e1606288836877-168x300.jpg 168w, https:\/\/www.zsk.olsztyn.pl\/przedszkole\/wp-content\/uploads\/2020\/11\/IMG_20201124_102833-e1606288836877-575x1024.jpg 575w\" sizes=\"(max-width: 168px) 100vw, 168px\" \/><\/a>\n\t\t\t<\/div><\/figure><figure class='gallery-item'>\n\t\t\t<div class='gallery-icon portrait'>\n\t\t\t\t<a href='https:\/\/www.zsk.olsztyn.pl\/przedszkole\/wp-content\/uploads\/2020\/11\/IMG_20201124_102903-e1606288825177.jpg'><img width=\"168\" height=\"300\" src=\"https:\/\/www.zsk.olsztyn.pl\/przedszkole\/wp-content\/uploads\/2020\/11\/IMG_20201124_102903-e1606288825177-168x300.jpg\" class=\"attachment-medium size-medium\" alt=\"\" loading=\"lazy\" srcset=\"https:\/\/www.zsk.olsztyn.pl\/przedszkole\/wp-content\/uploads\/2020\/11\/IMG_20201124_102903-e1606288825177-168x300.jpg 168w, https:\/\/www.zsk.olsztyn.pl\/przedszkole\/wp-content\/uploads\/2020\/11\/IMG_20201124_102903-e1606288825177-575x1024.jpg 575w\" sizes=\"(max-width: 168px) 100vw, 168px\" \/><\/a>\n\t\t\t<\/div><\/figure><figure class='gallery-item'>\n\t\t\t<div class='gallery-icon portrait'>\n\t\t\t\t<a href='https:\/\/www.zsk.olsztyn.pl\/przedszkole\/wp-content\/uploads\/2020\/11\/IMG_20201124_102914-e1606288814175.jpg'><img width=\"168\" height=\"300\" src=\"https:\/\/www.zsk.olsztyn.pl\/przedszkole\/wp-content\/uploads\/2020\/11\/IMG_20201124_102914-e1606288814175-168x300.jpg\" class=\"attachment-medium size-medium\" alt=\"\" loading=\"lazy\" srcset=\"https:\/\/www.zsk.olsztyn.pl\/przedszkole\/wp-content\/uploads\/2020\/11\/IMG_20201124_102914-e1606288814175-168x300.jpg 168w, https:\/\/www.zsk.olsztyn.pl\/przedszkole\/wp-content\/uploads\/2020\/11\/IMG_20201124_102914-e1606288814175-575x1024.jpg 575w\" sizes=\"(max-width: 168px) 100vw, 168px\" \/><\/a>\n\t\t\t<\/div><\/figure><figure class='gallery-item'>\n\t\t\t<div class='gallery-icon portrait'>\n\t\t\t\t<a href='https:\/\/www.zsk.olsztyn.pl\/przedszkole\/wp-content\/uploads\/2020\/11\/IMG_20201124_102932-e1606288802960.jpg'><img width=\"168\" height=\"300\" src=\"https:\/\/www.zsk.olsztyn.pl\/przedszkole\/wp-content\/uploads\/2020\/11\/IMG_20201124_102932-e1606288802960-168x300.jpg\" class=\"attachment-medium size-medium\" alt=\"\" loading=\"lazy\" srcset=\"https:\/\/www.zsk.olsztyn.pl\/przedszkole\/wp-content\/uploads\/2020\/11\/IMG_20201124_102932-e1606288802960-168x300.jpg 168w, https:\/\/www.zsk.olsztyn.pl\/przedszkole\/wp-content\/uploads\/2020\/11\/IMG_20201124_102932-e1606288802960-575x1024.jpg 575w\" sizes=\"(max-width: 168px) 100vw, 168px\" \/><\/a>\n\t\t\t<\/div><\/figure><figure class='gallery-item'>\n\t\t\t<div class='gallery-icon portrait'>\n\t\t\t\t<a href='https:\/\/www.zsk.olsztyn.pl\/przedszkole\/wp-content\/uploads\/2020\/11\/IMG_20201124_102956-e1606288787526.jpg'><img width=\"168\" height=\"300\" src=\"https:\/\/www.zsk.olsztyn.pl\/przedszkole\/wp-content\/uploads\/2020\/11\/IMG_20201124_102956-e1606288787526-168x300.jpg\" class=\"attachment-medium size-medium\" alt=\"\" loading=\"lazy\" srcset=\"https:\/\/www.zsk.olsztyn.pl\/przedszkole\/wp-content\/uploads\/2020\/11\/IMG_20201124_102956-e1606288787526-168x300.jpg 168w, https:\/\/www.zsk.olsztyn.pl\/przedszkole\/wp-content\/uploads\/2020\/11\/IMG_20201124_102956-e1606288787526-575x1024.jpg 575w\" sizes=\"(max-width: 168px) 100vw, 168px\" \/><\/a>\n\t\t\t<\/div><\/figure><figure class='gallery-item'>\n\t\t\t<div class='gallery-icon portrait'>\n\t\t\t\t<a href='https:\/\/www.zsk.olsztyn.pl\/przedszkole\/wp-content\/uploads\/2020\/11\/IMG_20201124_103047-e1606288767999.jpg'><img width=\"168\" height=\"300\" src=\"https:\/\/www.zsk.olsztyn.pl\/przedszkole\/wp-content\/uploads\/2020\/11\/IMG_20201124_103047-e1606288767999-168x300.jpg\" class=\"attachment-medium size-medium\" alt=\"\" loading=\"lazy\" srcset=\"https:\/\/www.zsk.olsztyn.pl\/przedszkole\/wp-content\/uploads\/2020\/11\/IMG_20201124_103047-e1606288767999-168x300.jpg 168w, https:\/\/www.zsk.olsztyn.pl\/przedszkole\/wp-content\/uploads\/2020\/11\/IMG_20201124_103047-e1606288767999-575x1024.jpg 575w\" sizes=\"(max-width: 168px) 100vw, 168px\" \/><\/a>\n\t\t\t<\/div><\/figure><figure class='gallery-item'>\n\t\t\t<div class='gallery-icon landscape'>\n\t\t\t\t<a href='https:\/\/www.zsk.olsztyn.pl\/przedszkole\/wp-content\/uploads\/2020\/11\/IMG_20201124_103204.jpg'><img width=\"300\" height=\"168\" src=\"https:\/\/www.zsk.olsztyn.pl\/przedszkole\/wp-content\/uploads\/2020\/11\/IMG_20201124_103204-300x168.jpg\" class=\"attachment-medium size-medium\" alt=\"\" loading=\"lazy\" srcset=\"https:\/\/www.zsk.olsztyn.pl\/przedszkole\/wp-content\/uploads\/2020\/11\/IMG_20201124_103204-300x168.jpg 300w, https:\/\/www.zsk.olsztyn.pl\/przedszkole\/wp-content\/uploads\/2020\/11\/IMG_20201124_103204-1024x575.jpg 1024w\" sizes=\"(max-width: 300px) 100vw, 300px\" \/><\/a>\n\t\t\t<\/div><\/figure><figure class='gallery-item'>\n\t\t\t<div class='gallery-icon portrait'>\n\t\t\t\t<a href='https:\/\/www.zsk.olsztyn.pl\/przedszkole\/wp-content\/uploads\/2020\/11\/IMG_20201124_103503-e1606288754873.jpg'><img width=\"168\" height=\"300\" src=\"https:\/\/www.zsk.olsztyn.pl\/przedszkole\/wp-content\/uploads\/2020\/11\/IMG_20201124_103503-e1606288754873-168x300.jpg\" class=\"attachment-medium size-medium\" alt=\"\" loading=\"lazy\" srcset=\"https:\/\/www.zsk.olsztyn.pl\/przedszkole\/wp-content\/uploads\/2020\/11\/IMG_20201124_103503-e1606288754873-168x300.jpg 168w, https:\/\/www.zsk.olsztyn.pl\/przedszkole\/wp-content\/uploads\/2020\/11\/IMG_20201124_103503-e1606288754873-575x1024.jpg 575w\" sizes=\"(max-width: 168px) 100vw, 168px\" \/><\/a>\n\t\t\t<\/div><\/figure><figure class='gallery-item'>\n\t\t\t<div class='gallery-icon portrait'>\n\t\t\t\t<a href='https:\/\/www.zsk.olsztyn.pl\/przedszkole\/wp-content\/uploads\/2020\/11\/IMG_20201124_103856-e1606288714541.jpg'><img width=\"168\" height=\"300\" src=\"https:\/\/www.zsk.olsztyn.pl\/przedszkole\/wp-content\/uploads\/2020\/11\/IMG_20201124_103856-e1606288714541-168x300.jpg\" class=\"attachment-medium size-medium\" alt=\"\" loading=\"lazy\" srcset=\"https:\/\/www.zsk.olsztyn.pl\/przedszkole\/wp-content\/uploads\/2020\/11\/IMG_20201124_103856-e1606288714541-168x300.jpg 168w, https:\/\/www.zsk.olsztyn.pl\/przedszkole\/wp-content\/uploads\/2020\/11\/IMG_20201124_103856-e1606288714541-575x1024.jpg 575w\" sizes=\"(max-width: 168px) 100vw, 168px\" \/><\/a>\n\t\t\t<\/div><\/figure><figure class='gallery-item'>\n\t\t\t<div class='gallery-icon landscape'>\n\t\t\t\t<a href='https:\/\/www.zsk.olsztyn.pl\/przedszkole\/wp-content\/uploads\/2020\/11\/IMG_20201124_114619.jpg'><img width=\"300\" height=\"124\" src=\"https:\/\/www.zsk.olsztyn.pl\/przedszkole\/wp-content\/uploads\/2020\/11\/IMG_20201124_114619-300x124.jpg\" class=\"attachment-medium size-medium\" alt=\"\" loading=\"lazy\" srcset=\"https:\/\/www.zsk.olsztyn.pl\/przedszkole\/wp-content\/uploads\/2020\/11\/IMG_20201124_114619-300x124.jpg 300w, https:\/\/www.zsk.olsztyn.pl\/przedszkole\/wp-content\/uploads\/2020\/11\/IMG_20201124_114619-1024x424.jpg 1024w\" sizes=\"(max-width: 300px) 100vw, 300px\" \/><\/a>\n\t\t\t<\/div><\/figure><figure class='gallery-item'>\n\t\t\t<div class='gallery-icon landscape'>\n\t\t\t\t<a href='https:\/\/www.zsk.olsztyn.pl\/przedszkole\/wp-content\/uploads\/2020\/11\/IMG_20201124_115111.jpg'><img width=\"300\" height=\"251\" src=\"https:\/\/www.zsk.olsztyn.pl\/przedszkole\/wp-content\/uploads\/2020\/11\/IMG_20201124_115111-300x251.jpg\" class=\"attachment-medium size-medium\" alt=\"\" loading=\"lazy\" srcset=\"https:\/\/www.zsk.olsztyn.pl\/przedszkole\/wp-content\/uploads\/2020\/11\/IMG_20201124_115111-300x251.jpg 300w, https:\/\/www.zsk.olsztyn.pl\/przedszkole\/wp-content\/uploads\/2020\/11\/IMG_20201124_115111-1024x858.jpg 1024w\" sizes=\"(max-width: 300px) 100vw, 300px\" \/><\/a>\n\t\t\t<\/div><\/figure><figure class='gallery-item'>\n\t\t\t<div class='gallery-icon landscape'>\n\t\t\t\t<a href='https:\/\/www.zsk.olsztyn.pl\/przedszkole\/wp-content\/uploads\/2020\/11\/IMG_20201124_115307.jpg'><img width=\"300\" height=\"214\" src=\"https:\/\/www.zsk.olsztyn.pl\/przedszkole\/wp-content\/uploads\/2020\/11\/IMG_20201124_115307-300x214.jpg\" class=\"attachment-medium size-medium\" alt=\"\" loading=\"lazy\" srcset=\"https:\/\/www.zsk.olsztyn.pl\/przedszkole\/wp-content\/uploads\/2020\/11\/IMG_20201124_115307-300x214.jpg 300w, https:\/\/www.zsk.olsztyn.pl\/przedszkole\/wp-content\/uploads\/2020\/11\/IMG_20201124_115307-1024x731.jpg 1024w, https:\/\/www.zsk.olsztyn.pl\/przedszkole\/wp-content\/uploads\/2020\/11\/IMG_20201124_115307-155x111.jpg 155w\" sizes=\"(max-width: 300px) 100vw, 300px\" \/><\/a>\n\t\t\t<\/div><\/figure>\n\t\t<\/div>\n\n","protected":false},"excerpt":{"rendered":"<p>Dzisiejszy dzie\u0144 &#8211; \u201eDzie\u0144 Pasowania na Przedszkolaka&#8221;, by\u0142 bardzo weso\u0142y &#8211; poniewa\u017c dzieci sta\u0142y si\u0119 ju\u017c pe\u0142noprawnymi przedszkolakami.\u00a0 Czas adaptacji uwa\u017camy za zamkni\u0119ty .\u00a0 &nbsp;<\/p>\n","protected":false},"author":1,"featured_media":10857,"comment_status":"open","ping_status":"open","sticky":false,"template":"","format":"standard","meta":[],"categories":[227,4,1],"tags":[],"yoast_head":"<!-- This site is optimized with the Yoast SEO plugin v18.2 - https:\/\/yoast.com\/wordpress\/plugins\/seo\/ -->\n<title>PASOWANIE NA PRZEDSZKOLAKA - Katolicki Zesp\u00f3\u0142 Edukacyjny - Niepubliczne przedszkole<\/title>\n<meta name=\"description\" content=\"Dzisiejszy dzie\u0144 - \u201eDzie\u0144 Pasowania na Przedszkolaka&quot;, by\u0142 bardzo weso\u0142y - poniewa\u017c dzieci sta\u0142y si\u0119 ju\u017c pe\u0142noprawnymi przedszkolakami.\u00a0 Czas adaptacji\" \/>\n<meta name=\"robots\" content=\"index, follow, max-snippet:-1, max-image-preview:large, max-video-preview:-1\" \/>\n<link rel=\"canonical\" href=\"https:\/\/www.zsk.olsztyn.pl\/przedszkole\/pasowanie-na-przedszkolaka-5\/\" \/>\n<meta name=\"twitter:label1\" content=\"Napisane przez\" \/>\n\t<meta name=\"twitter:data1\" content=\"admin\" \/>\n<script type=\"application\/ld+json\" class=\"yoast-schema-graph\">{\"@context\":\"https:\/\/schema.org\",\"@graph\":[{\"@type\":\"WebSite\",\"@id\":\"https:\/\/www.zsk.olsztyn.pl\/przedszkole\/#website\",\"url\":\"https:\/\/www.zsk.olsztyn.pl\/przedszkole\/\",\"name\":\"Katolicki Zesp\u00f3\u0142 Edukacyjny - Niepubliczne przedszkole\",\"description\":\"Zapraszamy na stron\u0119 katolickiego niepublicznego przedszkola\",\"potentialAction\":[{\"@type\":\"SearchAction\",\"target\":{\"@type\":\"EntryPoint\",\"urlTemplate\":\"https:\/\/www.zsk.olsztyn.pl\/przedszkole\/?s={search_term_string}\"},\"query-input\":\"required name=search_term_string\"}],\"inLanguage\":\"pl-PL\"},{\"@type\":\"ImageObject\",\"@id\":\"https:\/\/www.zsk.olsztyn.pl\/przedszkole\/pasowanie-na-przedszkolaka-5\/#primaryimage\",\"inLanguage\":\"pl-PL\",\"url\":\"https:\/\/www.zsk.olsztyn.pl\/przedszkole\/wp-content\/uploads\/2020\/11\/Kindergarten-graduation-clipart-free-images-e1606220843414.png\",\"contentUrl\":\"https:\/\/www.zsk.olsztyn.pl\/przedszkole\/wp-content\/uploads\/2020\/11\/Kindergarten-graduation-clipart-free-images-e1606220843414.png\",\"width\":150,\"height\":101},{\"@type\":\"WebPage\",\"@id\":\"https:\/\/www.zsk.olsztyn.pl\/przedszkole\/pasowanie-na-przedszkolaka-5\/#webpage\",\"url\":\"https:\/\/www.zsk.olsztyn.pl\/przedszkole\/pasowanie-na-przedszkolaka-5\/\",\"name\":\"PASOWANIE NA PRZEDSZKOLAKA - Katolicki Zesp\u00f3\u0142 Edukacyjny - Niepubliczne przedszkole\",\"isPartOf\":{\"@id\":\"https:\/\/www.zsk.olsztyn.pl\/przedszkole\/#website\"},\"primaryImageOfPage\":{\"@id\":\"https:\/\/www.zsk.olsztyn.pl\/przedszkole\/pasowanie-na-przedszkolaka-5\/#primaryimage\"},\"datePublished\":\"2020-11-24T12:27:39+00:00\",\"dateModified\":\"2022-08-22T00:08:29+00:00\",\"author\":{\"@id\":\"https:\/\/www.zsk.olsztyn.pl\/przedszkole\/#\/schema\/person\/d918f2da4f27cb7ded309fa67f4d415a\"},\"description\":\"Dzisiejszy dzie\u0144 - \u201eDzie\u0144 Pasowania na Przedszkolaka\\\", by\u0142 bardzo weso\u0142y - poniewa\u017c dzieci sta\u0142y si\u0119 ju\u017c pe\u0142noprawnymi przedszkolakami.\u00a0 Czas adaptacji\",\"breadcrumb\":{\"@id\":\"https:\/\/www.zsk.olsztyn.pl\/przedszkole\/pasowanie-na-przedszkolaka-5\/#breadcrumb\"},\"inLanguage\":\"pl-PL\",\"potentialAction\":[{\"@type\":\"ReadAction\",\"target\":[\"https:\/\/www.zsk.olsztyn.pl\/przedszkole\/pasowanie-na-przedszkolaka-5\/\"]}]},{\"@type\":\"BreadcrumbList\",\"@id\":\"https:\/\/www.zsk.olsztyn.pl\/przedszkole\/pasowanie-na-przedszkolaka-5\/#breadcrumb\",\"itemListElement\":[{\"@type\":\"ListItem\",\"position\":1,\"name\":\"Strona g\u0142\u00f3wna\",\"item\":\"https:\/\/www.zsk.olsztyn.pl\/przedszkole\/\"},{\"@type\":\"ListItem\",\"position\":2,\"name\":\"PASOWANIE NA PRZEDSZKOLAKA\"}]},{\"@type\":\"Person\",\"@id\":\"https:\/\/www.zsk.olsztyn.pl\/przedszkole\/#\/schema\/person\/d918f2da4f27cb7ded309fa67f4d415a\",\"name\":\"admin\",\"image\":{\"@type\":\"ImageObject\",\"@id\":\"https:\/\/www.zsk.olsztyn.pl\/przedszkole\/#personlogo\",\"inLanguage\":\"pl-PL\",\"url\":\"https:\/\/secure.gravatar.com\/avatar\/4677eccc26cd593f3306dd9613f7e9c7?s=96&d=mm&r=g\",\"contentUrl\":\"https:\/\/secure.gravatar.com\/avatar\/4677eccc26cd593f3306dd9613f7e9c7?s=96&d=mm&r=g\",\"caption\":\"admin\"},\"url\":\"https:\/\/www.zsk.olsztyn.pl\/przedszkole\/author\/admin\/\"}]}<\/script>\n<!-- \/ Yoast SEO plugin. -->","yoast_head_json":{"title":"PASOWANIE NA PRZEDSZKOLAKA - Katolicki Zesp\u00f3\u0142 Edukacyjny - Niepubliczne przedszkole","description":"Dzisiejszy dzie\u0144 - \u201eDzie\u0144 Pasowania na Przedszkolaka\", by\u0142 bardzo weso\u0142y - poniewa\u017c dzieci sta\u0142y si\u0119 ju\u017c pe\u0142noprawnymi przedszkolakami.\u00a0 Czas adaptacji","robots":{"index":"index","follow":"follow","max-snippet":"max-snippet:-1","max-image-preview":"max-image-preview:large","max-video-preview":"max-video-preview:-1"},"canonical":"https:\/\/www.zsk.olsztyn.pl\/przedszkole\/pasowanie-na-przedszkolaka-5\/","twitter_misc":{"Napisane przez":"admin"},"schema":{"@context":"https:\/\/schema.org","@graph":[{"@type":"WebSite","@id":"https:\/\/www.zsk.olsztyn.pl\/przedszkole\/#website","url":"https:\/\/www.zsk.olsztyn.pl\/przedszkole\/","name":"Katolicki Zesp\u00f3\u0142 Edukacyjny - Niepubliczne przedszkole","description":"Zapraszamy na stron\u0119 katolickiego niepublicznego przedszkola","potentialAction":[{"@type":"SearchAction","target":{"@type":"EntryPoint","urlTemplate":"https:\/\/www.zsk.olsztyn.pl\/przedszkole\/?s={search_term_string}"},"query-input":"required name=search_term_string"}],"inLanguage":"pl-PL"},{"@type":"ImageObject","@id":"https:\/\/www.zsk.olsztyn.pl\/przedszkole\/pasowanie-na-przedszkolaka-5\/#primaryimage","inLanguage":"pl-PL","url":"https:\/\/www.zsk.olsztyn.pl\/przedszkole\/wp-content\/uploads\/2020\/11\/Kindergarten-graduation-clipart-free-images-e1606220843414.png","contentUrl":"https:\/\/www.zsk.olsztyn.pl\/przedszkole\/wp-content\/uploads\/2020\/11\/Kindergarten-graduation-clipart-free-images-e1606220843414.png","width":150,"height":101},{"@type":"WebPage","@id":"https:\/\/www.zsk.olsztyn.pl\/przedszkole\/pasowanie-na-przedszkolaka-5\/#webpage","url":"https:\/\/www.zsk.olsztyn.pl\/przedszkole\/pasowanie-na-przedszkolaka-5\/","name":"PASOWANIE NA PRZEDSZKOLAKA - Katolicki Zesp\u00f3\u0142 Edukacyjny - Niepubliczne przedszkole","isPartOf":{"@id":"https:\/\/www.zsk.olsztyn.pl\/przedszkole\/#website"},"primaryImageOfPage":{"@id":"https:\/\/www.zsk.olsztyn.pl\/przedszkole\/pasowanie-na-przedszkolaka-5\/#primaryimage"},"datePublished":"2020-11-24T12:27:39+00:00","dateModified":"2022-08-22T00:08:29+00:00","author":{"@id":"https:\/\/www.zsk.olsztyn.pl\/przedszkole\/#\/schema\/person\/d918f2da4f27cb7ded309fa67f4d415a"},"description":"Dzisiejszy dzie\u0144 - \u201eDzie\u0144 Pasowania na Przedszkolaka\", by\u0142 bardzo weso\u0142y - poniewa\u017c dzieci sta\u0142y si\u0119 ju\u017c pe\u0142noprawnymi przedszkolakami.\u00a0 Czas adaptacji","breadcrumb":{"@id":"https:\/\/www.zsk.olsztyn.pl\/przedszkole\/pasowanie-na-przedszkolaka-5\/#breadcrumb"},"inLanguage":"pl-PL","potentialAction":[{"@type":"ReadAction","target":["https:\/\/www.zsk.olsztyn.pl\/przedszkole\/pasowanie-na-przedszkolaka-5\/"]}]},{"@type":"BreadcrumbList","@id":"https:\/\/www.zsk.olsztyn.pl\/przedszkole\/pasowanie-na-przedszkolaka-5\/#breadcrumb","itemListElement":[{"@type":"ListItem","position":1,"name":"Strona g\u0142\u00f3wna","item":"https:\/\/www.zsk.olsztyn.pl\/przedszkole\/"},{"@type":"ListItem","position":2,"name":"PASOWANIE NA PRZEDSZKOLAKA"}]},{"@type":"Person","@id":"https:\/\/www.zsk.olsztyn.pl\/przedszkole\/#\/schema\/person\/d918f2da4f27cb7ded309fa67f4d415a","name":"admin","image":{"@type":"ImageObject","@id":"https:\/\/www.zsk.olsztyn.pl\/przedszkole\/#personlogo","inLanguage":"pl-PL","url":"https:\/\/secure.gravatar.com\/avatar\/4677eccc26cd593f3306dd9613f7e9c7?s=96&d=mm&r=g","contentUrl":"https:\/\/secure.gravatar.com\/avatar\/4677eccc26cd593f3306dd9613f7e9c7?s=96&d=mm&r=g","caption":"admin"},"url":"https:\/\/www.zsk.olsztyn.pl\/przedszkole\/author\/admin\/"}]}},"_links":{"self":[{"href":"https:\/\/www.zsk.olsztyn.pl\/przedszkole\/wp-json\/wp\/v2\/posts\/10841"}],"collection":[{"href":"https:\/\/www.zsk.olsztyn.pl\/przedszkole\/wp-json\/wp\/v2\/posts"}],"about":[{"href":"https:\/\/www.zsk.olsztyn.pl\/przedszkole\/wp-json\/wp\/v2\/types\/post"}],"author":[{"embeddable":true,"href":"https:\/\/www.zsk.olsztyn.pl\/przedszkole\/wp-json\/wp\/v2\/users\/1"}],"replies":[{"embeddable":true,"href":"https:\/\/www.zsk.olsztyn.pl\/przedszkole\/wp-json\/wp\/v2\/comments?post=10841"}],"version-history":[{"count":4,"href":"https:\/\/www.zsk.olsztyn.pl\/przedszkole\/wp-json\/wp\/v2\/posts\/10841\/revisions"}],"predecessor-version":[{"id":10886,"href":"https:\/\/www.zsk.olsztyn.pl\/przedszkole\/wp-json\/wp\/v2\/posts\/10841\/revisions\/10886"}],"wp:featuredmedia":[{"embeddable":true,"href":"https:\/\/www.zsk.olsztyn.pl\/przedszkole\/wp-json\/wp\/v2\/media\/10857"}],"wp:attachment":[{"href":"https:\/\/www.zsk.olsztyn.pl\/przedszkole\/wp-json\/wp\/v2\/media?parent=10841"}],"wp:term":[{"taxonomy":"category","embeddable":true,"href":"https:\/\/www.zsk.olsztyn.pl\/przedszkole\/wp-json\/wp\/v2\/categories?post=10841"},{"taxonomy":"post_tag","embeddable":true,"href":"https:\/\/www.zsk.olsztyn.pl\/przedszkole\/wp-json\/wp\/v2\/tags?post=10841"}],"curies":[{"name":"wp","href":"https:\/\/api.w.org\/{rel}","templated":true}]}}