{"id":10753,"date":"2020-11-05T11:43:26","date_gmt":"2020-11-05T09:43:26","guid":{"rendered":"http:\/\/www.zsk.olsztyn.pl\/przedszkole\/?p=10753"},"modified":"2022-08-22T02:09:49","modified_gmt":"2022-08-22T00:09:49","slug":"bajkowy-dzien-3-latki","status":"publish","type":"post","link":"https:\/\/www.zsk.olsztyn.pl\/przedszkole\/bajkowy-dzien-3-latki\/","title":{"rendered":"BAJKOWY DZIE\u0143- 3 latki"},"content":{"rendered":"<h4><span style=\"color: #008000;\">To w\u0142a\u015bnie ksi\u0105\u017cka rozwija dzieci\u0119ca fantazj\u0119, pami\u0119\u0107 ,wzbogaca s\u0142ownictwo. Ksi\u0105\u017cki z bajkami rozweselaj\u0105, bawi\u0105 a tak\u017ce przekazuj\u0105 wa\u017cne prawdy \u017cyciowe. Bajkowe postacie sprawiaj\u0105, \u017ce \u015bwiat dziecka staje si\u0119 radosny i kolorowy. Dzieci z grupy trzylatk\u00f3w wyruszy\u0142y w podr\u00f3\u017c do krainy bajek. Dzieci rozwi\u0105zywa\u0142y zagadki dotycz\u0105ce bajkowych postaci, trafnie segregowa\u0142y bajkowe rekwizyty, oraz uk\u0142ada\u0142y bajkowe puzzle. Na chwile mog\u0142y si\u0119 zmieni\u0107 w Kopciuszka oraz Czerwonego Kapturka. Dzisiejszy dzie\u0144 by\u0142 doskona\u0142\u0105 okazj\u0105 do \u015bwietnej zabawy i rozwijania zainteresowa\u0144 czytelniczych, sprawi\u0142 dzieciom wiele rado\u015bci.<\/span><\/h4>\n<div id='gallery-1' class='gallery galleryid-10753 gallery-columns-2 gallery-size-medium'><figure class='gallery-item'>\n\t\t\t<div class='gallery-icon portrait'>\n\t\t\t\t<a href='https:\/\/www.zsk.olsztyn.pl\/przedszkole\/wp-content\/uploads\/2020\/11\/IMG_20201105_093549911-e1604569083954.jpg'><img width=\"225\" height=\"300\" src=\"https:\/\/www.zsk.olsztyn.pl\/przedszkole\/wp-content\/uploads\/2020\/11\/IMG_20201105_093549911-e1604569083954-225x300.jpg\" class=\"attachment-medium size-medium\" alt=\"\" loading=\"lazy\" srcset=\"https:\/\/www.zsk.olsztyn.pl\/przedszkole\/wp-content\/uploads\/2020\/11\/IMG_20201105_093549911-e1604569083954-225x300.jpg 225w, https:\/\/www.zsk.olsztyn.pl\/przedszkole\/wp-content\/uploads\/2020\/11\/IMG_20201105_093549911-e1604569083954-768x1024.jpg 768w\" sizes=\"(max-width: 225px) 100vw, 225px\" \/><\/a>\n\t\t\t<\/div><\/figure><figure class='gallery-item'>\n\t\t\t<div class='gallery-icon portrait'>\n\t\t\t\t<a href='https:\/\/www.zsk.olsztyn.pl\/przedszkole\/wp-content\/uploads\/2020\/11\/IMG_20201105_092449486-e1604569025474.jpg'><img width=\"225\" height=\"300\" src=\"https:\/\/www.zsk.olsztyn.pl\/przedszkole\/wp-content\/uploads\/2020\/11\/IMG_20201105_092449486-e1604569025474-225x300.jpg\" class=\"attachment-medium size-medium\" alt=\"\" loading=\"lazy\" srcset=\"https:\/\/www.zsk.olsztyn.pl\/przedszkole\/wp-content\/uploads\/2020\/11\/IMG_20201105_092449486-e1604569025474-225x300.jpg 225w, https:\/\/www.zsk.olsztyn.pl\/przedszkole\/wp-content\/uploads\/2020\/11\/IMG_20201105_092449486-e1604569025474-768x1024.jpg 768w\" sizes=\"(max-width: 225px) 100vw, 225px\" \/><\/a>\n\t\t\t<\/div><\/figure><figure class='gallery-item'>\n\t\t\t<div class='gallery-icon portrait'>\n\t\t\t\t<a href='https:\/\/www.zsk.olsztyn.pl\/przedszkole\/wp-content\/uploads\/2020\/11\/IMG_20201105_091912047-e1604569219681.jpg'><img width=\"225\" height=\"300\" src=\"https:\/\/www.zsk.olsztyn.pl\/przedszkole\/wp-content\/uploads\/2020\/11\/IMG_20201105_091912047-e1604569219681-225x300.jpg\" class=\"attachment-medium size-medium\" alt=\"\" loading=\"lazy\" srcset=\"https:\/\/www.zsk.olsztyn.pl\/przedszkole\/wp-content\/uploads\/2020\/11\/IMG_20201105_091912047-e1604569219681-225x300.jpg 225w, https:\/\/www.zsk.olsztyn.pl\/przedszkole\/wp-content\/uploads\/2020\/11\/IMG_20201105_091912047-e1604569219681-768x1024.jpg 768w\" sizes=\"(max-width: 225px) 100vw, 225px\" \/><\/a>\n\t\t\t<\/div><\/figure><figure class='gallery-item'>\n\t\t\t<div class='gallery-icon portrait'>\n\t\t\t\t<a href='https:\/\/www.zsk.olsztyn.pl\/przedszkole\/wp-content\/uploads\/2020\/11\/IMG_20201105_091815687-e1604568961554.jpg'><img width=\"225\" height=\"300\" src=\"https:\/\/www.zsk.olsztyn.pl\/przedszkole\/wp-content\/uploads\/2020\/11\/IMG_20201105_091815687-e1604568961554-225x300.jpg\" class=\"attachment-medium size-medium\" alt=\"\" loading=\"lazy\" srcset=\"https:\/\/www.zsk.olsztyn.pl\/przedszkole\/wp-content\/uploads\/2020\/11\/IMG_20201105_091815687-e1604568961554-225x300.jpg 225w, https:\/\/www.zsk.olsztyn.pl\/przedszkole\/wp-content\/uploads\/2020\/11\/IMG_20201105_091815687-e1604568961554-768x1024.jpg 768w\" sizes=\"(max-width: 225px) 100vw, 225px\" \/><\/a>\n\t\t\t<\/div><\/figure><figure class='gallery-item'>\n\t\t\t<div class='gallery-icon portrait'>\n\t\t\t\t<a href='https:\/\/www.zsk.olsztyn.pl\/przedszkole\/wp-content\/uploads\/2020\/11\/IMG_20201105_090913844_MP-e1604568949611.jpg'><img width=\"225\" height=\"300\" src=\"https:\/\/www.zsk.olsztyn.pl\/przedszkole\/wp-content\/uploads\/2020\/11\/IMG_20201105_090913844_MP-e1604568949611-225x300.jpg\" class=\"attachment-medium size-medium\" alt=\"\" loading=\"lazy\" srcset=\"https:\/\/www.zsk.olsztyn.pl\/przedszkole\/wp-content\/uploads\/2020\/11\/IMG_20201105_090913844_MP-e1604568949611-225x300.jpg 225w, https:\/\/www.zsk.olsztyn.pl\/przedszkole\/wp-content\/uploads\/2020\/11\/IMG_20201105_090913844_MP-e1604568949611-768x1024.jpg 768w\" sizes=\"(max-width: 225px) 100vw, 225px\" \/><\/a>\n\t\t\t<\/div><\/figure><figure class='gallery-item'>\n\t\t\t<div class='gallery-icon portrait'>\n\t\t\t\t<a href='https:\/\/www.zsk.olsztyn.pl\/przedszkole\/wp-content\/uploads\/2020\/11\/IMG_20201105_090644459-e1604568933946.jpg'><img width=\"225\" height=\"300\" src=\"https:\/\/www.zsk.olsztyn.pl\/przedszkole\/wp-content\/uploads\/2020\/11\/IMG_20201105_090644459-e1604568933946-225x300.jpg\" class=\"attachment-medium size-medium\" alt=\"\" loading=\"lazy\" srcset=\"https:\/\/www.zsk.olsztyn.pl\/przedszkole\/wp-content\/uploads\/2020\/11\/IMG_20201105_090644459-e1604568933946-225x300.jpg 225w, https:\/\/www.zsk.olsztyn.pl\/przedszkole\/wp-content\/uploads\/2020\/11\/IMG_20201105_090644459-e1604568933946-768x1024.jpg 768w\" sizes=\"(max-width: 225px) 100vw, 225px\" \/><\/a>\n\t\t\t<\/div><\/figure><figure class='gallery-item'>\n\t\t\t<div class='gallery-icon portrait'>\n\t\t\t\t<a href='https:\/\/www.zsk.olsztyn.pl\/przedszkole\/wp-content\/uploads\/2020\/11\/IMG_20201105_085836842-e1604568917748.jpg'><img width=\"225\" height=\"300\" src=\"https:\/\/www.zsk.olsztyn.pl\/przedszkole\/wp-content\/uploads\/2020\/11\/IMG_20201105_085836842-e1604568917748-225x300.jpg\" class=\"attachment-medium size-medium\" alt=\"\" loading=\"lazy\" srcset=\"https:\/\/www.zsk.olsztyn.pl\/przedszkole\/wp-content\/uploads\/2020\/11\/IMG_20201105_085836842-e1604568917748-225x300.jpg 225w, https:\/\/www.zsk.olsztyn.pl\/przedszkole\/wp-content\/uploads\/2020\/11\/IMG_20201105_085836842-e1604568917748-768x1024.jpg 768w\" sizes=\"(max-width: 225px) 100vw, 225px\" \/><\/a>\n\t\t\t<\/div><\/figure><figure class='gallery-item'>\n\t\t\t<div class='gallery-icon portrait'>\n\t\t\t\t<a href='https:\/\/www.zsk.olsztyn.pl\/przedszkole\/wp-content\/uploads\/2020\/11\/IMG_20201105_085753574-e1604568905642.jpg'><img width=\"225\" height=\"300\" src=\"https:\/\/www.zsk.olsztyn.pl\/przedszkole\/wp-content\/uploads\/2020\/11\/IMG_20201105_085753574-e1604568905642-225x300.jpg\" class=\"attachment-medium size-medium\" alt=\"\" loading=\"lazy\" srcset=\"https:\/\/www.zsk.olsztyn.pl\/przedszkole\/wp-content\/uploads\/2020\/11\/IMG_20201105_085753574-e1604568905642-225x300.jpg 225w, https:\/\/www.zsk.olsztyn.pl\/przedszkole\/wp-content\/uploads\/2020\/11\/IMG_20201105_085753574-e1604568905642-768x1024.jpg 768w\" sizes=\"(max-width: 225px) 100vw, 225px\" \/><\/a>\n\t\t\t<\/div><\/figure><figure class='gallery-item'>\n\t\t\t<div class='gallery-icon portrait'>\n\t\t\t\t<a href='https:\/\/www.zsk.olsztyn.pl\/przedszkole\/wp-content\/uploads\/2020\/11\/IMG_20201105_085656521_MP-e1604568890403.jpg'><img width=\"225\" height=\"300\" src=\"https:\/\/www.zsk.olsztyn.pl\/przedszkole\/wp-content\/uploads\/2020\/11\/IMG_20201105_085656521_MP-e1604568890403-225x300.jpg\" class=\"attachment-medium size-medium\" alt=\"\" loading=\"lazy\" srcset=\"https:\/\/www.zsk.olsztyn.pl\/przedszkole\/wp-content\/uploads\/2020\/11\/IMG_20201105_085656521_MP-e1604568890403-225x300.jpg 225w, https:\/\/www.zsk.olsztyn.pl\/przedszkole\/wp-content\/uploads\/2020\/11\/IMG_20201105_085656521_MP-e1604568890403-768x1024.jpg 768w\" sizes=\"(max-width: 225px) 100vw, 225px\" \/><\/a>\n\t\t\t<\/div><\/figure>\n\t\t<\/div>\n\n<h4><span style=\"color: #008000;\">\u00a0<\/span><\/h4>\n<div><\/div>\n","protected":false},"excerpt":{"rendered":"<p>To w\u0142a\u015bnie ksi\u0105\u017cka rozwija dzieci\u0119ca fantazj\u0119, pami\u0119\u0107 ,wzbogaca s\u0142ownictwo. Ksi\u0105\u017cki z bajkami rozweselaj\u0105, bawi\u0105 a tak\u017ce przekazuj\u0105 wa\u017cne prawdy \u017cyciowe. Bajkowe postacie sprawiaj\u0105, \u017ce \u015bwiat dziecka staje si\u0119 radosny i kolorowy. Dzieci z grupy trzylatk\u00f3w wyruszy\u0142y w podr\u00f3\u017c do krainy bajek. Dzieci rozwi\u0105zywa\u0142y zagadki dotycz\u0105ce bajkowych postaci, trafnie segregowa\u0142y bajkowe rekwizyty, oraz uk\u0142ada\u0142y bajkowe puzzle.<\/p>\n","protected":false},"author":1,"featured_media":10769,"comment_status":"open","ping_status":"open","sticky":false,"template":"","format":"standard","meta":[],"categories":[227,4],"tags":[],"yoast_head":"<!-- This site is optimized with the Yoast SEO plugin v18.2 - https:\/\/yoast.com\/wordpress\/plugins\/seo\/ -->\n<title>BAJKOWY DZIE\u0143- 3 latki - Katolicki Zesp\u00f3\u0142 Edukacyjny - Niepubliczne przedszkole<\/title>\n<meta name=\"description\" content=\"To w\u0142a\u015bnie ksi\u0105\u017cka rozwija dzieci\u0119ca fantazj\u0119, pami\u0119\u0107 ,wzbogaca s\u0142ownictwo. Ksi\u0105\u017cki z bajkami rozweselaj\u0105, bawi\u0105 a tak\u017ce przekazuj\u0105 wa\u017cne prawdy \u017cyciowe.\" \/>\n<meta name=\"robots\" content=\"index, follow, max-snippet:-1, max-image-preview:large, max-video-preview:-1\" \/>\n<link rel=\"canonical\" href=\"https:\/\/www.zsk.olsztyn.pl\/przedszkole\/bajkowy-dzien-3-latki\/\" \/>\n<meta name=\"twitter:label1\" content=\"Napisane przez\" \/>\n\t<meta name=\"twitter:data1\" content=\"admin\" \/>\n\t<meta name=\"twitter:label2\" content=\"Szacowany czas czytania\" \/>\n\t<meta name=\"twitter:data2\" content=\"1 minuta\" \/>\n<script type=\"application\/ld+json\" class=\"yoast-schema-graph\">{\"@context\":\"https:\/\/schema.org\",\"@graph\":[{\"@type\":\"WebSite\",\"@id\":\"https:\/\/www.zsk.olsztyn.pl\/przedszkole\/#website\",\"url\":\"https:\/\/www.zsk.olsztyn.pl\/przedszkole\/\",\"name\":\"Katolicki Zesp\u00f3\u0142 Edukacyjny - Niepubliczne przedszkole\",\"description\":\"Zapraszamy na stron\u0119 katolickiego niepublicznego przedszkola\",\"potentialAction\":[{\"@type\":\"SearchAction\",\"target\":{\"@type\":\"EntryPoint\",\"urlTemplate\":\"https:\/\/www.zsk.olsztyn.pl\/przedszkole\/?s={search_term_string}\"},\"query-input\":\"required name=search_term_string\"}],\"inLanguage\":\"pl-PL\"},{\"@type\":\"ImageObject\",\"@id\":\"https:\/\/www.zsk.olsztyn.pl\/przedszkole\/bajkowy-dzien-3-latki\/#primaryimage\",\"inLanguage\":\"pl-PL\",\"url\":\"https:\/\/www.zsk.olsztyn.pl\/przedszkole\/wp-content\/uploads\/2020\/11\/dzie\u0144-postaci-z-bajek-page-001-e1604569319983.jpg\",\"contentUrl\":\"https:\/\/www.zsk.olsztyn.pl\/przedszkole\/wp-content\/uploads\/2020\/11\/dzie\u0144-postaci-z-bajek-page-001-e1604569319983.jpg\",\"width\":160,\"height\":113},{\"@type\":\"WebPage\",\"@id\":\"https:\/\/www.zsk.olsztyn.pl\/przedszkole\/bajkowy-dzien-3-latki\/#webpage\",\"url\":\"https:\/\/www.zsk.olsztyn.pl\/przedszkole\/bajkowy-dzien-3-latki\/\",\"name\":\"BAJKOWY DZIE\u0143- 3 latki - Katolicki Zesp\u00f3\u0142 Edukacyjny - Niepubliczne przedszkole\",\"isPartOf\":{\"@id\":\"https:\/\/www.zsk.olsztyn.pl\/przedszkole\/#website\"},\"primaryImageOfPage\":{\"@id\":\"https:\/\/www.zsk.olsztyn.pl\/przedszkole\/bajkowy-dzien-3-latki\/#primaryimage\"},\"datePublished\":\"2020-11-05T09:43:26+00:00\",\"dateModified\":\"2022-08-22T00:09:49+00:00\",\"author\":{\"@id\":\"https:\/\/www.zsk.olsztyn.pl\/przedszkole\/#\/schema\/person\/d918f2da4f27cb7ded309fa67f4d415a\"},\"description\":\"To w\u0142a\u015bnie ksi\u0105\u017cka rozwija dzieci\u0119ca fantazj\u0119, pami\u0119\u0107 ,wzbogaca s\u0142ownictwo. Ksi\u0105\u017cki z bajkami rozweselaj\u0105, bawi\u0105 a tak\u017ce przekazuj\u0105 wa\u017cne prawdy \u017cyciowe.\",\"breadcrumb\":{\"@id\":\"https:\/\/www.zsk.olsztyn.pl\/przedszkole\/bajkowy-dzien-3-latki\/#breadcrumb\"},\"inLanguage\":\"pl-PL\",\"potentialAction\":[{\"@type\":\"ReadAction\",\"target\":[\"https:\/\/www.zsk.olsztyn.pl\/przedszkole\/bajkowy-dzien-3-latki\/\"]}]},{\"@type\":\"BreadcrumbList\",\"@id\":\"https:\/\/www.zsk.olsztyn.pl\/przedszkole\/bajkowy-dzien-3-latki\/#breadcrumb\",\"itemListElement\":[{\"@type\":\"ListItem\",\"position\":1,\"name\":\"Strona g\u0142\u00f3wna\",\"item\":\"https:\/\/www.zsk.olsztyn.pl\/przedszkole\/\"},{\"@type\":\"ListItem\",\"position\":2,\"name\":\"BAJKOWY DZIE\u0143- 3 latki\"}]},{\"@type\":\"Person\",\"@id\":\"https:\/\/www.zsk.olsztyn.pl\/przedszkole\/#\/schema\/person\/d918f2da4f27cb7ded309fa67f4d415a\",\"name\":\"admin\",\"image\":{\"@type\":\"ImageObject\",\"@id\":\"https:\/\/www.zsk.olsztyn.pl\/przedszkole\/#personlogo\",\"inLanguage\":\"pl-PL\",\"url\":\"https:\/\/secure.gravatar.com\/avatar\/4677eccc26cd593f3306dd9613f7e9c7?s=96&d=mm&r=g\",\"contentUrl\":\"https:\/\/secure.gravatar.com\/avatar\/4677eccc26cd593f3306dd9613f7e9c7?s=96&d=mm&r=g\",\"caption\":\"admin\"},\"url\":\"https:\/\/www.zsk.olsztyn.pl\/przedszkole\/author\/admin\/\"}]}<\/script>\n<!-- \/ Yoast SEO plugin. -->","yoast_head_json":{"title":"BAJKOWY DZIE\u0143- 3 latki - Katolicki Zesp\u00f3\u0142 Edukacyjny - Niepubliczne przedszkole","description":"To w\u0142a\u015bnie ksi\u0105\u017cka rozwija dzieci\u0119ca fantazj\u0119, pami\u0119\u0107 ,wzbogaca s\u0142ownictwo. Ksi\u0105\u017cki z bajkami rozweselaj\u0105, bawi\u0105 a tak\u017ce przekazuj\u0105 wa\u017cne prawdy \u017cyciowe.","robots":{"index":"index","follow":"follow","max-snippet":"max-snippet:-1","max-image-preview":"max-image-preview:large","max-video-preview":"max-video-preview:-1"},"canonical":"https:\/\/www.zsk.olsztyn.pl\/przedszkole\/bajkowy-dzien-3-latki\/","twitter_misc":{"Napisane przez":"admin","Szacowany czas czytania":"1 minuta"},"schema":{"@context":"https:\/\/schema.org","@graph":[{"@type":"WebSite","@id":"https:\/\/www.zsk.olsztyn.pl\/przedszkole\/#website","url":"https:\/\/www.zsk.olsztyn.pl\/przedszkole\/","name":"Katolicki Zesp\u00f3\u0142 Edukacyjny - Niepubliczne przedszkole","description":"Zapraszamy na stron\u0119 katolickiego niepublicznego przedszkola","potentialAction":[{"@type":"SearchAction","target":{"@type":"EntryPoint","urlTemplate":"https:\/\/www.zsk.olsztyn.pl\/przedszkole\/?s={search_term_string}"},"query-input":"required name=search_term_string"}],"inLanguage":"pl-PL"},{"@type":"ImageObject","@id":"https:\/\/www.zsk.olsztyn.pl\/przedszkole\/bajkowy-dzien-3-latki\/#primaryimage","inLanguage":"pl-PL","url":"https:\/\/www.zsk.olsztyn.pl\/przedszkole\/wp-content\/uploads\/2020\/11\/dzie\u0144-postaci-z-bajek-page-001-e1604569319983.jpg","contentUrl":"https:\/\/www.zsk.olsztyn.pl\/przedszkole\/wp-content\/uploads\/2020\/11\/dzie\u0144-postaci-z-bajek-page-001-e1604569319983.jpg","width":160,"height":113},{"@type":"WebPage","@id":"https:\/\/www.zsk.olsztyn.pl\/przedszkole\/bajkowy-dzien-3-latki\/#webpage","url":"https:\/\/www.zsk.olsztyn.pl\/przedszkole\/bajkowy-dzien-3-latki\/","name":"BAJKOWY DZIE\u0143- 3 latki - Katolicki Zesp\u00f3\u0142 Edukacyjny - Niepubliczne przedszkole","isPartOf":{"@id":"https:\/\/www.zsk.olsztyn.pl\/przedszkole\/#website"},"primaryImageOfPage":{"@id":"https:\/\/www.zsk.olsztyn.pl\/przedszkole\/bajkowy-dzien-3-latki\/#primaryimage"},"datePublished":"2020-11-05T09:43:26+00:00","dateModified":"2022-08-22T00:09:49+00:00","author":{"@id":"https:\/\/www.zsk.olsztyn.pl\/przedszkole\/#\/schema\/person\/d918f2da4f27cb7ded309fa67f4d415a"},"description":"To w\u0142a\u015bnie ksi\u0105\u017cka rozwija dzieci\u0119ca fantazj\u0119, pami\u0119\u0107 ,wzbogaca s\u0142ownictwo. Ksi\u0105\u017cki z bajkami rozweselaj\u0105, bawi\u0105 a tak\u017ce przekazuj\u0105 wa\u017cne prawdy \u017cyciowe.","breadcrumb":{"@id":"https:\/\/www.zsk.olsztyn.pl\/przedszkole\/bajkowy-dzien-3-latki\/#breadcrumb"},"inLanguage":"pl-PL","potentialAction":[{"@type":"ReadAction","target":["https:\/\/www.zsk.olsztyn.pl\/przedszkole\/bajkowy-dzien-3-latki\/"]}]},{"@type":"BreadcrumbList","@id":"https:\/\/www.zsk.olsztyn.pl\/przedszkole\/bajkowy-dzien-3-latki\/#breadcrumb","itemListElement":[{"@type":"ListItem","position":1,"name":"Strona g\u0142\u00f3wna","item":"https:\/\/www.zsk.olsztyn.pl\/przedszkole\/"},{"@type":"ListItem","position":2,"name":"BAJKOWY DZIE\u0143- 3 latki"}]},{"@type":"Person","@id":"https:\/\/www.zsk.olsztyn.pl\/przedszkole\/#\/schema\/person\/d918f2da4f27cb7ded309fa67f4d415a","name":"admin","image":{"@type":"ImageObject","@id":"https:\/\/www.zsk.olsztyn.pl\/przedszkole\/#personlogo","inLanguage":"pl-PL","url":"https:\/\/secure.gravatar.com\/avatar\/4677eccc26cd593f3306dd9613f7e9c7?s=96&d=mm&r=g","contentUrl":"https:\/\/secure.gravatar.com\/avatar\/4677eccc26cd593f3306dd9613f7e9c7?s=96&d=mm&r=g","caption":"admin"},"url":"https:\/\/www.zsk.olsztyn.pl\/przedszkole\/author\/admin\/"}]}},"_links":{"self":[{"href":"https:\/\/www.zsk.olsztyn.pl\/przedszkole\/wp-json\/wp\/v2\/posts\/10753"}],"collection":[{"href":"https:\/\/www.zsk.olsztyn.pl\/przedszkole\/wp-json\/wp\/v2\/posts"}],"about":[{"href":"https:\/\/www.zsk.olsztyn.pl\/przedszkole\/wp-json\/wp\/v2\/types\/post"}],"author":[{"embeddable":true,"href":"https:\/\/www.zsk.olsztyn.pl\/przedszkole\/wp-json\/wp\/v2\/users\/1"}],"replies":[{"embeddable":true,"href":"https:\/\/www.zsk.olsztyn.pl\/przedszkole\/wp-json\/wp\/v2\/comments?post=10753"}],"version-history":[{"count":1,"href":"https:\/\/www.zsk.olsztyn.pl\/przedszkole\/wp-json\/wp\/v2\/posts\/10753\/revisions"}],"predecessor-version":[{"id":10770,"href":"https:\/\/www.zsk.olsztyn.pl\/przedszkole\/wp-json\/wp\/v2\/posts\/10753\/revisions\/10770"}],"wp:featuredmedia":[{"embeddable":true,"href":"https:\/\/www.zsk.olsztyn.pl\/przedszkole\/wp-json\/wp\/v2\/media\/10769"}],"wp:attachment":[{"href":"https:\/\/www.zsk.olsztyn.pl\/przedszkole\/wp-json\/wp\/v2\/media?parent=10753"}],"wp:term":[{"taxonomy":"category","embeddable":true,"href":"https:\/\/www.zsk.olsztyn.pl\/przedszkole\/wp-json\/wp\/v2\/categories?post=10753"},{"taxonomy":"post_tag","embeddable":true,"href":"https:\/\/www.zsk.olsztyn.pl\/przedszkole\/wp-json\/wp\/v2\/tags?post=10753"}],"curies":[{"name":"wp","href":"https:\/\/api.w.org\/{rel}","templated":true}]}}